{"id":13703,"date":"2021-10-18T11:52:16","date_gmt":"2021-10-18T07:52:16","guid":{"rendered":"https:\/\/infonews.az\/?p=13703"},"modified":"2021-10-18T12:18:43","modified_gmt":"2021-10-18T08:18:43","slug":"must%c9%99qilliyimiz-%c9%99b%c9%99didir-donm%c9%99zdir-sarsilmazdir","status":"publish","type":"post","link":"https:\/\/infonews.az\/?p=13703","title":{"rendered":"&#8220;M\u00fcst\u0259qilliyimiz \u0259b\u0259didir, d\u00f6nm\u0259zdir, sars\u0131lmazd\u0131r!&#8221;"},"content":{"rendered":"<p><span style=\"color: #ffffff;\">&#8220;M\u00fcst\u0259qilliyimiz \u0259b\u0259didir, d\u00f6nm\u0259zdir, sars\u0131lmazd\u0131r!&#8221;<\/span><\/p>\n<blockquote><p><b>Az\u0259rbaycan Respublikas\u0131n\u0131n Prezidenti \u0130lham \u018fliyev M\u00fcst\u0259qilliyin b\u0259rpas\u0131n\u0131n 30-cu ild\u00f6n\u00fcm\u00fc m\u00fcnasib\u0259til\u0259 Az\u0259rbaycan xalq\u0131na m\u00fcraci\u0259t edib.<\/b><\/p><\/blockquote>\n<p>M\u00fcraci\u0259tin m\u0259tnini t\u0259qdim edirik:<\/p>\n<p>&#8220;<strong>\u018fziz h\u0259mv\u0259t\u0259nl\u0259r!<\/strong><\/p>\n<p>Sizi xalq\u0131m\u0131z\u0131n d\u00f6vl\u0259t\u00e7ilik \u0259n\u0259n\u0259l\u0259rinin yenid\u0259n dir\u00e7\u0259ldilm\u0259sinin \u2013 m\u00fcst\u0259qilliyimizin b\u0259rpa edilm\u0259sinin 30-cu ild\u00f6n\u00fcm\u00fc m\u00fcnasib\u0259til\u0259 \u00fcr\u0259kd\u0259n t\u0259brik edir\u0259m.<\/p>\n<p>1991-ci il oktyabr\u0131n 18-d\u0259 Az\u0259rbaycan XX \u0259srd\u0259 ikinci d\u0259f\u0259 m\u00fcst\u0259qilliy\u0259 qovu\u015fmaq imkan\u0131 qazanm\u0131\u015f, \u201cAz\u0259rbaycan Respublikas\u0131n\u0131n d\u00f6vl\u0259t m\u00fcst\u0259qilliyi haqq\u0131nda\u201d Konstitusiya Akt\u0131 il\u0259 \u00f6z\u00fcn\u00fcn Az\u0259rbaycan Xalq C\u00fcmhuriyy\u0259tinin varisi oldu\u011funu d\u00fcnyaya b\u0259yan etmi\u015fdir.<\/p>\n<p>Az\u0259rbaycan m\u00fcst\u0259qilliyinin ilk ill\u0259rind\u0259 \u00e7oxsayl\u0131 t\u0259hl\u00fck\u0259l\u0259rl\u0259 \u00fczl\u0259\u015fmi\u015f, a\u011f\u0131r s\u0131naqlardan ke\u00e7mi\u015fdir. Daxili \u00e7\u0259ki\u015fm\u0259l\u0259r, d\u00f6vl\u0259t idar\u0259\u00e7iliyind\u0259ki \u00f6zba\u015f\u0131nal\u0131q v\u0259 s\u0259ri\u015ft\u0259sizlik, a\u011f\u0131r siyasi v\u0259 iqtisadi b\u00f6hran \u00f6lk\u0259ni v\u0259t\u0259nda\u015f m\u00fcharib\u0259si astanas\u0131na g\u0259tirmi\u015f, onun g\u0259l\u0259c\u0259k taleyini sual alt\u0131na qoymu\u015fdu. M\u0259hz bu \u015f\u0259raitd\u0259 Az\u0259rbaycan torpaqlar\u0131 Erm\u0259nistan silahl\u0131 q\u00fcvv\u0259l\u0259ri t\u0259r\u0259find\u0259n i\u015f\u011fala m\u0259ruz qalm\u0131\u015f, y\u00fcz minl\u0259rl\u0259 soyda\u015f\u0131m\u0131z \u00f6z d\u0259d\u0259-baba yurdlar\u0131ndan did\u0259rgin d\u00fc\u015fm\u00fc\u015fd\u00fcr. Ba\u015f ver\u0259nl\u0259r bir daha g\u00f6st\u0259rmi\u015fdir ki, h\u0259qiqi m\u00fcst\u0259qilliyi qoruyub saxlamaq onu \u0259ld\u0259 etm\u0259kd\u0259n qat-qat \u00e7\u0259tindir.<\/p>\n<p>Az\u0259rbaycan tarixinin bu a\u011f\u0131r d\u00f6n\u0259mind\u0259 ulu \u00f6nd\u0259r Heyd\u0259r \u018fliyev xalq\u0131n t\u0259l\u0259bi il\u0259 hakimiyy\u0259t\u0259 qay\u0131td\u0131. Yaln\u0131z bundan sonra m\u00fcst\u0259qilliyin yenid\u0259n itirilm\u0259si t\u0259hl\u00fck\u0259sinin qar\u015f\u0131s\u0131 al\u0131nd\u0131. Q\u0131sa m\u00fcdd\u0259td\u0259 \u00f6lk\u0259mizin m\u00fcst\u0259qil daxili v\u0259 xarici siyas\u0259t strategiyas\u0131n\u0131n t\u0259m\u0259l prinsipl\u0259ri m\u00fc\u0259yy\u0259n olundu, ictimai-siyasi sabitlik, d\u00f6vl\u0259t intizam\u0131 t\u0259min edildi, demokratik islahatlar\u0131n h\u0259yata ke\u00e7irilm\u0259sin\u0259 v\u0259 ordu quruculu\u011fu prosesin\u0259 ba\u015flan\u0131ld\u0131. Az\u0259rbaycan g\u0259l\u0259c\u0259k taleyi bax\u0131m\u0131ndan h\u0259lledici rola malik \u201c\u018fsrin m\u00fcqavil\u0259si\u201dnd\u0259 i\u015ftirak\u0131 il\u0259 d\u00fcnyan\u0131n enerji x\u0259rit\u0259sind\u0259 x\u00fcsusi m\u00f6vqe qazand\u0131, qlobal iqtisadi m\u00fchit\u0259 inteqrasiya prosesl\u0259rin\u0259 qo\u015fularaq g\u0259l\u0259c\u0259k m\u00fcv\u0259ff\u0259qiyy\u0259tl\u0259rin\u0259 yol a\u00e7an c\u0259sar\u0259tli add\u0131mlar atd\u0131.<\/p>\n<p>\u00d6lk\u0259miz bu g\u00fcn n\u0259h\u0259ng regional v\u0259 qlobal layih\u0259l\u0259rin t\u0259\u015f\u0259bb\u00fcskar\u0131 v\u0259 f\u0259al i\u015ftirak\u00e7\u0131s\u0131d\u0131r. Az\u0259rbaycan \u00f6z\u00fcn\u00fcn milli maraqlar\u0131 \u0259sas\u0131nda m\u00fcst\u0259qil xarici siyas\u0259t y\u00fcr\u00fcd\u00fcr v\u0259 d\u00fcnya miqyas\u0131nda etibarl\u0131 t\u0259r\u0259fda\u015f kimi tan\u0131n\u0131r. Son ill\u0259r \u0259rzind\u0259 iqtisadiyyat\u0131m\u0131z\u0131n h\u0259cmi \u00fc\u00e7 d\u0259f\u0259d\u0259n \u00e7ox artm\u0131\u015f, g\u00fccl\u00fc iqtisadi infrastruktur yarad\u0131lm\u0131\u015f, m\u0259d\u0259ni irsimizin qorunmas\u0131, inki\u015faf\u0131 v\u0259 t\u0259bli\u011find\u0259, t\u0259hsil, s\u0259hiyy\u0259 v\u0259 dig\u0259r sosial sah\u0259l\u0259rd\u0259 ciddi u\u011furlar \u0259ld\u0259 edilmi\u015f, insanlar\u0131m\u0131z\u0131n maddi rifah\u0131 \u0259h\u0259miyy\u0259tli d\u0259r\u0259c\u0259d\u0259 yax\u015f\u0131la\u015fm\u0131\u015fd\u0131r. Torpaqlar\u0131n\u0131n iyirmi faizinin 30 il\u0259 yax\u0131n i\u015f\u011fal alt\u0131nda qalmas\u0131na, bir milyondan art\u0131q qa\u00e7q\u0131n v\u0259 m\u0259cburi k\u00f6\u00e7k\u00fcn\u00fcn\u00fcn olmas\u0131na baxmayaraq, Az\u0259rbaycan m\u0259qs\u0259dl\u0259rin\u0259 do\u011fru daim inamla ir\u0259lil\u0259mi\u015f, \u00f6z h\u0259d\u0259fl\u0259rind\u0259n yay\u0131nmam\u0131\u015fd\u0131r.<\/p>\n<p>Uzun ill\u0259r \u0259rzind\u0259 Az\u0259rbaycan\u0131n h\u0259rt\u0259r\u0259fli inki\u015faf\u0131 \u00fc\u00e7\u00fcn r\u0259hb\u0259r tutulan strateji x\u0259ttin, \u00f6lk\u0259mizin daha da g\u00fccl\u0259nm\u0259si \u00fc\u00e7\u00fcn g\u00f6r\u00fcl\u0259n fasil\u0259siz i\u015fl\u0259rin m\u0259ntiqi n\u0259tic\u0259si is\u0259 tarixi \u0259dal\u0259tin b\u0259rq\u0259rar olmas\u0131 \u2013 V\u0259t\u0259nimizin \u0259razi b\u00fct\u00f6vl\u00fcy\u00fcn\u00fcn t\u0259min edilm\u0259si olmu\u015fdur. R\u0259\u015fad\u0259tli Ordumuz d\u00f6y\u00fc\u015f meydan\u0131nda h\u0259qiqi q\u0259hr\u0259manl\u0131q v\u0259 v\u0259t\u0259np\u0259rv\u0259rlik n\u00fcmayi\u015f etdir\u0259r\u0259k c\u0259mi 44 g\u00fcnd\u0259 torpaqlar\u0131m\u0131z\u0131 i\u015f\u011faldan qurtarm\u0131\u015fd\u0131r. Az\u0259rbaycan xalq\u0131n\u0131n apard\u0131\u011f\u0131 V\u0259t\u0259n m\u00fcharib\u0259si Erm\u0259nistan\u0131n kapitulyasiya akt\u0131n\u0131 imzalamas\u0131 il\u0259 n\u0259tic\u0259l\u0259nmi\u015fdir. Az\u0259rbaycan\u0131n V\u0259t\u0259n m\u00fcharib\u0259sind\u0259ki Z\u0259f\u0259ri regionumuzda yeni reall\u0131qlar yaratm\u0131\u015fd\u0131r. Tarixi Q\u0259l\u0259b\u0259miz h\u0259m \u00f6lk\u0259mizin, h\u0259m d\u0259 b\u00fct\u00f6vl\u00fckd\u0259 regionun inki\u015faf\u0131nda yeni d\u00f6vr\u00fcn ba\u015flan\u011f\u0131c\u0131d\u0131r.<\/p>\n<p>Biz\u0259 Z\u0259f\u0259r b\u0259x\u015f etmi\u015f b\u00fct\u00fcn igid o\u011fullar\u0131m\u0131za bir daha minn\u0259tdarl\u0131\u011f\u0131m\u0131z\u0131 bildirir, V\u0259t\u0259nimizin \u0259razi b\u00fct\u00f6vl\u00fcy\u00fc namin\u0259 canlar\u0131ndan ke\u00e7mi\u015f \u015f\u0259hidl\u0259rimizin \u0259ziz xatir\u0259sini ehtiramla yad edirik.<\/p>\n<p>H\u00f6rm\u0259tli h\u0259mv\u0259t\u0259nl\u0259r!<\/p>\n<p>M\u0259nim t\u0259\u015f\u0259bb\u00fcs\u00fcml\u0259 ir\u0259li s\u00fcr\u00fclm\u00fc\u015f qanun layih\u0259sinin q\u0259bul olunmas\u0131 il\u0259 bu ild\u0259n etibar\u0259n 18 oktyabr \u00f6lk\u0259mizd\u0259 M\u00fcst\u0259qilliyin B\u0259rpas\u0131 G\u00fcn\u00fc kimi qeyd edil\u0259c\u0259kdir. Bu g\u00fcn biz 30 illik m\u00fcst\u0259qillik tariximizd\u0259 ilk d\u0259f\u0259 olaraq m\u00fcst\u0259qilliyimizin b\u0259rpas\u0131n\u0131n ild\u00f6n\u00fcm\u00fcn\u00fc \u0259razi b\u00fct\u00f6vl\u00fcy\u00fcn\u00fc t\u0259min etmi\u015f qalib xalq kimi qar\u015f\u0131lay\u0131r\u0131q. Yax\u0131n tariximizin bu \u0259lam\u0259tdar hadis\u0259si m\u00fcnasib\u0259til\u0259 b\u00fct\u00fcn Az\u0259rbaycan xalq\u0131n\u0131 bir daha \u00fcr\u0259kd\u0259n t\u0259brik edir, \u0259n xo\u015f arzular\u0131m\u0131 yetirir\u0259m.<\/p>\n<p><strong>M\u00fcst\u0259qilliyimiz \u0259b\u0259didir, d\u00f6nm\u0259zdir, sars\u0131lmazd\u0131r!<\/strong>&#8220;.<\/p>\n","protected":false},"excerpt":{"rendered":"<p>&#8220;M\u00fcst\u0259qilliyimiz \u0259b\u0259didir, d\u00f6nm\u0259zdir, sars\u0131lmazd\u0131r!&#8221; Az\u0259rbaycan Respublikas\u0131n\u0131n Prezidenti \u0130lham \u018fliyev M\u00fcst\u0259qilliyin b\u0259rpas\u0131n\u0131n 30-cu ild\u00f6n\u00fcm\u00fc m\u00fcnasib\u0259til\u0259 Az\u0259rbaycan xalq\u0131na m\u00fcraci\u0259t edib. M\u00fcraci\u0259tin m\u0259tnini t\u0259qdim edirik: &#8220;\u018fziz h\u0259mv\u0259t\u0259nl\u0259r! Sizi xalq\u0131m\u0131z\u0131n d\u00f6vl\u0259t\u00e7ilik \u0259n\u0259n\u0259l\u0259rinin yenid\u0259n dir\u00e7\u0259ldilm\u0259sinin&hellip; <\/p>\n","protected":false},"author":14,"featured_media":13704,"comment_status":"open","ping_status":"open","sticky":false,"template":"","format":"standard","meta":{"_mi_skip_tracking":false,"_monsterinsights_sitenote_active":false,"_monsterinsights_sitenote_note":"","_monsterinsights_sitenote_category":0,"footnotes":""},"categories":[4,6,11],"tags":[5248,1008,15],"aioseo_notices":[],"_links":{"self":[{"href":"https:\/\/infonews.az\/index.php?rest_route=\/wp\/v2\/posts\/13703"}],"collection":[{"href":"https:\/\/infonews.az\/index.php?rest_route=\/wp\/v2\/posts"}],"about":[{"href":"https:\/\/infonews.az\/index.php?rest_route=\/wp\/v2\/types\/post"}],"author":[{"embeddable":true,"href":"https:\/\/infonews.az\/index.php?rest_route=\/wp\/v2\/users\/14"}],"replies":[{"embeddable":true,"href":"https:\/\/infonews.az\/index.php?rest_route=%2Fwp%2Fv2%2Fcomments&post=13703"}],"version-history":[{"count":1,"href":"https:\/\/infonews.az\/index.php?rest_route=\/wp\/v2\/posts\/13703\/revisions"}],"predecessor-version":[{"id":13705,"href":"https:\/\/infonews.az\/index.php?rest_route=\/wp\/v2\/posts\/13703\/revisions\/13705"}],"wp:featuredmedia":[{"embeddable":true,"href":"https:\/\/infonews.az\/index.php?rest_route=\/wp\/v2\/media\/13704"}],"wp:attachment":[{"href":"https:\/\/infonews.az\/index.php?rest_route=%2Fwp%2Fv2%2Fmedia&parent=13703"}],"wp:term":[{"taxonomy":"category","embeddable":true,"href":"https:\/\/infonews.az\/index.php?rest_route=%2Fwp%2Fv2%2Fcategories&post=13703"},{"taxonomy":"post_tag","embeddable":true,"href":"https:\/\/infonews.az\/index.php?rest_route=%2Fwp%2Fv2%2Ftags&post=13703"}],"curies":[{"name":"wp","href":"https:\/\/api.w.org\/{rel}","templated":true}]}}