{"id":13706,"date":"2021-10-18T11:10:32","date_gmt":"2021-10-18T07:10:32","guid":{"rendered":"https:\/\/infonews.az\/?p=13706"},"modified":"2021-10-18T12:28:41","modified_gmt":"2021-10-18T08:28:41","slug":"bu-gun-beyn%c9%99lxalq-m%c9%99hk%c9%99m%c9%99d%c9%99-az%c9%99rbaycanin-erm%c9%99nistana-qarsi-iddiasi-uzr%c9%99-dinl%c9%99m%c9%99-keciril%c9%99c%c9%99k","status":"publish","type":"post","link":"https:\/\/infonews.az\/?p=13706","title":{"rendered":"Bu g\u00fcn beyn\u0259lxalq m\u0259hk\u0259m\u0259d\u0259 Az\u0259rbaycan\u0131n Erm\u0259nistana qar\u015f\u0131 iddias\u0131 \u00fczr\u0259 dinl\u0259m\u0259 ke\u00e7iril\u0259c\u0259k"},"content":{"rendered":"<p class=\"content-title\"><span style=\"color: #ffffff;\">Bu g\u00fcn beyn\u0259lxalq m\u0259hk\u0259m\u0259d\u0259 Az\u0259rbaycan\u0131n Erm\u0259nistana qar\u015f\u0131 iddias\u0131 \u00fczr\u0259 dinl\u0259m\u0259 ke\u00e7iril\u0259c\u0259k<\/span><\/p>\n<p><a href=\"https:\/\/infonews.az\/?p=13706\"><strong><span style=\"color: #ff0000;\">&#8220;\u0130NFONEWS&#8221;<\/span> <\/strong><\/a>x\u0259b\u0259r verir.<\/p>\n<p><strong>Bu g\u00fcn Beyn\u0259lxalq \u018fdal\u0259t M\u0259hk\u0259m\u0259sind\u0259 Az\u0259rbaycan\u0131n \u201c\u0130rqi ayr\u0131-se\u00e7kiliyin b\u00fct\u00fcn formalar\u0131n\u0131n l\u0259\u011fv edilm\u0259si haqq\u0131nda\u201d Beyn\u0259lxalq Konvensiyan\u0131n pozulmas\u0131na g\u00f6r\u0259 Erm\u0259nistana qar\u015f\u0131 qald\u0131rd\u0131\u011f\u0131 iddias\u0131 il\u0259 ba\u011fl\u0131 dinl\u0259m\u0259l\u0259r ke\u00e7iril\u0259c\u0259k.<\/strong><\/p>\n<p>Az\u0259rbaycan Respublikas\u0131 Xarici \u0130\u015fl\u0259r Nazirliyinin M\u0259tbuat xidm\u0259ti idar\u0259sind\u0259n bildirilib ki, dinl\u0259m\u0259l\u0259r yerli vaxtla saat 12:00-da (Bak\u0131 vaxtil\u0259 saat 14:00) a\u015fa\u011f\u0131dak\u0131 s\u0259hif\u0259d\u0259n canl\u0131 yay\u0131mlanacaq.\u00a0<a href=\"https:\/\/media.un.org\/en\/asset\/k1s\/k1sldfbv85\" target=\"_blank\" rel=\"noopener\">https:\/\/media.un.org\/en\/asset\/k1s\/k1sldfbv85<\/a><\/p>\n","protected":false},"excerpt":{"rendered":"<p>Bu g\u00fcn beyn\u0259lxalq m\u0259hk\u0259m\u0259d\u0259 Az\u0259rbaycan\u0131n Erm\u0259nistana qar\u015f\u0131 iddias\u0131 \u00fczr\u0259 dinl\u0259m\u0259 ke\u00e7iril\u0259c\u0259k &#8220;\u0130NFONEWS&#8221; x\u0259b\u0259r verir. Bu g\u00fcn Beyn\u0259lxalq \u018fdal\u0259t M\u0259hk\u0259m\u0259sind\u0259 Az\u0259rbaycan\u0131n \u201c\u0130rqi ayr\u0131-se\u00e7kiliyin b\u00fct\u00fcn formalar\u0131n\u0131n l\u0259\u011fv edilm\u0259si haqq\u0131nda\u201d Beyn\u0259lxalq Konvensiyan\u0131n pozulmas\u0131na&hellip; <\/p>\n","protected":false},"author":14,"featured_media":13707,"comment_status":"open","ping_status":"open","sticky":false,"template":"","format":"standard","meta":{"_mi_skip_tracking":false,"_monsterinsights_sitenote_active":false,"_monsterinsights_sitenote_note":"","_monsterinsights_sitenote_category":0,"footnotes":""},"categories":[4,6,11],"tags":[5249,70,15],"aioseo_notices":[],"_links":{"self":[{"href":"https:\/\/infonews.az\/index.php?rest_route=\/wp\/v2\/posts\/13706"}],"collection":[{"href":"https:\/\/infonews.az\/index.php?rest_route=\/wp\/v2\/posts"}],"about":[{"href":"https:\/\/infonews.az\/index.php?rest_route=\/wp\/v2\/types\/post"}],"author":[{"embeddable":true,"href":"https:\/\/infonews.az\/index.php?rest_route=\/wp\/v2\/users\/14"}],"replies":[{"embeddable":true,"href":"https:\/\/infonews.az\/index.php?rest_route=%2Fwp%2Fv2%2Fcomments&post=13706"}],"version-history":[{"count":1,"href":"https:\/\/infonews.az\/index.php?rest_route=\/wp\/v2\/posts\/13706\/revisions"}],"predecessor-version":[{"id":13708,"href":"https:\/\/infonews.az\/index.php?rest_route=\/wp\/v2\/posts\/13706\/revisions\/13708"}],"wp:featuredmedia":[{"embeddable":true,"href":"https:\/\/infonews.az\/index.php?rest_route=\/wp\/v2\/media\/13707"}],"wp:attachment":[{"href":"https:\/\/infonews.az\/index.php?rest_route=%2Fwp%2Fv2%2Fmedia&parent=13706"}],"wp:term":[{"taxonomy":"category","embeddable":true,"href":"https:\/\/infonews.az\/index.php?rest_route=%2Fwp%2Fv2%2Fcategories&post=13706"},{"taxonomy":"post_tag","embeddable":true,"href":"https:\/\/infonews.az\/index.php?rest_route=%2Fwp%2Fv2%2Ftags&post=13706"}],"curies":[{"name":"wp","href":"https:\/\/api.w.org\/{rel}","templated":true}]}}