{"id":13709,"date":"2021-10-18T11:37:27","date_gmt":"2021-10-18T07:37:27","guid":{"rendered":"https:\/\/infonews.az\/?p=13709"},"modified":"2021-10-18T12:48:19","modified_gmt":"2021-10-18T08:48:19","slug":"t%c9%99l%c9%99b%c9%99l%c9%99rin-t%c9%99qaudu-artirilacaq","status":"publish","type":"post","link":"https:\/\/infonews.az\/?p=13709","title":{"rendered":"T\u0259l\u0259b\u0259l\u0259rin t\u0259qa\u00fcd\u00fc ARTIRILACAQ"},"content":{"rendered":"<p><span style=\"color: #ffffff;\"><strong>T\u0259l\u0259b\u0259l\u0259rin t\u0259qa\u00fcd\u00fc\u00a0ARTIRILACAQ<\/strong><\/span><\/p>\n<p><a href=\"https:\/\/infonews.az\/?p=13709\"><span style=\"color: #ff0000;\"><strong>&#8220;\u0130NFONEWS&#8221;<\/strong><\/span><\/a> Modern.az-a istinad\u0259n x\u0259b\u0259r verir.<\/p>\n<p><strong>Prezident \u0130lham \u018fliyevin 16 oktyabr 2021-ci il tarixli \u201c\u018fhalinin sosial rifah\u0131n\u0131n qorunmas\u0131 sah\u0259sind\u0259 \u0259lav\u0259 t\u0259dbirl\u0259r haqq\u0131nda\u201d S\u0259r\u0259ncam\u0131 sosial \u00f6d\u0259ni\u015fl\u0259rin art\u0131r\u0131lmas\u0131 istiqam\u0259tind\u0259 n\u00f6vb\u0259ti m\u00fch\u00fcm add\u0131m\u0131n at\u0131lmas\u0131na imkan verir.<\/strong><\/p>\n<p>\u018fm\u0259k v\u0259 \u018fhalinin Sosial M\u00fcdfi\u0259si Nazirliyind\u0259n \u00a0veril\u0259n m\u0259lumata g\u00f6r\u0259, s\u0259r\u0259ncam\u0131n icras\u0131 olaraq \u0259m\u0259k m\u00fcqavil\u0259si il\u0259 \u00e7al\u0131\u015fanlar\u0131n b\u00f6y\u00fck qisminin \u0259m\u0259khaqlar\u0131 art\u0131r\u0131lacaq. H\u0259m\u00e7inin minimum \u0259m\u0259k haqq\u0131 alanlar\u0131n da m\u0259vacibl\u0259ri y\u00fcks\u0259ldil\u0259c\u0259k. Bu islahat 1 milyonad\u0259k i\u015f\u00e7ini \u0259hat\u0259 ed\u0259c\u0259k.<\/p>\n<p>T\u0259qa\u00fcd art\u0131m\u0131 istiqam\u0259ti is\u0259 t\u0259l\u0259b\u0259l\u0259rin rifah\u0131na d\u0259st\u0259k m\u0259qs\u0259di da\u015f\u0131y\u0131r. T\u0259qrib\u0259n 130 min\u0259d\u0259k t\u0259l\u0259b\u0259nin t\u0259qa\u00fcd\u00fcnd\u0259 art\u0131m olacaq.<\/p>\n","protected":false},"excerpt":{"rendered":"<p>T\u0259l\u0259b\u0259l\u0259rin t\u0259qa\u00fcd\u00fc\u00a0ARTIRILACAQ &#8220;\u0130NFONEWS&#8221; Modern.az-a istinad\u0259n x\u0259b\u0259r verir. Prezident \u0130lham \u018fliyevin 16 oktyabr 2021-ci il tarixli \u201c\u018fhalinin sosial rifah\u0131n\u0131n qorunmas\u0131 sah\u0259sind\u0259 \u0259lav\u0259 t\u0259dbirl\u0259r haqq\u0131nda\u201d S\u0259r\u0259ncam\u0131 sosial \u00f6d\u0259ni\u015fl\u0259rin art\u0131r\u0131lmas\u0131 istiqam\u0259tind\u0259 n\u00f6vb\u0259ti m\u00fch\u00fcm&hellip; <\/p>\n","protected":false},"author":14,"featured_media":13710,"comment_status":"open","ping_status":"open","sticky":false,"template":"","format":"standard","meta":{"_mi_skip_tracking":false,"_monsterinsights_sitenote_active":false,"_monsterinsights_sitenote_note":"","_monsterinsights_sitenote_category":0,"footnotes":""},"categories":[2,11,3],"tags":[1008,15,34],"aioseo_notices":[],"_links":{"self":[{"href":"https:\/\/infonews.az\/index.php?rest_route=\/wp\/v2\/posts\/13709"}],"collection":[{"href":"https:\/\/infonews.az\/index.php?rest_route=\/wp\/v2\/posts"}],"about":[{"href":"https:\/\/infonews.az\/index.php?rest_route=\/wp\/v2\/types\/post"}],"author":[{"embeddable":true,"href":"https:\/\/infonews.az\/index.php?rest_route=\/wp\/v2\/users\/14"}],"replies":[{"embeddable":true,"href":"https:\/\/infonews.az\/index.php?rest_route=%2Fwp%2Fv2%2Fcomments&post=13709"}],"version-history":[{"count":1,"href":"https:\/\/infonews.az\/index.php?rest_route=\/wp\/v2\/posts\/13709\/revisions"}],"predecessor-version":[{"id":13711,"href":"https:\/\/infonews.az\/index.php?rest_route=\/wp\/v2\/posts\/13709\/revisions\/13711"}],"wp:featuredmedia":[{"embeddable":true,"href":"https:\/\/infonews.az\/index.php?rest_route=\/wp\/v2\/media\/13710"}],"wp:attachment":[{"href":"https:\/\/infonews.az\/index.php?rest_route=%2Fwp%2Fv2%2Fmedia&parent=13709"}],"wp:term":[{"taxonomy":"category","embeddable":true,"href":"https:\/\/infonews.az\/index.php?rest_route=%2Fwp%2Fv2%2Fcategories&post=13709"},{"taxonomy":"post_tag","embeddable":true,"href":"https:\/\/infonews.az\/index.php?rest_route=%2Fwp%2Fv2%2Ftags&post=13709"}],"curies":[{"name":"wp","href":"https:\/\/api.w.org\/{rel}","templated":true}]}}