{"id":1412,"date":"2020-12-31T14:09:29","date_gmt":"2020-12-31T10:09:29","guid":{"rendered":"http:\/\/infonews.az\/?p=1412"},"modified":"2020-12-31T15:12:08","modified_gmt":"2020-12-31T11:12:08","slug":"prezident-onlara-xalq-artisti-adi-verdi","status":"publish","type":"post","link":"https:\/\/infonews.az\/?p=1412","title":{"rendered":"Prezident onlara \u201cXalq artisti\u201d ad\u0131 verdi"},"content":{"rendered":"<p><strong>Az\u0259rbaycan Prezidenti \u0130lham \u018fliyev Az\u0259rbaycan Milli Konservatoriyas\u0131n\u0131n \u0259m\u0259kda\u015flar\u0131na f\u0259xri adlar\u0131n verilm\u0259si haqq\u0131nda s\u0259r\u0259ncam imzalay\u0131b.\u00a0<\/strong><\/p>\n<p><a href=\"http:\/\/infonews.az\"><strong>\u0130NFONEWS<\/strong><\/a> x\u0259b\u0259r verir ki, s\u0259n\u0259d\u0259 \u0259sas\u0259n, Az\u0259rbaycan Milli Konservatoriyas\u0131n\u0131n 20 illiyi m\u00fcnasib\u0259til\u0259 v\u0259 Az\u0259rbaycanda milli musiqi t\u0259hsilinin inki\u015faf\u0131ndak\u0131 xidm\u0259tl\u0259rin\u0259 g\u00f6r\u0259 Az\u0259rbaycan Milli Konservatoriyas\u0131n\u0131n a\u015fa\u011f\u0131dak\u0131 \u0259m\u0259kda\u015flar\u0131na Az\u0259rbaycan Respublikas\u0131n\u0131n f\u0259xri adlar\u0131 verilib:<\/p>\n<p><strong>\u201cXalq artisti\u201d<\/strong><\/p>\n<div id=\"AdviadNativeVideo0\" class=\"AdviadNativeVideo\"><\/div>\n<p>H\u0259\u015fimov El\u00e7in L\u0259zgi o\u011flu<\/p>\n<p>Mansurov El\u015f\u0259n M\u0259mm\u0259d o\u011flu<\/p>\n<p>Mansurov Malik M\u0259mm\u0259d o\u011flu<\/p>\n<p><strong>\u201c\u018fm\u0259kdar inc\u0259s\u0259n\u0259t xadimi\u201d<\/strong><\/p>\n<p>H\u00fcseynova Lal\u0259 \u015eirm\u0259mm\u0259d q\u0131z\u0131<\/p>\n<p><strong>\u201c\u018fm\u0259kdar m\u0259d\u0259niyy\u0259t i\u015f\u00e7isi\u201d<\/strong><\/p>\n<p>Seyidova Yaqut \u015e\u0131xseyid q\u0131z\u0131<\/p>\n<p><strong>\u201c\u018fm\u0259kdar m\u00fc\u0259llim\u201d<\/strong><\/p>\n<p>Abdinzad\u0259 Firuz Zeynal o\u011flu<\/p>\n<p>\u018fl\u0259kb\u0259rov Sabir \u018fl\u0259kb\u0259r o\u011flu<\/p>\n<p>\u018fliyev Adg\u00f6z\u0259l M\u0259mm\u0259dh\u00fcseyn o\u011flu<\/p>\n<p>Na\u011f\u0131yev El\u00e7in A\u011fa\u015firin o\u011flu<\/p>\n<p>\u015eahm\u0259mm\u0259dova Naib\u0259 M\u0259qsud q\u0131z\u0131<\/p>\n<p>Yusifova T\u0259ran\u0259 \u018fb\u00fclf\u0259z q\u0131z\u0131.<\/p>\n","protected":false},"excerpt":{"rendered":"<p>Az\u0259rbaycan Prezidenti \u0130lham \u018fliyev Az\u0259rbaycan Milli Konservatoriyas\u0131n\u0131n \u0259m\u0259kda\u015flar\u0131na f\u0259xri adlar\u0131n verilm\u0259si haqq\u0131nda s\u0259r\u0259ncam imzalay\u0131b.\u00a0 \u0130NFONEWS x\u0259b\u0259r verir ki, s\u0259n\u0259d\u0259 \u0259sas\u0259n, Az\u0259rbaycan Milli Konservatoriyas\u0131n\u0131n 20 illiyi m\u00fcnasib\u0259til\u0259 v\u0259 Az\u0259rbaycanda milli musiqi&hellip; <\/p>\n","protected":false},"author":3,"featured_media":1413,"comment_status":"open","ping_status":"open","sticky":false,"template":"","format":"standard","meta":{"_mi_skip_tracking":false,"_monsterinsights_sitenote_active":false,"_monsterinsights_sitenote_note":"","_monsterinsights_sitenote_category":0,"footnotes":""},"categories":[10,11],"tags":[15,170],"aioseo_notices":[],"_links":{"self":[{"href":"https:\/\/infonews.az\/index.php?rest_route=\/wp\/v2\/posts\/1412"}],"collection":[{"href":"https:\/\/infonews.az\/index.php?rest_route=\/wp\/v2\/posts"}],"about":[{"href":"https:\/\/infonews.az\/index.php?rest_route=\/wp\/v2\/types\/post"}],"author":[{"embeddable":true,"href":"https:\/\/infonews.az\/index.php?rest_route=\/wp\/v2\/users\/3"}],"replies":[{"embeddable":true,"href":"https:\/\/infonews.az\/index.php?rest_route=%2Fwp%2Fv2%2Fcomments&post=1412"}],"version-history":[{"count":1,"href":"https:\/\/infonews.az\/index.php?rest_route=\/wp\/v2\/posts\/1412\/revisions"}],"predecessor-version":[{"id":1414,"href":"https:\/\/infonews.az\/index.php?rest_route=\/wp\/v2\/posts\/1412\/revisions\/1414"}],"wp:featuredmedia":[{"embeddable":true,"href":"https:\/\/infonews.az\/index.php?rest_route=\/wp\/v2\/media\/1413"}],"wp:attachment":[{"href":"https:\/\/infonews.az\/index.php?rest_route=%2Fwp%2Fv2%2Fmedia&parent=1412"}],"wp:term":[{"taxonomy":"category","embeddable":true,"href":"https:\/\/infonews.az\/index.php?rest_route=%2Fwp%2Fv2%2Fcategories&post=1412"},{"taxonomy":"post_tag","embeddable":true,"href":"https:\/\/infonews.az\/index.php?rest_route=%2Fwp%2Fv2%2Ftags&post=1412"}],"curies":[{"name":"wp","href":"https:\/\/api.w.org\/{rel}","templated":true}]}}