{"id":14143,"date":"2021-11-01T19:50:37","date_gmt":"2021-11-01T15:50:37","guid":{"rendered":"https:\/\/infonews.az\/?p=14143"},"modified":"2021-11-02T00:39:19","modified_gmt":"2021-11-01T20:39:19","slug":"qarabag-az%c9%99rbaycandir-suarinin-mu%c9%99llifi-olan-i-%c9%99liyev-bunu-t%c9%99kc%c9%99-sozd%c9%99-yox-oz-f%c9%99aliyy%c9%99tind%c9%99-d%c9%99-t%c9%99sdiql%c9%99di","status":"publish","type":"post","link":"https:\/\/infonews.az\/?p=14143","title":{"rendered":"&#8220;Qaraba\u011f Az\u0259rbaycand\u0131r&#8221; \u015f\u00fcar\u0131n\u0131n m\u00fc\u0259llifi olan \u0130.\u018fliyev bunu t\u0259kc\u0259 s\u00f6zd\u0259 yox, \u00f6z f\u0259aliyy\u0259tind\u0259 d\u0259 t\u0259sdiql\u0259di"},"content":{"rendered":"<p><span style=\"color: #ffffff;\">&#8220;Qaraba\u011f Az\u0259rbaycand\u0131r&#8221; \u015f\u00fcar\u0131n\u0131n m\u00fc\u0259llifi olan \u0130.\u018fliyev bunu t\u0259kc\u0259 s\u00f6zd\u0259 yox, \u00f6z f\u0259aliyy\u0259tind\u0259 d\u0259 t\u0259sdiql\u0259di<\/span><\/p>\n<blockquote><p><b>G\u0259nc k\u00f6n\u00fcll\u00fc F\u0259rid \u015e\u0259rifov <\/b><b><a href=\"https:\/\/infonews.az\/?p=14143\">&#8220;\u0130NFONEWS&#8221;<\/a>-la fikirl\u0259rini b\u00f6l\u00fc\u015f\u00fcb. Fikirl\u0259ri oldu\u011fu kimi t\u0259qdim edirik.<\/b><\/p><\/blockquote>\n<p>Birinci Qaraba\u011f m\u00fcharib\u0259si zaman\u0131 itirdiyimiz 20 faiz torpaqlar\u0131m\u0131z\u0131n geri qaytar\u0131lmas\u0131 XXI \u0259srin \u0259sas prioritet m\u0259s\u0259l\u0259l\u0259rind\u0259n biri idi. Torpaqlar\u0131m\u0131z\u0131n i\u015f\u011faldan azad olunmas\u0131 \u00fc\u00e7\u00fcn uzaqg\u00f6r\u0259n g\u00f6rk\u0259mli siyasi lider, g\u00fccl\u00fc ordu v\u0259 do\u011fru zaman laz\u0131m idi. 1993-c\u00fc il iyunun 15-d\u0259 xalq\u0131m\u0131z\u0131n tarixind\u0259 yeni s\u0259hif\u0259 a\u00e7d\u0131. H\u0259min g\u00fcn \u00dcmummilli lider H.\u018fliyevin hakimiyy\u0259t\u0259 g\u0259lm\u0259si n\u0259tic\u0259sind\u0259 d\u00f6vl\u0259t quruculu\u011fu, aqrar v\u0259 s\u0259naye islahatlar\u0131 \u00f6z b\u0259hr\u0259sini verdi.Respublikam\u0131z s\u00fcr\u0259tli inki\u015faf yoluna q\u0259d\u0259m qoydu. 2003-c\u00fc ild\u0259 prezident se\u00e7kil\u0259rind\u0259 Az\u0259rbaycan xalq\u0131 yekdillikl\u0259 Ulu \u00f6nd\u0259r H.\u018fliyevin davam\u00e7\u0131s\u0131 \u0130lham \u018fliyevi prezident se\u00e7di. Az\u0259rbaycan\u0131n regionda v\u0259 beyn\u0259lxalq al\u0259md\u0259 m\u00f6vqeyinin m\u00f6hk\u0259ml\u0259ndirilm\u0259si \u00fc\u00e7\u00fcn m\u00fch\u00fcm add\u0131mlar at\u0131ld\u0131.Da\u011fl\u0131q Qaraba\u011f m\u00fcnaqi\u015f\u0259sinin s\u00fclh yolu il\u0259 h\u0259ll edilm\u0259si \u00fc\u00e7\u00fcn AT\u018fT-in Minsk qrupunun f\u0259aliyy\u0259tin\u0259 tam d\u0259st\u0259k verildi.Lakin Erm\u0259nistan\u0131n s\u00fclh dan\u0131\u015f\u0131qlar\u0131na \u0259h\u0259miyy\u0259t verm\u0259m\u0259si , at\u0259\u015fk\u0259si tez-tez pozamas\u0131 m\u00fcharib\u0259nin ba\u015f verm\u0259sini qa\u00e7\u0131lmaz etdi.27 sentyabr 2020-ci ild\u0259 Erm\u0259nistan Silahl\u0131 Q\u00fcvv\u0259l\u0259rinin torpaqlar\u0131m\u0131za h\u00fccumu v\u0259 Az\u0259rbaycan\u0131n \u015fanl\u0131 ordusunun \u0259ks-h\u00fccum \u0259m\u0259liyyat\u0131 h\u0259yata ke\u00e7irm\u0259si il\u0259 V\u0259t\u0259n m\u00fcharib\u0259si ba\u015flad\u0131.44 g\u00fcn davam ed\u0259n m\u00fcharib\u0259d\u0259 Prezident \u0130.\u018fliyev h\u0259m ali ba\u015f komandan kimi \u00f6n c\u0259bh\u0259d\u0259 , h\u0259m d\u0259 siyasi lider olaraq informasiya m\u00fcharib\u0259sind\u0259 d\u00fc\u015fm\u0259ni m\u0259\u011flub etdi.\u0130.\u018fliyevin BBC x\u0259b\u0259r kanal\u0131na verdiyi m\u00fcsahib\u0259sind\u0259 d\u0259 \u0259sas diqq\u0259ti torpaqlar\u0131m\u0131z\u0131n q\u0259tiyy\u0259tl\u0259 sona q\u0259d\u0259r m\u00fcbariz\u0259 apararaq geri al\u0131naca\u011f\u0131n\u0131 , G\u0259nc\u0259 v\u0259 B\u0259rd\u0259 terrorunun qisas\u0131n\u0131n yaln\u0131z d\u00f6y\u00fc\u015f meydan\u0131nda al\u0131naca\u011f\u0131n\u0131 vur\u011fulayaraq Az\u0259rbaycan\u0131n bir daha humanist siyas\u0259t y\u00fcr\u00fctd\u00fcy\u00fcn\u00fc, regionda s\u00fclh\u0259 nail olma\u011fa \u00e7al\u0131\u015fd\u0131\u011f\u0131n\u0131 qeyd etmi\u015fdir. Siyasi liderin beyn\u0259lxalq al\u0259md\u0259 \u015f\u0259xsi n\u00fcfuzu v\u0259 q\u0259tiyy\u0259tli add\u0131mlar\u0131 Erm\u0259nistan\u0131n ba\u015f naziri N.Pa\u015finyan\u0131 tam m\u0259\u011flub etdi.D\u00f6y\u00fc\u015f meydan\u0131nda Az\u0259rbaycan Milli Ordusunun tam q\u0259l\u0259b\u0259si, tariximizd\u0259 \u015fanl\u0131 s\u0259hif\u0259nin a\u00e7\u0131lmas\u0131 birba\u015fa r\u0259hb\u0259rliyin h\u0259yata ke\u00e7irdiyi d\u00fczg\u00fcn siyas\u0259tin n\u0259tic\u0259sidir.\u015eu\u015fan\u0131n azad olundu\u011fu g\u00fcn-8 noyabr 2020-ci il tarixind\u0259 \u0130.\u018fliyevin q\u0259l\u0259b\u0259 x\u0259b\u0259rini m\u0259hz \u015e\u0259hidl\u0259r Xiyaban\u0131n\u0131 v\u0259 F\u0259xri Xiyabanda ulu \u00f6nd\u0259rin q\u0259brini ziyar\u0259t ed\u0259r\u0259k xalq\u0131m\u0131za \u00e7atd\u0131rmas\u0131 bir daha s\u00fcbut etdi ki, q\u0259l\u0259b\u0259nin \u015f\u0259hidl\u0259rin qan\u0131 bahas\u0131na al\u0131nd\u0131\u011f\u0131n\u0131 he\u00e7 kim unutmayacaq, daim xatir\u0259l\u0259ri \u0259ziz tutulacaq,siyas\u0259td\u0259 is\u0259 ulu \u00f6nd\u0259rin layiqli davam\u00e7\u0131s\u0131 olaraq, torpaqlar\u0131m\u0131z\u0131n azad edilm\u0259sind\u0259 g\u00f6st\u0259rdiyi \u015f\u00fcca\u0259ti bir daha s\u0259rgil\u0259di. Qaraba\u011f Az\u0259rbaycand\u0131r \u015f\u00fcar\u0131n\u0131n m\u00fc\u0259llifi olan \u0130.\u018fliyev bunu t\u0259kc\u0259 s\u00f6zd\u0259 yox, \u00f6z f\u0259aliyy\u0259tind\u0259 d\u0259 t\u0259sdiql\u0259di. Erm\u0259nistan m\u0259\u011flub oldu v\u0259 kapitulyasiya imzalama\u011fa m\u0259cbur edildi. Torpaqlar\u0131m\u0131z d\u00fc\u015fm\u0259n tapda\u011f\u0131ndan azad edildi. Q\u0259l\u0259b\u0259ni ba\u015fda prezident \u0130.\u018fliyev olmaqla Qaraba\u011f u\u011frunda m\u00fcbariz\u0259 aparmaq \u00fc\u00e7\u00fcn bir yumruq kimi birl\u0259\u015f\u0259n Az\u0259rbaycan xalq\u0131 qazand\u0131. Ulu \u00f6nd\u0259r H. \u018fliyevin dediyi kimi: \u201cM\u00fcst\u0259qilliyimiz \u0259b\u0259didir, daimidir, d\u00f6nm\u0259zdir\u201d.<\/p>\n<p><strong>X\u0259tai Rayon \u0130cra Hakimiyy\u0259tinin K\u00f6n\u00fcll\u00fcs\u00fc, YAP-\u0131n \u00dczv\u00fc F\u0259rid \u015e\u0259rifov<\/strong><\/p>\n<p><strong><a href=\"https:\/\/infonews.az\/\"><span style=\"color: #ff0000;\">&#8220;\u0130NFONEWS&#8221;<\/span><\/a><\/strong><\/p>\n","protected":false},"excerpt":{"rendered":"<p>&#8220;Qaraba\u011f Az\u0259rbaycand\u0131r&#8221; \u015f\u00fcar\u0131n\u0131n m\u00fc\u0259llifi olan \u0130.\u018fliyev bunu t\u0259kc\u0259 s\u00f6zd\u0259 yox, \u00f6z f\u0259aliyy\u0259tind\u0259 d\u0259 t\u0259sdiql\u0259di G\u0259nc k\u00f6n\u00fcll\u00fc F\u0259rid \u015e\u0259rifov &#8220;\u0130NFONEWS&#8221;-la fikirl\u0259rini b\u00f6l\u00fc\u015f\u00fcb. Fikirl\u0259ri oldu\u011fu kimi t\u0259qdim edirik. Birinci Qaraba\u011f m\u00fcharib\u0259si zaman\u0131&hellip; <\/p>\n","protected":false},"author":3,"featured_media":14150,"comment_status":"open","ping_status":"open","sticky":false,"template":"","format":"standard","meta":{"_mi_skip_tracking":false,"_monsterinsights_sitenote_active":false,"_monsterinsights_sitenote_note":"","_monsterinsights_sitenote_category":0,"footnotes":""},"categories":[7],"tags":[360,3446,555,99,20],"aioseo_notices":[],"_links":{"self":[{"href":"https:\/\/infonews.az\/index.php?rest_route=\/wp\/v2\/posts\/14143"}],"collection":[{"href":"https:\/\/infonews.az\/index.php?rest_route=\/wp\/v2\/posts"}],"about":[{"href":"https:\/\/infonews.az\/index.php?rest_route=\/wp\/v2\/types\/post"}],"author":[{"embeddable":true,"href":"https:\/\/infonews.az\/index.php?rest_route=\/wp\/v2\/users\/3"}],"replies":[{"embeddable":true,"href":"https:\/\/infonews.az\/index.php?rest_route=%2Fwp%2Fv2%2Fcomments&post=14143"}],"version-history":[{"count":2,"href":"https:\/\/infonews.az\/index.php?rest_route=\/wp\/v2\/posts\/14143\/revisions"}],"predecessor-version":[{"id":14147,"href":"https:\/\/infonews.az\/index.php?rest_route=\/wp\/v2\/posts\/14143\/revisions\/14147"}],"wp:featuredmedia":[{"embeddable":true,"href":"https:\/\/infonews.az\/index.php?rest_route=\/wp\/v2\/media\/14150"}],"wp:attachment":[{"href":"https:\/\/infonews.az\/index.php?rest_route=%2Fwp%2Fv2%2Fmedia&parent=14143"}],"wp:term":[{"taxonomy":"category","embeddable":true,"href":"https:\/\/infonews.az\/index.php?rest_route=%2Fwp%2Fv2%2Fcategories&post=14143"},{"taxonomy":"post_tag","embeddable":true,"href":"https:\/\/infonews.az\/index.php?rest_route=%2Fwp%2Fv2%2Ftags&post=14143"}],"curies":[{"name":"wp","href":"https:\/\/api.w.org\/{rel}","templated":true}]}}