{"id":1415,"date":"2020-12-31T15:16:45","date_gmt":"2020-12-31T11:16:45","guid":{"rendered":"http:\/\/infonews.az\/?p=1415"},"modified":"2020-12-31T15:16:45","modified_gmt":"2020-12-31T11:16:45","slug":"mehriban-%c9%99liyeva-xalqi-t%c9%99brik-etdi","status":"publish","type":"post","link":"https:\/\/infonews.az\/?p=1415","title":{"rendered":"Mehriban \u018fliyeva xalq\u0131 t\u0259brik etdi"},"content":{"rendered":"<p><strong>Az\u0259rbaycan\u0131n Birinci vitse-prezidenti Mehriban \u018fliyeva r\u0259smi sosial \u015f\u0259b\u0259k\u0259 hesab\u0131nda D\u00fcnya Az\u0259rbaycanl\u0131lar\u0131n\u0131n H\u0259mr\u0259yliyi G\u00fcn\u00fc v\u0259 Yeni il m\u00fcnasib\u0259til\u0259 payla\u015f\u0131m edib.<\/strong><\/p>\n<p><a href=\"http:\/\/infonews.az\"><strong>\u0130NFONEWS<\/strong><\/a> x\u0259b\u0259r verir ki, payla\u015f\u0131mda deyilir:<\/p>\n<p>\u201c\u018fziz h\u0259mv\u0259t\u0259nl\u0259r!<\/p>\n<p>Sizi 31 Dekabr \u2013 D\u00fcnya Az\u0259rbaycanl\u0131lar\u0131n\u0131n H\u0259mr\u0259yliyi G\u00fcn\u00fc v\u0259 Yeni il m\u00fcnasib\u0259til\u0259 t\u0259brik edir, h\u0259r biriniz\u0259 xo\u015f arzular\u0131m\u0131 \u00e7atd\u0131r\u0131ram. Yola sald\u0131\u011f\u0131m\u0131z il yadda\u015f\u0131m\u0131za \u015eanl\u0131 Z\u0259f\u0259r ili kimi \u0259b\u0259di h\u0259kk olunacaq. Bu Z\u0259f\u0259rin qazan\u0131lmas\u0131nda xalq\u0131m\u0131z\u0131n sars\u0131lmaz birliyi, h\u0259mr\u0259yliyi, q\u0259tiyy\u0259ti v\u0259 irad\u0259si m\u00fcst\u0259sna rol oynay\u0131b. Qoy b\u00fct\u00fcn m\u0259s\u0259l\u0259l\u0259rin \u00f6hd\u0259sind\u0259n u\u011furla g\u0259lm\u0259yimiz\u0259 imkan yaradan birliyimiz g\u00fcn\u00fc-g\u00fcnd\u0259n m\u00f6hk\u0259ml\u0259nsin! Uca Tanr\u0131dan h\u0259r biriniz\u0259 m\u00f6hk\u0259m cansa\u011fl\u0131\u011f\u0131, uzun \u00f6m\u00fcr v\u0259 xo\u015fb\u0259xtlik, V\u0259t\u0259nimiz\u0259 &#8211; s\u00fclh, \u0259min-amanl\u0131q v\u0259 t\u0259r\u0259qqi dil\u0259yir\u0259m!\u201d<\/p>\n","protected":false},"excerpt":{"rendered":"<p>Az\u0259rbaycan\u0131n Birinci vitse-prezidenti Mehriban \u018fliyeva r\u0259smi sosial \u015f\u0259b\u0259k\u0259 hesab\u0131nda D\u00fcnya Az\u0259rbaycanl\u0131lar\u0131n\u0131n H\u0259mr\u0259yliyi G\u00fcn\u00fc v\u0259 Yeni il m\u00fcnasib\u0259til\u0259 payla\u015f\u0131m edib. \u0130NFONEWS x\u0259b\u0259r verir ki, payla\u015f\u0131mda deyilir: \u201c\u018fziz h\u0259mv\u0259t\u0259nl\u0259r! Sizi 31 Dekabr&hellip; <\/p>\n","protected":false},"author":3,"featured_media":1416,"comment_status":"open","ping_status":"open","sticky":false,"template":"","format":"standard","meta":{"_mi_skip_tracking":false,"_monsterinsights_sitenote_active":false,"_monsterinsights_sitenote_note":"","_monsterinsights_sitenote_category":0,"footnotes":""},"categories":[11,50],"tags":[15,17],"aioseo_notices":[],"_links":{"self":[{"href":"https:\/\/infonews.az\/index.php?rest_route=\/wp\/v2\/posts\/1415"}],"collection":[{"href":"https:\/\/infonews.az\/index.php?rest_route=\/wp\/v2\/posts"}],"about":[{"href":"https:\/\/infonews.az\/index.php?rest_route=\/wp\/v2\/types\/post"}],"author":[{"embeddable":true,"href":"https:\/\/infonews.az\/index.php?rest_route=\/wp\/v2\/users\/3"}],"replies":[{"embeddable":true,"href":"https:\/\/infonews.az\/index.php?rest_route=%2Fwp%2Fv2%2Fcomments&post=1415"}],"version-history":[{"count":1,"href":"https:\/\/infonews.az\/index.php?rest_route=\/wp\/v2\/posts\/1415\/revisions"}],"predecessor-version":[{"id":1417,"href":"https:\/\/infonews.az\/index.php?rest_route=\/wp\/v2\/posts\/1415\/revisions\/1417"}],"wp:featuredmedia":[{"embeddable":true,"href":"https:\/\/infonews.az\/index.php?rest_route=\/wp\/v2\/media\/1416"}],"wp:attachment":[{"href":"https:\/\/infonews.az\/index.php?rest_route=%2Fwp%2Fv2%2Fmedia&parent=1415"}],"wp:term":[{"taxonomy":"category","embeddable":true,"href":"https:\/\/infonews.az\/index.php?rest_route=%2Fwp%2Fv2%2Fcategories&post=1415"},{"taxonomy":"post_tag","embeddable":true,"href":"https:\/\/infonews.az\/index.php?rest_route=%2Fwp%2Fv2%2Ftags&post=1415"}],"curies":[{"name":"wp","href":"https:\/\/api.w.org\/{rel}","templated":true}]}}