{"id":14246,"date":"2021-11-08T19:46:02","date_gmt":"2021-11-08T15:46:02","guid":{"rendered":"https:\/\/infonews.az\/?p=14246"},"modified":"2021-11-08T19:46:02","modified_gmt":"2021-11-08T15:46:02","slug":"l%c9%99nk%c9%99ran-unesco-nun-yaradici-s%c9%99h%c9%99rl%c9%99r-siyahisina-daxil-olub","status":"publish","type":"post","link":"https:\/\/infonews.az\/?p=14246","title":{"rendered":"L\u0259nk\u0259ran UNESCO-nun yarad\u0131c\u0131 \u015f\u0259h\u0259rl\u0259r siyah\u0131s\u0131na daxil olub"},"content":{"rendered":"<p><span style=\"color: #ffffff;\">L\u0259nk\u0259ran\u00a0UNESCO-nun yarad\u0131c\u0131 \u015f\u0259h\u0259rl\u0259r\u00a0siyah\u0131s\u0131na daxil olub<\/span><\/p>\n<p><a href=\"https:\/\/infonews.az\/?p=14246\"><strong><span style=\"color: #ff0000;\">&#8220;\u0130NFONEWS&#8221;<\/span><\/strong><\/a> x\u0259b\u0259r verir.<\/p>\n<blockquote><p><strong>Az\u0259rbaycan\u0131n qastronomiya paytaxt\u0131 L\u0259nk\u0259ran \u015f\u0259h\u0259ri UNESCO-nun \u201cYarad\u0131c\u0131 \u015f\u0259h\u0259rl\u0259r \u015f\u0259b\u0259k\u0259si\u201d siyah\u0131s\u0131na daxil edilib.<\/strong><\/p><\/blockquote>\n<p>Az\u0259rbaycan Respublikas\u0131n\u0131n UNESCO yan\u0131ndak\u0131 Daimi n\u00fcmay\u0259nd\u0259liyinin s\u0259yl\u0259ri n\u0259tic\u0259sind\u0259 L\u0259nk\u0259ran \u015f\u0259h\u0259ri \u015f\u0259b\u0259k\u0259nin \u201cqastronomiya\u201d tematikas\u0131 \u00fczr\u0259 yarad\u0131c\u0131 \u015f\u0259h\u0259rl\u0259r siyah\u0131s\u0131na sal\u0131n\u0131b.<\/p>\n<p>UNESCO-nun ba\u015f direktoru Odre Azulenin q\u0259rar\u0131 il\u0259 \u201cYarad\u0131c\u0131 \u015f\u0259h\u0259rl\u0259r \u015f\u0259b\u0259k\u0259si\u201d siyah\u0131s\u0131na 49 \u015f\u0259h\u0259r daxil edilib.<\/p>\n<p>\u015e\u0259b\u0259k\u0259 yerli kollektivl\u0259rd\u0259 b\u00f6y\u00fck maraq yarad\u0131b v\u0259 yeni siyah\u0131 il\u0259 \u015f\u0259h\u0259rl\u0259rin tipologiyas\u0131n\u0131n v\u0259 co\u011frafi balans\u0131n\u0131n m\u00fcxt\u0259lifliyini \u0259ks etdirir.<\/p>\n<p>2004-c\u00fc ild\u0259n b\u0259ri \u015f\u0259b\u0259k\u0259 \u00fczvl\u0259rinin yarad\u0131c\u0131 potensial\u0131 yeddi tematika \u00fczr\u0259 m\u00fc\u0259yy\u0259n olunur: inc\u0259s\u0259n\u0259t v\u0259 s\u0259n\u0259tkarl\u0131q, xalq s\u0259n\u0259ti, dizayn, kinematoqrafiya, qastronomiya, \u0259d\u0259biyyat, media v\u0259 musiqi.<\/p>\n<p>\u015e\u0259b\u0259k\u0259y\u0259 davaml\u0131 \u015f\u0259h\u0259r strategiyas\u0131n\u0131 inki\u015faf etdirm\u0259k \u00fc\u00e7\u00fcn m\u0259d\u0259niyy\u0259t v\u0259 yarad\u0131c\u0131l\u0131\u011fa \u2013 s\u0259n\u0259tkarl\u0131q v\u0259 xalq s\u0259n\u0259ti, dizayn, kino, qastronomiya, \u0259d\u0259biyyat, media s\u0259n\u0259ti v\u0259 musiqiy\u0259 s\u0259rmay\u0259 qoyan 90 \u00f6lk\u0259ni \u0259hat\u0259 ed\u0259n 295 \u015f\u0259h\u0259r daxildir.<\/p>\n<p>2021-ci il D\u00fcnya \u015e\u0259h\u0259rl\u0259r G\u00fcn\u00fc m\u00fcnasib\u0259til\u0259 UNESCO-nun \u015e\u0259h\u0259rl\u0259r Platformas\u0131 t\u0259r\u0259find\u0259n Az\u0259rbaycan\u0131n L\u0259nk\u0259ran \u015f\u0259h\u0259ri \u201cqastronomiya\u201d tematikas\u0131 \u00fczr\u0259 yarad\u0131c\u0131 \u015f\u0259h\u0259rl\u0259r s\u0131ras\u0131na daxil olub. Bu, Az\u0259rbaycan\u0131n yarad\u0131c\u0131 \u015f\u0259h\u0259rl\u0259r siyah\u0131s\u0131nda 3-c\u00fc \u015f\u0259h\u0259ridir.<\/p>\n<p>Daimi n\u00fcmay\u0259nd\u0259liyimiz t\u0259r\u0259find\u0259n L\u0259nk\u0259ran \u015f\u0259h\u0259rinin tarixi, \u0259halisi, co\u011frafiyas\u0131, m\u0259d\u0259niyy\u0259ti, iqtisadiyyat\u0131, qastronomiyas\u0131 haqq\u0131nda laz\u0131mi m\u0259lumatlar toplanaraq UNESCO-ya t\u0259qdim edilib.<\/p>\n","protected":false},"excerpt":{"rendered":"<p>L\u0259nk\u0259ran\u00a0UNESCO-nun yarad\u0131c\u0131 \u015f\u0259h\u0259rl\u0259r\u00a0siyah\u0131s\u0131na daxil olub &#8220;\u0130NFONEWS&#8221; x\u0259b\u0259r verir. Az\u0259rbaycan\u0131n qastronomiya paytaxt\u0131 L\u0259nk\u0259ran \u015f\u0259h\u0259ri UNESCO-nun \u201cYarad\u0131c\u0131 \u015f\u0259h\u0259rl\u0259r \u015f\u0259b\u0259k\u0259si\u201d siyah\u0131s\u0131na daxil edilib. Az\u0259rbaycan Respublikas\u0131n\u0131n UNESCO yan\u0131ndak\u0131 Daimi n\u00fcmay\u0259nd\u0259liyinin s\u0259yl\u0259ri n\u0259tic\u0259sind\u0259 L\u0259nk\u0259ran \u015f\u0259h\u0259ri&hellip; <\/p>\n","protected":false},"author":14,"featured_media":14247,"comment_status":"open","ping_status":"open","sticky":false,"template":"","format":"standard","meta":{"_mi_skip_tracking":false,"_monsterinsights_sitenote_active":false,"_monsterinsights_sitenote_note":"","_monsterinsights_sitenote_category":0,"footnotes":""},"categories":[9,11],"tags":[15,136,5368],"aioseo_notices":[],"_links":{"self":[{"href":"https:\/\/infonews.az\/index.php?rest_route=\/wp\/v2\/posts\/14246"}],"collection":[{"href":"https:\/\/infonews.az\/index.php?rest_route=\/wp\/v2\/posts"}],"about":[{"href":"https:\/\/infonews.az\/index.php?rest_route=\/wp\/v2\/types\/post"}],"author":[{"embeddable":true,"href":"https:\/\/infonews.az\/index.php?rest_route=\/wp\/v2\/users\/14"}],"replies":[{"embeddable":true,"href":"https:\/\/infonews.az\/index.php?rest_route=%2Fwp%2Fv2%2Fcomments&post=14246"}],"version-history":[{"count":1,"href":"https:\/\/infonews.az\/index.php?rest_route=\/wp\/v2\/posts\/14246\/revisions"}],"predecessor-version":[{"id":14248,"href":"https:\/\/infonews.az\/index.php?rest_route=\/wp\/v2\/posts\/14246\/revisions\/14248"}],"wp:featuredmedia":[{"embeddable":true,"href":"https:\/\/infonews.az\/index.php?rest_route=\/wp\/v2\/media\/14247"}],"wp:attachment":[{"href":"https:\/\/infonews.az\/index.php?rest_route=%2Fwp%2Fv2%2Fmedia&parent=14246"}],"wp:term":[{"taxonomy":"category","embeddable":true,"href":"https:\/\/infonews.az\/index.php?rest_route=%2Fwp%2Fv2%2Fcategories&post=14246"},{"taxonomy":"post_tag","embeddable":true,"href":"https:\/\/infonews.az\/index.php?rest_route=%2Fwp%2Fv2%2Ftags&post=14246"}],"curies":[{"name":"wp","href":"https:\/\/api.w.org\/{rel}","templated":true}]}}