{"id":14468,"date":"2021-11-19T16:50:21","date_gmt":"2021-11-19T12:50:21","guid":{"rendered":"https:\/\/infonews.az\/?p=14468"},"modified":"2021-11-19T16:50:21","modified_gmt":"2021-11-19T12:50:21","slug":"taninmis-yazici-eluca-atalinin-yubiley-yasini-t%c9%99brik-edirik","status":"publish","type":"post","link":"https:\/\/infonews.az\/?p=14468","title":{"rendered":"Tan\u0131nm\u0131\u015f yaz\u0131\u00e7\u0131 Eluca Atal\u0131n\u0131n yubiley ya\u015f\u0131n\u0131 T\u018fBR\u0130K ED\u0130R\u0130K"},"content":{"rendered":"<p><span style=\"color: #ffffff;\">Tan\u0131nm\u0131\u015f yaz\u0131\u00e7\u0131 Eluca Atal\u0131n\u0131n yubiley ya\u015f\u0131n\u0131 T\u018fBR\u0130K ED\u0130R\u0130K<\/span><\/p>\n<p><a href=\"https:\/\/infonews.az\/?p=14468\"><strong><span style=\"color: #ff0000;\">&#8220;\u0130NFONEWS&#8221;<\/span><\/strong><\/a> t\u0259brik edir.<\/p>\n<blockquote><p><strong>Bu g\u00fcn tan\u0131nm\u0131\u015f yazar, diaspor h\u0259r\u0259kat\u0131n\u0131n \u00f6nc\u00fcll\u0259rind\u0259n olan Eluca Atal\u0131n\u0131n yubileyidir, istedadl\u0131 soyda\u015f\u0131m\u0131z\u0131n 55 ya\u015f\u0131 tamam olur.<\/strong><\/p><\/blockquote>\n<p>Qeyd ed\u0259k ki, haz\u0131rda Stokholm \u015f\u0259h\u0259rind\u0259 ya\u015fayan v\u0259 K\u00e4rsby m\u0259kt\u0259bind\u0259 \u00e7al\u0131\u015fan, \u0130sve\u00e7 Az\u0259rbaycanl\u0131lar\u0131 Koordinasiya \u015euras\u0131 idar\u0259 hey\u0259tinin \u00fczv\u00fc, tan\u0131nm\u0131\u015f yaz\u0131\u00e7\u0131, \u015fair v\u0259 publisist Eluca Atal\u0131 (M\u0259din\u0259 H\u00fcseynova) \u201dAtlara g\u00fcll\u0259 atmay\u0131n\u201d \u201cAzadl\u0131q hekay\u0259l\u0259ri\u201d, \u201cTiqranizm Xocal\u0131da\u201d kitablar\u0131n\u0131n, \u201dQ\u0131z v\u0259 quz\u011fun\u201d, \u201dA\u011f g\u0259minin kapitan\u0131\u201d, \u201c\u018fnqa qu\u015fu\u201d u\u015faq \u0259s\u0259rl\u0259rinin, \u201cAdamdan \u00fcst\u00fcn\u201d, \u201cPa\u015fa Q\u0259lbinur: biblioqrafiyas\u0131\u201d, \u201cAtillan\u0131n a\u00e7\u0131q p\u0259nc\u0259r\u0259si\u201d, \u201cQum \u00fcst\u00fcnd\u0259 s\u0259r\u00e7\u0259l\u0259r\u201d, \u201cMilli monoloq\u201d, \u201cGecikmi\u015f oyuncaq\u201d, \u201cBir udum azadl\u0131q\u201d, \u201cK\u0259rk\u00fckl\u00fcl\u0259r \u2013 t\u0259kl\u0259nmi\u015f t\u00fcrkl\u0259r\u201d siyasi m\u0259qal\u0259l\u0259r toplusunun, &#8220;Az\u0259rbaycanda \u0259d\u0259biyyat: formala\u015fmas\u0131, inki\u015faf\u0131, m\u00fcasir d\u00f6vr\u00fc v\u0259 meyll\u0259ri&#8221; adl\u0131 doktorluq i\u015finin m\u00fc\u0259llifidir.<\/p>\n<p>Eluca xan\u0131m Az\u0259rbaycan \u0259d\u0259biyyat\u0131n\u0131n t\u0259bli\u011fi il\u0259 f\u0259al m\u0259\u015f\u011ful olur, siyasi-sosial m\u00f6vzularla ba\u011fl\u0131 m\u00fct\u0259madi olaraq xarici m\u0259tbuatda v\u0259 sosial media \u015f\u0259b\u0259k\u0259l\u0259rind\u0259 \u00e7\u0131x\u0131\u015f edir.<\/p>\n<p><span style=\"color: #ff0000;\"><strong>&#8220;\u0130NFONEWS&#8221;<\/strong> <\/span>komandas\u0131 olaraq, Eluca Atal\u0131n\u0131 yubileyi m\u00fcnasib\u0259til\u0259 t\u0259brik edir, ona can sa\u011fl\u0131\u011f\u0131, uzun \u00f6m\u00fcr, yarad\u0131c\u0131l\u0131\u011f\u0131nda v\u0259 g\u00f6rd\u00fcy\u00fc b\u00fct\u00fcn i\u015fl\u0259rd\u0259 u\u011furlar arzulay\u0131r\u0131q.<\/p>\n","protected":false},"excerpt":{"rendered":"<p>Tan\u0131nm\u0131\u015f yaz\u0131\u00e7\u0131 Eluca Atal\u0131n\u0131n yubiley ya\u015f\u0131n\u0131 T\u018fBR\u0130K ED\u0130R\u0130K &#8220;\u0130NFONEWS&#8221; t\u0259brik edir. Bu g\u00fcn tan\u0131nm\u0131\u015f yazar, diaspor h\u0259r\u0259kat\u0131n\u0131n \u00f6nc\u00fcll\u0259rind\u0259n olan Eluca Atal\u0131n\u0131n yubileyidir, istedadl\u0131 soyda\u015f\u0131m\u0131z\u0131n 55 ya\u015f\u0131 tamam olur. Qeyd ed\u0259k&hellip; <\/p>\n","protected":false},"author":14,"featured_media":14469,"comment_status":"open","ping_status":"open","sticky":false,"template":"","format":"standard","meta":{"_mi_skip_tracking":false,"_monsterinsights_sitenote_active":false,"_monsterinsights_sitenote_note":"","_monsterinsights_sitenote_category":0,"footnotes":""},"categories":[11,7,3394],"tags":[5430,15],"aioseo_notices":[],"_links":{"self":[{"href":"https:\/\/infonews.az\/index.php?rest_route=\/wp\/v2\/posts\/14468"}],"collection":[{"href":"https:\/\/infonews.az\/index.php?rest_route=\/wp\/v2\/posts"}],"about":[{"href":"https:\/\/infonews.az\/index.php?rest_route=\/wp\/v2\/types\/post"}],"author":[{"embeddable":true,"href":"https:\/\/infonews.az\/index.php?rest_route=\/wp\/v2\/users\/14"}],"replies":[{"embeddable":true,"href":"https:\/\/infonews.az\/index.php?rest_route=%2Fwp%2Fv2%2Fcomments&post=14468"}],"version-history":[{"count":1,"href":"https:\/\/infonews.az\/index.php?rest_route=\/wp\/v2\/posts\/14468\/revisions"}],"predecessor-version":[{"id":14470,"href":"https:\/\/infonews.az\/index.php?rest_route=\/wp\/v2\/posts\/14468\/revisions\/14470"}],"wp:featuredmedia":[{"embeddable":true,"href":"https:\/\/infonews.az\/index.php?rest_route=\/wp\/v2\/media\/14469"}],"wp:attachment":[{"href":"https:\/\/infonews.az\/index.php?rest_route=%2Fwp%2Fv2%2Fmedia&parent=14468"}],"wp:term":[{"taxonomy":"category","embeddable":true,"href":"https:\/\/infonews.az\/index.php?rest_route=%2Fwp%2Fv2%2Fcategories&post=14468"},{"taxonomy":"post_tag","embeddable":true,"href":"https:\/\/infonews.az\/index.php?rest_route=%2Fwp%2Fv2%2Ftags&post=14468"}],"curies":[{"name":"wp","href":"https:\/\/api.w.org\/{rel}","templated":true}]}}