{"id":14592,"date":"2021-11-25T09:51:14","date_gmt":"2021-11-25T05:51:14","guid":{"rendered":"https:\/\/infonews.az\/?p=14592"},"modified":"2021-11-25T10:05:38","modified_gmt":"2021-11-25T06:05:38","slug":"milli-kitabxanada-k%c9%99lb%c9%99c%c9%99r-azaddir-virtual-s%c9%99rgi-hazirlanib","status":"publish","type":"post","link":"https:\/\/infonews.az\/?p=14592","title":{"rendered":"Milli Kitabxanada \u201cK\u0259lb\u0259c\u0259r azadd\u0131r!\u201d virtual s\u0259rgi haz\u0131rlan\u0131b"},"content":{"rendered":"<p><span style=\"color: #ffffff;\">Milli Kitabxanada \u201cK\u0259lb\u0259c\u0259r azadd\u0131r!\u201d virtual s\u0259rgi haz\u0131rlan\u0131b <\/span><\/p>\n<p><a href=\"https:\/\/infonews.az\/?p=14592\"><strong><span style=\"color: #ff0000;\">&#8220;\u0130NFONEWS&#8221;<\/span><\/strong><\/a> x\u0259b\u0259r verir.<\/p>\n<blockquote><p><strong>K\u0259lb\u0259c\u0259r rayonunun i\u015f\u011faldan azad olunmas\u0131 m\u00fcnasib\u0259til\u0259 Milli Kitabxanan\u0131n \u0259m\u0259kda\u015flar\u0131 t\u0259r\u0259find\u0259n \u201cK\u0259lb\u0259c\u0259r azadd\u0131r!\u201d adl\u0131 virtual s\u0259rgi haz\u0131rlan\u0131b.<\/strong><\/p><\/blockquote>\n<p>Kitabxanadan\u00a0bildirilib ki, virtual s\u0259rgid\u0259 r\u0259smi s\u0259n\u0259d, K\u0259lb\u0259c\u0259rin tarixi, t\u0259bi\u0259ti, t\u0259bii s\u0259rv\u0259tl\u0259ri haqq\u0131nda kitablar, d\u00f6vri m\u0259tbuat s\u0259hif\u0259l\u0259rind\u0259 d\u0259rc olunan m\u0259qal\u0259l\u0259r, fotolar n\u00fcmayi\u015f olunur.<\/p>\n<p>Virtual s\u0259rgi il\u0259 tan\u0131\u015f olmaq ist\u0259y\u0259nl\u0259r<a href=\"http:\/\/anl.az\/el\/vsb\/kelbecer_azaddir!\/index.htm\" target=\"_blank\" rel=\"noopener\">\u00a0http:\/\/anl.az\/el\/vsb\/kelbecer_azaddir!\/index.htm<\/a>\u00a0linkind\u0259n istifad\u0259 ed\u0259 bil\u0259rl\u0259r.<\/p>\n","protected":false},"excerpt":{"rendered":"<p>Milli Kitabxanada \u201cK\u0259lb\u0259c\u0259r azadd\u0131r!\u201d virtual s\u0259rgi haz\u0131rlan\u0131b &#8220;\u0130NFONEWS&#8221; x\u0259b\u0259r verir. K\u0259lb\u0259c\u0259r rayonunun i\u015f\u011faldan azad olunmas\u0131 m\u00fcnasib\u0259til\u0259 Milli Kitabxanan\u0131n \u0259m\u0259kda\u015flar\u0131 t\u0259r\u0259find\u0259n \u201cK\u0259lb\u0259c\u0259r azadd\u0131r!\u201d adl\u0131 virtual s\u0259rgi haz\u0131rlan\u0131b. Kitabxanadan\u00a0bildirilib ki, virtual s\u0259rgid\u0259&hellip; <\/p>\n","protected":false},"author":14,"featured_media":14593,"comment_status":"open","ping_status":"open","sticky":false,"template":"","format":"standard","meta":{"_mi_skip_tracking":false,"_monsterinsights_sitenote_active":false,"_monsterinsights_sitenote_note":"","_monsterinsights_sitenote_category":0,"footnotes":""},"categories":[10,11],"tags":[15,5471,4492],"aioseo_notices":[],"_links":{"self":[{"href":"https:\/\/infonews.az\/index.php?rest_route=\/wp\/v2\/posts\/14592"}],"collection":[{"href":"https:\/\/infonews.az\/index.php?rest_route=\/wp\/v2\/posts"}],"about":[{"href":"https:\/\/infonews.az\/index.php?rest_route=\/wp\/v2\/types\/post"}],"author":[{"embeddable":true,"href":"https:\/\/infonews.az\/index.php?rest_route=\/wp\/v2\/users\/14"}],"replies":[{"embeddable":true,"href":"https:\/\/infonews.az\/index.php?rest_route=%2Fwp%2Fv2%2Fcomments&post=14592"}],"version-history":[{"count":1,"href":"https:\/\/infonews.az\/index.php?rest_route=\/wp\/v2\/posts\/14592\/revisions"}],"predecessor-version":[{"id":14594,"href":"https:\/\/infonews.az\/index.php?rest_route=\/wp\/v2\/posts\/14592\/revisions\/14594"}],"wp:featuredmedia":[{"embeddable":true,"href":"https:\/\/infonews.az\/index.php?rest_route=\/wp\/v2\/media\/14593"}],"wp:attachment":[{"href":"https:\/\/infonews.az\/index.php?rest_route=%2Fwp%2Fv2%2Fmedia&parent=14592"}],"wp:term":[{"taxonomy":"category","embeddable":true,"href":"https:\/\/infonews.az\/index.php?rest_route=%2Fwp%2Fv2%2Fcategories&post=14592"},{"taxonomy":"post_tag","embeddable":true,"href":"https:\/\/infonews.az\/index.php?rest_route=%2Fwp%2Fv2%2Ftags&post=14592"}],"curies":[{"name":"wp","href":"https:\/\/api.w.org\/{rel}","templated":true}]}}