{"id":14602,"date":"2021-11-25T11:45:13","date_gmt":"2021-11-25T07:45:13","guid":{"rendered":"https:\/\/infonews.az\/?p=14602"},"modified":"2021-11-25T11:45:13","modified_gmt":"2021-11-25T07:45:13","slug":"ust-peyv%c9%99ndl%c9%99rl%c9%99-bagli-yanlis-t%c9%99s%c9%99vvurl%c9%99r-bar%c9%99d%c9%99-x%c9%99b%c9%99rdarliq-edib","status":"publish","type":"post","link":"https:\/\/infonews.az\/?p=14602","title":{"rendered":"\u00dcST peyv\u0259ndl\u0259rl\u0259 ba\u011fl\u0131 yanl\u0131\u015f t\u0259s\u0259vv\u00fcrl\u0259r bar\u0259d\u0259 x\u0259b\u0259rdarl\u0131q edib"},"content":{"rendered":"<p><span style=\"color: #ffffff;\">\u00dcST peyv\u0259ndl\u0259rl\u0259 ba\u011fl\u0131 yanl\u0131\u015f t\u0259s\u0259vv\u00fcrl\u0259r bar\u0259d\u0259 x\u0259b\u0259rdarl\u0131q edib <\/span><\/p>\n<p><a href=\"https:\/\/infonews.az\/?p=14602\"><strong><span style=\"color: #ff0000;\">&#8220;\u0130NFONEWS&#8221;<\/span><\/strong><\/a> x\u0259b\u0259r verir.<\/p>\n<p><strong>\u00dcmumd\u00fcnya S\u0259hiyy\u0259 T\u0259\u015fkilat\u0131 (\u00dcST) koronavirusa qar\u015f\u0131 peyv\u0259ndl\u0259rl\u0259 ba\u011fl\u0131 ictimaiyy\u0259td\u0259 formala\u015fm\u0131\u015f yanl\u0131\u015f t\u0259s\u0259vv\u00fcrl\u0259r bar\u0259d\u0259 x\u0259b\u0259rdarl\u0131q edib.<\/strong><\/p>\n<p>Beyn\u0259lxalq qurumun Ba\u015f direktoru Tedros Qebreyesus peyv\u0259ndl\u0259rin virusun \u201cDELTA\u201d \u015ftam\u0131na qar\u015f\u0131 t\u0259sirin\u0259 dair t\u0259dqiqat n\u0259tic\u0259l\u0259rind\u0259n dan\u0131\u015f\u0131b. O peyv\u0259ndl\u0259rin koronavirusa qar\u015f\u0131 effektiv t\u0259sirind\u0259n b\u0259hs ed\u0259r\u0259k bildirib ki, peyv\u0259ndl\u0259r insan h\u0259yat\u0131n\u0131 xilas edirl\u0259r, lakin virusun ke\u00e7iriciliyind\u0259n tam qoruya bilmirl\u0259r. Apar\u0131lan ara\u015fd\u0131rmalar g\u00f6st\u0259rib ki, \u201cDELTA\u201d variant\u0131ndan \u00f6nc\u0259 peyv\u0259ndl\u0259r virusun yoluxuculu\u011funun qar\u015f\u0131s\u0131n\u0131 60 faiz alsalar da, s\u00f6z\u00fcged\u0259n variantda bu g\u00f6st\u0259rici 40 faiz\u0259 d\u00fc\u015f\u00fcb. Ona g\u00f6r\u0259 d\u0259 insanlarda peyv\u0259ndl\u0259 ba\u011fl\u0131 yanl\u0131\u015f t\u0259hl\u00fck\u0259sizlik t\u0259s\u0259vv\u00fcrl\u0259ri narahatl\u0131q do\u011furur. \u00c7\u00fcnki ictimaiyy\u0259t aras\u0131nda bel\u0259 bir fikir formala\u015f\u0131b ki, sanki ancaq peyv\u0259ndl\u0259rin t\u0259tbiqi il\u0259 pandemiya aradan qalxacaq v\u0259 peyv\u0259nd olunmu\u015f \u015f\u0259xsl\u0259rin hans\u0131sa qaydalara \u0259m\u0259l etm\u0259sin\u0259 daha g\u0259r\u0259k qalmayacaq.<\/p>\n<p>T.Qebreyesusun s\u00f6zl\u0259rin\u0259 g\u00f6r\u0259, qeyd olunan yana\u015fma il\u0259 yana\u015f\u0131 Avropada a\u015fa\u011f\u0131 peyv\u0259nd kvotas\u0131 v\u0259 vaxt\u0131ndan \u0259vv\u0259l m\u0259hdudiyy\u0259tl\u0259rin yum\u015fald\u0131lmas\u0131 virusun yeni dal\u011fas\u0131na s\u0259b\u0259b olub. \u00d6t\u0259n h\u0259ft\u0259 b\u00fct\u00fcn d\u00fcnya \u00fczr\u0259 qeyd\u0259 al\u0131nan yeni yoluxma v\u0259 \u00f6l\u00fcm hallar\u0131n\u0131n 60 faizi Avropan\u0131n pay\u0131na d\u00fc\u015f\u00fcb. Bu is\u0259 regionda s\u0259hiyy\u0259 sisteml\u0259rinin h\u0259dd\u0259n art\u0131q y\u00fckl\u0259nm\u0259sin\u0259 s\u0259b\u0259b olur.<\/p>\n<p>Statistikaya g\u00f6r\u0259, bir h\u0259ft\u0259 \u0259rzind\u0259 Avropada koronavirusla \u0259laq\u0259dar 2,5 milyon yeni yoluxma v\u0259 30 min \u00f6l\u00fcm hal\u0131 qeyd\u0259 al\u0131n\u0131b. Bununla da Avropa qit\u0259si haz\u0131rda d\u00fcnyada koronavirus pandemiyas\u0131n\u0131n t\u00fc\u011fyan etdiyi \u0259sas regiondur.<\/p>\n<p>Avropada yoluxma hallar\u0131n\u0131n ciddi \u015f\u0259kild\u0259 artmas\u0131na baxmayaraq, qit\u0259d\u0259 sosial t\u0259maslar\u0131n s\u0259viyy\u0259si pandemiyadan \u0259vv\u0259lki s\u0259viyy\u0259y\u0259 \u00e7atmas\u0131 da t\u0259nqid olunub. Bildirilib ki, peyv\u0259nd olunmaq n\u0259 q\u0259d\u0259r t\u0259qdir\u0259layiq olsa da, pandemiyaya qar\u015f\u0131 m\u00fcbariz\u0259 qaydalar\u0131 v\u0259 m\u0259hdudiyy\u0259tl\u0259r\u0259 \u0259m\u0259l olunmas\u0131 da bir o q\u0259d\u0259r vacibdir.<\/p>\n<p>(AZ\u018fRTAC)<\/p>\n","protected":false},"excerpt":{"rendered":"<p>\u00dcST peyv\u0259ndl\u0259rl\u0259 ba\u011fl\u0131 yanl\u0131\u015f t\u0259s\u0259vv\u00fcrl\u0259r bar\u0259d\u0259 x\u0259b\u0259rdarl\u0131q edib &#8220;\u0130NFONEWS&#8221; x\u0259b\u0259r verir. \u00dcmumd\u00fcnya S\u0259hiyy\u0259 T\u0259\u015fkilat\u0131 (\u00dcST) koronavirusa qar\u015f\u0131 peyv\u0259ndl\u0259rl\u0259 ba\u011fl\u0131 ictimaiyy\u0259td\u0259 formala\u015fm\u0131\u015f yanl\u0131\u015f t\u0259s\u0259vv\u00fcrl\u0259r bar\u0259d\u0259 x\u0259b\u0259rdarl\u0131q edib. Beyn\u0259lxalq qurumun Ba\u015f direktoru&hellip; <\/p>\n","protected":false},"author":14,"featured_media":14603,"comment_status":"open","ping_status":"open","sticky":false,"template":"","format":"standard","meta":{"_mi_skip_tracking":false,"_monsterinsights_sitenote_active":false,"_monsterinsights_sitenote_note":"","_monsterinsights_sitenote_category":0,"footnotes":""},"categories":[699,11],"tags":[15,346],"aioseo_notices":[],"_links":{"self":[{"href":"https:\/\/infonews.az\/index.php?rest_route=\/wp\/v2\/posts\/14602"}],"collection":[{"href":"https:\/\/infonews.az\/index.php?rest_route=\/wp\/v2\/posts"}],"about":[{"href":"https:\/\/infonews.az\/index.php?rest_route=\/wp\/v2\/types\/post"}],"author":[{"embeddable":true,"href":"https:\/\/infonews.az\/index.php?rest_route=\/wp\/v2\/users\/14"}],"replies":[{"embeddable":true,"href":"https:\/\/infonews.az\/index.php?rest_route=%2Fwp%2Fv2%2Fcomments&post=14602"}],"version-history":[{"count":1,"href":"https:\/\/infonews.az\/index.php?rest_route=\/wp\/v2\/posts\/14602\/revisions"}],"predecessor-version":[{"id":14604,"href":"https:\/\/infonews.az\/index.php?rest_route=\/wp\/v2\/posts\/14602\/revisions\/14604"}],"wp:featuredmedia":[{"embeddable":true,"href":"https:\/\/infonews.az\/index.php?rest_route=\/wp\/v2\/media\/14603"}],"wp:attachment":[{"href":"https:\/\/infonews.az\/index.php?rest_route=%2Fwp%2Fv2%2Fmedia&parent=14602"}],"wp:term":[{"taxonomy":"category","embeddable":true,"href":"https:\/\/infonews.az\/index.php?rest_route=%2Fwp%2Fv2%2Fcategories&post=14602"},{"taxonomy":"post_tag","embeddable":true,"href":"https:\/\/infonews.az\/index.php?rest_route=%2Fwp%2Fv2%2Ftags&post=14602"}],"curies":[{"name":"wp","href":"https:\/\/api.w.org\/{rel}","templated":true}]}}