{"id":14617,"date":"2021-11-25T17:28:15","date_gmt":"2021-11-25T13:28:15","guid":{"rendered":"https:\/\/infonews.az\/?p=14617"},"modified":"2021-11-25T17:28:15","modified_gmt":"2021-11-25T13:28:15","slug":"taekvondo-uzr%c9%99-g%c9%99ncl%c9%99r-arasinda-az%c9%99rbaycan-birinciliyi-keciril%c9%99c%c9%99k","status":"publish","type":"post","link":"https:\/\/infonews.az\/?p=14617","title":{"rendered":"Taekvondo \u00fczr\u0259 g\u0259ncl\u0259r aras\u0131nda Az\u0259rbaycan birinciliyi ke\u00e7iril\u0259c\u0259k"},"content":{"rendered":"<p class=\"content-title\"><span style=\"color: #ffffff;\">Taekvondo \u00fczr\u0259 g\u0259ncl\u0259r aras\u0131nda Az\u0259rbaycan birinciliyi ke\u00e7iril\u0259c\u0259k<\/span><\/p>\n<p><a href=\"https:\/\/infonews.az\/?p=14617\"><strong><span style=\"color: #ff0000;\">&#8220;\u0130NFONEWS&#8221;<\/span><\/strong> <\/a>x\u0259b\u0259r verir.<\/p>\n<p><strong>Sumqay\u0131t Olimpiya \u0130dman Kompleksind\u0259 taekvondo \u00fczr\u0259 g\u0259ncl\u0259r aras\u0131nda Az\u0259rbaycan birinciliyi ke\u00e7iril\u0259c\u0259k.<\/strong><\/p>\n<p>Yar\u0131\u015fda 2005-2007-ci ill\u0259r t\u0259v\u0259ll\u00fcdl\u00fc idman\u00e7\u0131lar i\u015ftirak ed\u0259c\u0259kl\u0259r. Yar\u0131\u015f koronavirus pandemiyas\u0131 il\u0259 \u0259laq\u0259dar m\u00fc\u0259yy\u0259n olunan karantin rejimi qaydalar\u0131na uy\u011fun v\u0259 b\u00fct\u00fcn \u015f\u0259rtl\u0259r\u0259 \u0259m\u0259l edilm\u0259kl\u0259 t\u0259\u015fkil edil\u0259c\u0259k. Yar\u0131\u015f zaman\u0131 idman\u00e7\u0131lar\u0131n valideynl\u0259ri v\u0259 tama\u015fa\u00e7\u0131lar zala burax\u0131lmayacaqlar.<\/p>\n<p>Dekabr\u0131n 2-d\u0259 start g\u00f6t\u00fcr\u0259c\u0259k turnir iki g\u00fcn davam ed\u0259c\u0259k.<\/p>\n","protected":false},"excerpt":{"rendered":"<p>Taekvondo \u00fczr\u0259 g\u0259ncl\u0259r aras\u0131nda Az\u0259rbaycan birinciliyi ke\u00e7iril\u0259c\u0259k &#8220;\u0130NFONEWS&#8221; x\u0259b\u0259r verir. Sumqay\u0131t Olimpiya \u0130dman Kompleksind\u0259 taekvondo \u00fczr\u0259 g\u0259ncl\u0259r aras\u0131nda Az\u0259rbaycan birinciliyi ke\u00e7iril\u0259c\u0259k. Yar\u0131\u015fda 2005-2007-ci ill\u0259r t\u0259v\u0259ll\u00fcdl\u00fc idman\u00e7\u0131lar i\u015ftirak ed\u0259c\u0259kl\u0259r. Yar\u0131\u015f koronavirus&hellip; <\/p>\n","protected":false},"author":14,"featured_media":14618,"comment_status":"open","ping_status":"open","sticky":false,"template":"","format":"standard","meta":{"_mi_skip_tracking":false,"_monsterinsights_sitenote_active":false,"_monsterinsights_sitenote_note":"","_monsterinsights_sitenote_category":0,"footnotes":""},"categories":[4,58,11],"tags":[15,5476,4381],"aioseo_notices":[],"_links":{"self":[{"href":"https:\/\/infonews.az\/index.php?rest_route=\/wp\/v2\/posts\/14617"}],"collection":[{"href":"https:\/\/infonews.az\/index.php?rest_route=\/wp\/v2\/posts"}],"about":[{"href":"https:\/\/infonews.az\/index.php?rest_route=\/wp\/v2\/types\/post"}],"author":[{"embeddable":true,"href":"https:\/\/infonews.az\/index.php?rest_route=\/wp\/v2\/users\/14"}],"replies":[{"embeddable":true,"href":"https:\/\/infonews.az\/index.php?rest_route=%2Fwp%2Fv2%2Fcomments&post=14617"}],"version-history":[{"count":1,"href":"https:\/\/infonews.az\/index.php?rest_route=\/wp\/v2\/posts\/14617\/revisions"}],"predecessor-version":[{"id":14619,"href":"https:\/\/infonews.az\/index.php?rest_route=\/wp\/v2\/posts\/14617\/revisions\/14619"}],"wp:featuredmedia":[{"embeddable":true,"href":"https:\/\/infonews.az\/index.php?rest_route=\/wp\/v2\/media\/14618"}],"wp:attachment":[{"href":"https:\/\/infonews.az\/index.php?rest_route=%2Fwp%2Fv2%2Fmedia&parent=14617"}],"wp:term":[{"taxonomy":"category","embeddable":true,"href":"https:\/\/infonews.az\/index.php?rest_route=%2Fwp%2Fv2%2Fcategories&post=14617"},{"taxonomy":"post_tag","embeddable":true,"href":"https:\/\/infonews.az\/index.php?rest_route=%2Fwp%2Fv2%2Ftags&post=14617"}],"curies":[{"name":"wp","href":"https:\/\/api.w.org\/{rel}","templated":true}]}}