{"id":14801,"date":"2021-11-30T19:17:03","date_gmt":"2021-11-30T15:17:03","guid":{"rendered":"https:\/\/infonews.az\/?p=14801"},"modified":"2021-11-30T17:20:44","modified_gmt":"2021-11-30T13:20:44","slug":"%c9%99ziz-sancar-diasporla-is-uzr%c9%99-dovl%c9%99t-komit%c9%99sind%c9%99-olub","status":"publish","type":"post","link":"https:\/\/infonews.az\/?p=14801","title":{"rendered":"\u018fziz Sancar Diasporla \u0130\u015f \u00fczr\u0259 D\u00f6vl\u0259t Komit\u0259sind\u0259 olub"},"content":{"rendered":"<p><span style=\"color: #ffffff;\">\u018fziz Sancar Diasporla \u0130\u015f \u00fczr\u0259 D\u00f6vl\u0259t Komit\u0259sind\u0259 olub<\/span><\/p>\n<p><a href=\"https:\/\/infonews.az\/?p=14801\"><strong><span style=\"color: #ff0000;\">&#8220;\u0130NFONEWS&#8221;<\/span> <\/strong><\/a>x\u0259b\u0259r verir.<\/p>\n<p><strong>D\u00fcnya \u015f\u00f6hr\u0259tli alim, Nobel m\u00fckafat\u0131 laureat\u0131, professor \u018fziz Sancar Diasporla \u0130\u015f \u00fczr\u0259 D\u00f6vl\u0259t Komit\u0259sind\u0259 olub v\u0259 komit\u0259nin kollektivi il\u0259 g\u00f6r\u00fc\u015f\u00fcb.<\/strong><\/p>\n<p>Diasporla \u0130\u015f \u00fczr\u0259 D\u00f6vl\u0259t Komit\u0259sind\u0259n veril\u0259n m\u0259lumata g\u00f6r\u0259, qona\u011f\u0131 salamlayan Komit\u0259 s\u0259dri Fuad Muradov onu yenid\u0259n \u00f6lk\u0259mizd\u0259 g\u00f6rm\u0259kd\u0259n m\u0259mnunluq duydu\u011funu bildirib, \u018fziz Sancar\u0131n h\u0259yat\u0131n\u0131n, elmi f\u0259aliyy\u0259tinin v\u0259 t\u00fcrk d\u00fcnyas\u0131n\u0131n m\u0259n\u0259vi birliyi \u00fc\u00e7\u00fcn g\u00f6rd\u00fcy\u00fc i\u015fl\u0259rin g\u0259ncl\u0259rimizin milli-m\u0259n\u0259vi d\u0259y\u0259rl\u0259r\u0259 s\u0259daq\u0259t, v\u0259t\u0259np\u0259rv\u0259rlik ruhunda yeti\u015fm\u0259sind\u0259, qloballa\u015fan d\u00fcnyada elm\u0259, t\u0259hsil\u0259 olan mara\u011f\u0131n artmas\u0131nda b\u00f6y\u00fck stimul oldu\u011funu vur\u011fulay\u0131b. Komit\u0259 s\u0259dri Az\u0259rbaycan v\u0259 t\u00fcrk diaspor t\u0259\u015fkilatlar\u0131n\u0131n birg\u0259 f\u0259aliyy\u0259ti sah\u0259sind\u0259 g\u00f6rd\u00fcy\u00fc i\u015fl\u0259r\u0259 g\u00f6r\u0259 \u018fziz Sancara x\u00fcsusi t\u0259\u015f\u0259kk\u00fcr edib.<\/p>\n<p>G\u00f6r\u00fc\u015fd\u0259 i\u015ftirak ed\u0259n Humboldt m\u00fckafat\u0131 alm\u0131\u015f ilk az\u0259rbaycanl\u0131 riyaziyyat\u00e7\u0131, professor M\u0259sud \u018ff\u0259ndiyev son ill\u0259r diaspor quruculu\u011fu sah\u0259sind\u0259 g\u00f6r\u00fcl\u0259n i\u015fl\u0259ri y\u00fcks\u0259k qiym\u0259tl\u0259ndirib, \u018fziz Sancar\u0131 Az\u0259rbaycan\u0131n b\u00f6y\u00fck dostu adland\u0131r\u0131b.<\/p>\n<p>S\u0259mimi g\u00f6r\u00fc\u015f\u0259 g\u00f6r\u0259 t\u0259\u015f\u0259kk\u00fcr\u00fcn\u00fc bildir\u0259n \u018fziz Sancar eyni soyk\u00f6k\u0259, milli v\u0259 ortaq d\u0259y\u0259rl\u0259r\u0259 \u0259saslanan T\u00fcrkiy\u0259-Az\u0259rbaycan dostlu\u011fundan, qarda\u015fl\u0131\u011f\u0131ndan s\u00f6z a\u00e7\u0131b, t\u00fcrk d\u00f6vl\u0259tl\u0259ri aras\u0131ndak\u0131 m\u00fcnasib\u0259tl\u0259rin daha da m\u00f6hk\u0259ml\u0259nm\u0259si \u00fc\u00e7\u00fcn \u0259lind\u0259n g\u0259l\u0259ni etm\u0259y\u0259 haz\u0131r oldu\u011funu v\u0259 h\u0259r zaman Az\u0259rbaycan\u0131n yan\u0131nda oldu\u011funu vur\u011fulay\u0131b, Az\u0259rbaycan v\u0259 t\u00fcrk diasporlar\u0131n\u0131n birg\u0259 f\u0259aliyy\u0259ti il\u0259 ba\u011fl\u0131 t\u00f6vsiy\u0259l\u0259rini verib.<\/p>\n<p>G\u00f6r\u00fc\u015f\u00fcn sonunda xatir\u0259 \u015f\u0259kli \u00e7\u0259kilib.<\/p>\n<p>Qeyd ed\u0259k ki, Prezident \u0130lham \u018fliyevin 10 sentyabr 2021-ci il tarixli s\u0259r\u0259ncam\u0131 il\u0259 Az\u0259rbaycan Respublikas\u0131n\u0131n beyn\u0259lxalq humanitar \u0259laq\u0259l\u0259rinin inki\u015faf\u0131nda xidm\u0259tl\u0259rin\u0259 g\u00f6r\u0259 \u018fziz Sancar \u201cAz\u0259rbaycan Respublikas\u0131 Prezidentinin F\u0259xri Diplomu\u201d il\u0259 t\u0259ltif edilib.<\/p>\n","protected":false},"excerpt":{"rendered":"<p>\u018fziz Sancar Diasporla \u0130\u015f \u00fczr\u0259 D\u00f6vl\u0259t Komit\u0259sind\u0259 olub &#8220;\u0130NFONEWS&#8221; x\u0259b\u0259r verir. D\u00fcnya \u015f\u00f6hr\u0259tli alim, Nobel m\u00fckafat\u0131 laureat\u0131, professor \u018fziz Sancar Diasporla \u0130\u015f \u00fczr\u0259 D\u00f6vl\u0259t Komit\u0259sind\u0259 olub v\u0259 komit\u0259nin kollektivi il\u0259&hellip; <\/p>\n","protected":false},"author":14,"featured_media":14802,"comment_status":"open","ping_status":"open","sticky":false,"template":"","format":"standard","meta":{"_mi_skip_tracking":false,"_monsterinsights_sitenote_active":false,"_monsterinsights_sitenote_note":"","_monsterinsights_sitenote_category":0,"footnotes":""},"categories":[5373,4,11],"tags":[4771,5526,15],"aioseo_notices":[],"_links":{"self":[{"href":"https:\/\/infonews.az\/index.php?rest_route=\/wp\/v2\/posts\/14801"}],"collection":[{"href":"https:\/\/infonews.az\/index.php?rest_route=\/wp\/v2\/posts"}],"about":[{"href":"https:\/\/infonews.az\/index.php?rest_route=\/wp\/v2\/types\/post"}],"author":[{"embeddable":true,"href":"https:\/\/infonews.az\/index.php?rest_route=\/wp\/v2\/users\/14"}],"replies":[{"embeddable":true,"href":"https:\/\/infonews.az\/index.php?rest_route=%2Fwp%2Fv2%2Fcomments&post=14801"}],"version-history":[{"count":1,"href":"https:\/\/infonews.az\/index.php?rest_route=\/wp\/v2\/posts\/14801\/revisions"}],"predecessor-version":[{"id":14803,"href":"https:\/\/infonews.az\/index.php?rest_route=\/wp\/v2\/posts\/14801\/revisions\/14803"}],"wp:featuredmedia":[{"embeddable":true,"href":"https:\/\/infonews.az\/index.php?rest_route=\/wp\/v2\/media\/14802"}],"wp:attachment":[{"href":"https:\/\/infonews.az\/index.php?rest_route=%2Fwp%2Fv2%2Fmedia&parent=14801"}],"wp:term":[{"taxonomy":"category","embeddable":true,"href":"https:\/\/infonews.az\/index.php?rest_route=%2Fwp%2Fv2%2Fcategories&post=14801"},{"taxonomy":"post_tag","embeddable":true,"href":"https:\/\/infonews.az\/index.php?rest_route=%2Fwp%2Fv2%2Ftags&post=14801"}],"curies":[{"name":"wp","href":"https:\/\/api.w.org\/{rel}","templated":true}]}}