{"id":14882,"date":"2021-12-03T11:47:16","date_gmt":"2021-12-03T07:47:16","guid":{"rendered":"https:\/\/infonews.az\/?p=14882"},"modified":"2021-12-03T19:43:06","modified_gmt":"2021-12-03T15:43:06","slug":"hibrid-avtomobill%c9%99rin-idxali-v%c9%99-satisi-%c9%99dv-d%c9%99n-azad-edilir","status":"publish","type":"post","link":"https:\/\/infonews.az\/?p=14882","title":{"rendered":"Hibrid avtomobill\u0259rin idxal\u0131 v\u0259 sat\u0131\u015f\u0131 \u018fDV-d\u0259n azad edilir"},"content":{"rendered":"<p class=\"article-title\"><span style=\"color: #ffffff;\">Hibrid avtomobill\u0259rin idxal\u0131 v\u0259 sat\u0131\u015f\u0131 \u018fDV-d\u0259n azad edilir<\/span><\/p>\n<blockquote><p>Az\u0259rbaycana elektrik m\u00fch\u0259rriki il\u0259 i\u015fl\u0259y\u0259n avtomobill\u0259rin sat\u0131\u015f\u0131 da \u018fDV-d\u0259n azad edilir.<\/p><\/blockquote>\n<p><a href=\"https:\/\/infonews.az\/\"><strong><span style=\"color: #ff0000;\">&#8220;\u0130NFONEWS&#8221;<\/span><\/strong><\/a> x\u0259b\u0259r verir ki, bu, Milli M\u0259clisin bu g\u00fcn ke\u00e7iril\u0259n iclas\u0131nda \u00fc\u00e7\u00fcnc\u00fc oxunu\u015fda m\u00fczakir\u0259y\u0259 \u00e7\u0131xar\u0131lan Vergi M\u0259c\u0259ll\u0259sin\u0259 t\u0259klif edil\u0259n d\u0259yi\u015fiklikd\u0259 \u0259ksini tap\u0131b.<\/p>\n<p>Qeyd ed\u0259k ki, indiy\u0259d\u0259k elektrik m\u00fch\u0259rriki il\u0259 i\u015fl\u0259y\u0259n avtomobill\u0259rin idxal\u0131 \u018fDV-d\u0259n azad idi. Bundan sonra elektrik m\u00fch\u0259rriki il\u0259 i\u015fl\u0259y\u0259n avtomobill\u0259rin idxal\u0131 il\u0259 yana\u015f\u0131, sat\u0131\u015f\u0131 da \u018fDV-d\u0259n azad edilir.<\/p>\n<p>Bundan ba\u015fqa, layih\u0259d\u0259 istehsal tarixi 3 ild\u0259n v\u0259 m\u00fch\u0259rrikinin h\u0259cmi 2500 kubsantimetrd\u0259n \u00e7ox olmayan hibrid avtomobill\u0259rin idxal\u0131 v\u0259 sat\u0131\u015f\u0131n\u0131n, habel\u0259 elektrik m\u00fch\u0259rriki il\u0259 i\u015fl\u0259y\u0259n avtomobill\u0259r \u00fc\u00e7\u00fcn ikinci v\u0259 \u00fc\u00e7\u00fcnc\u00fc s\u0259viyy\u0259 elektrik enerji doldurucular\u0131n\u0131n idxal\u0131n\u0131n 2022-ci il yanvar\u0131n 1-d\u0259n 3 il m\u00fcdd\u0259tin\u0259 \u018fDV-d\u0259n azad edilm\u0259si n\u0259z\u0259rd\u0259 tutulur.<\/p>\n<p>Qanun layih\u0259si s\u0259s\u0259 qoyularaq q\u0259bul edilib.<\/p>\n","protected":false},"excerpt":{"rendered":"<p>Hibrid avtomobill\u0259rin idxal\u0131 v\u0259 sat\u0131\u015f\u0131 \u018fDV-d\u0259n azad edilir Az\u0259rbaycana elektrik m\u00fch\u0259rriki il\u0259 i\u015fl\u0259y\u0259n avtomobill\u0259rin sat\u0131\u015f\u0131 da \u018fDV-d\u0259n azad edilir. &#8220;\u0130NFONEWS&#8221; x\u0259b\u0259r verir ki, bu, Milli M\u0259clisin bu g\u00fcn ke\u00e7iril\u0259n iclas\u0131nda&hellip; <\/p>\n","protected":false},"author":3,"featured_media":14883,"comment_status":"open","ping_status":"open","sticky":false,"template":"","format":"standard","meta":{"_mi_skip_tracking":false,"_monsterinsights_sitenote_active":false,"_monsterinsights_sitenote_note":"","_monsterinsights_sitenote_category":0,"footnotes":""},"categories":[2,11],"tags":[5543,53],"aioseo_notices":[],"_links":{"self":[{"href":"https:\/\/infonews.az\/index.php?rest_route=\/wp\/v2\/posts\/14882"}],"collection":[{"href":"https:\/\/infonews.az\/index.php?rest_route=\/wp\/v2\/posts"}],"about":[{"href":"https:\/\/infonews.az\/index.php?rest_route=\/wp\/v2\/types\/post"}],"author":[{"embeddable":true,"href":"https:\/\/infonews.az\/index.php?rest_route=\/wp\/v2\/users\/3"}],"replies":[{"embeddable":true,"href":"https:\/\/infonews.az\/index.php?rest_route=%2Fwp%2Fv2%2Fcomments&post=14882"}],"version-history":[{"count":1,"href":"https:\/\/infonews.az\/index.php?rest_route=\/wp\/v2\/posts\/14882\/revisions"}],"predecessor-version":[{"id":14884,"href":"https:\/\/infonews.az\/index.php?rest_route=\/wp\/v2\/posts\/14882\/revisions\/14884"}],"wp:featuredmedia":[{"embeddable":true,"href":"https:\/\/infonews.az\/index.php?rest_route=\/wp\/v2\/media\/14883"}],"wp:attachment":[{"href":"https:\/\/infonews.az\/index.php?rest_route=%2Fwp%2Fv2%2Fmedia&parent=14882"}],"wp:term":[{"taxonomy":"category","embeddable":true,"href":"https:\/\/infonews.az\/index.php?rest_route=%2Fwp%2Fv2%2Fcategories&post=14882"},{"taxonomy":"post_tag","embeddable":true,"href":"https:\/\/infonews.az\/index.php?rest_route=%2Fwp%2Fv2%2Ftags&post=14882"}],"curies":[{"name":"wp","href":"https:\/\/api.w.org\/{rel}","templated":true}]}}