{"id":14937,"date":"2021-12-05T15:59:13","date_gmt":"2021-12-05T11:59:13","guid":{"rendered":"https:\/\/infonews.az\/?p=14937"},"modified":"2021-12-05T23:21:32","modified_gmt":"2021-12-05T19:21:32","slug":"az%c9%99rbaycan-konullul%c9%99ri-ulu-ond%c9%99r-heyd%c9%99r-%c9%99liyevin-m%c9%99zarini-v%c9%99-s%c9%99hidl%c9%99r-xiyabanini-ziyar%c9%99t-edibl%c9%99r","status":"publish","type":"post","link":"https:\/\/infonews.az\/?p=14937","title":{"rendered":"Az\u0259rbaycan k\u00f6n\u00fcll\u00fcl\u0259ri ulu \u00f6nd\u0259r Heyd\u0259r \u018fliyevin m\u0259zar\u0131n\u0131 v\u0259 \u015e\u0259hidl\u0259r xiyaban\u0131n\u0131 ziyar\u0259t edibl\u0259r"},"content":{"rendered":"<p class=\"article-title\"><span style=\"color: #ffffff;\">Az\u0259rbaycan k\u00f6n\u00fcll\u00fcl\u0259ri ulu \u00f6nd\u0259r Heyd\u0259r \u018fliyevin m\u0259zar\u0131n\u0131 v\u0259 \u015e\u0259hidl\u0259r xiyaban\u0131n\u0131 ziyar\u0259t edibl\u0259r<\/span><\/p>\n<blockquote><p>5 dekabr &#8211; Beyn\u0259lxalq K\u00f6n\u00fcll\u00fcl\u0259r G\u00fcn\u00fc m\u00fcnasib\u0259til\u0259 Az\u0259rbaycan k\u00f6n\u00fcll\u00fcl\u0259ri F\u0259xri xiyabanda \u00fcmummilli lider Heyd\u0259r \u018fliyevin m\u0259zar\u0131n\u0131 v\u0259 \u015e\u0259hidl\u0259r xiyaban\u0131n\u0131 ziyar\u0259t edibl\u0259r.<\/p><\/blockquote>\n<p><a href=\"https:\/\/infonews.az\/\"><strong><span style=\"color: #ff0000;\">&#8220;\u0130NFONEWS&#8221;<\/span><\/strong><\/a> x\u0259b\u0259r verir ki, k\u00f6n\u00fcll\u00fcl\u0259r \u0259vv\u0259lc\u0259 F\u0259xri xiyabana g\u0259l\u0259r\u0259k xalq\u0131m\u0131z\u0131n \u00fcmummilli lideri, m\u00fcasir m\u00fcst\u0259qil Az\u0259rbaycan d\u00f6vl\u0259tinin memar\u0131 v\u0259 qurucusu Heyd\u0259r \u018fliyevin xatir\u0259sini d\u0259rin ehtiramla yad edib, m\u0259zar\u0131 \u00f6n\u00fcn\u0259 \u0259klil v\u0259 t\u0259r g\u00fcll\u0259r qoyublar.<\/p>\n<p>K\u00f6n\u00fcll\u00fcl\u0259r sonra \u015e\u0259hidl\u0259r xiyaban\u0131n\u0131 ziyar\u0259t ed\u0259r\u0259k, Az\u0259rbaycan\u0131n m\u00fcst\u0259qilliyi v\u0259 \u0259razi b\u00fct\u00f6vl\u00fcy\u00fc u\u011frunda m\u00fcbariz\u0259d\u0259 canlar\u0131ndan ke\u00e7mi\u015f q\u0259hr\u0259man V\u0259t\u0259n \u00f6vladlar\u0131n\u0131n xatir\u0259sini h\u00f6rm\u0259tl\u0259 an\u0131b, m\u0259zarlar\u0131 \u00fcz\u0259rin\u0259 t\u0259r \u00e7i\u00e7\u0259kl\u0259r d\u00fcz\u00fcb, \u201c\u018fb\u0259di m\u0259\u015f\u0259l\u201d abid\u0259sinin \u00f6n\u00fcn\u0259 \u0259klil qoyublar.<\/p>\n<figure id=\"attachment_14939\" aria-describedby=\"caption-attachment-14939\" style=\"width: 996px\" class=\"wp-caption aligncenter\"><img loading=\"lazy\" decoding=\"async\" class=\"wp-image-14939 size-full\" src=\"https:\/\/infonews.az\/wp-content\/uploads\/2021\/12\/konulluler-2.jpg\" alt=\"Az\u0259rbaycan k\u00f6n\u00fcll\u00fcl\u0259ri ulu \u00f6nd\u0259r Heyd\u0259r \u018fliyevin m\u0259zar\u0131n\u0131 v\u0259 \u015e\u0259hidl\u0259r xiyaban\u0131n\u0131 ziyar\u0259t edibl\u0259r\" width=\"996\" height=\"493\" srcset=\"https:\/\/infonews.az\/wp-content\/uploads\/2021\/12\/konulluler-2.jpg?v=1660873131 996w, https:\/\/infonews.az\/wp-content\/uploads\/2021\/12\/konulluler-2-300x148.jpg?v=1660873131 300w, https:\/\/infonews.az\/wp-content\/uploads\/2021\/12\/konulluler-2-768x380.jpg?v=1660873131 768w\" sizes=\"(max-width: 996px) 100vw, 996px\" \/><figcaption id=\"caption-attachment-14939\" class=\"wp-caption-text\"><span style=\"color: #ffffff;\">Az\u0259rbaycan k\u00f6n\u00fcll\u00fcl\u0259ri ulu \u00f6nd\u0259r Heyd\u0259r \u018fliyevin m\u0259zar\u0131n\u0131 v\u0259 \u015e\u0259hidl\u0259r xiyaban\u0131n\u0131 ziyar\u0259t edibl\u0259r<\/span><\/figcaption><\/figure>\n","protected":false},"excerpt":{"rendered":"<p>Az\u0259rbaycan k\u00f6n\u00fcll\u00fcl\u0259ri ulu \u00f6nd\u0259r Heyd\u0259r \u018fliyevin m\u0259zar\u0131n\u0131 v\u0259 \u015e\u0259hidl\u0259r xiyaban\u0131n\u0131 ziyar\u0259t edibl\u0259r 5 dekabr &#8211; Beyn\u0259lxalq K\u00f6n\u00fcll\u00fcl\u0259r G\u00fcn\u00fc m\u00fcnasib\u0259til\u0259 Az\u0259rbaycan k\u00f6n\u00fcll\u00fcl\u0259ri F\u0259xri xiyabanda \u00fcmummilli lider Heyd\u0259r \u018fliyevin m\u0259zar\u0131n\u0131 v\u0259 \u015e\u0259hidl\u0259r&hellip; <\/p>\n","protected":false},"author":3,"featured_media":14938,"comment_status":"open","ping_status":"open","sticky":false,"template":"","format":"standard","meta":{"_mi_skip_tracking":false,"_monsterinsights_sitenote_active":false,"_monsterinsights_sitenote_note":"","_monsterinsights_sitenote_category":0,"footnotes":""},"categories":[5373,11],"tags":[5552,5553,691,87],"aioseo_notices":[],"_links":{"self":[{"href":"https:\/\/infonews.az\/index.php?rest_route=\/wp\/v2\/posts\/14937"}],"collection":[{"href":"https:\/\/infonews.az\/index.php?rest_route=\/wp\/v2\/posts"}],"about":[{"href":"https:\/\/infonews.az\/index.php?rest_route=\/wp\/v2\/types\/post"}],"author":[{"embeddable":true,"href":"https:\/\/infonews.az\/index.php?rest_route=\/wp\/v2\/users\/3"}],"replies":[{"embeddable":true,"href":"https:\/\/infonews.az\/index.php?rest_route=%2Fwp%2Fv2%2Fcomments&post=14937"}],"version-history":[{"count":1,"href":"https:\/\/infonews.az\/index.php?rest_route=\/wp\/v2\/posts\/14937\/revisions"}],"predecessor-version":[{"id":14940,"href":"https:\/\/infonews.az\/index.php?rest_route=\/wp\/v2\/posts\/14937\/revisions\/14940"}],"wp:featuredmedia":[{"embeddable":true,"href":"https:\/\/infonews.az\/index.php?rest_route=\/wp\/v2\/media\/14938"}],"wp:attachment":[{"href":"https:\/\/infonews.az\/index.php?rest_route=%2Fwp%2Fv2%2Fmedia&parent=14937"}],"wp:term":[{"taxonomy":"category","embeddable":true,"href":"https:\/\/infonews.az\/index.php?rest_route=%2Fwp%2Fv2%2Fcategories&post=14937"},{"taxonomy":"post_tag","embeddable":true,"href":"https:\/\/infonews.az\/index.php?rest_route=%2Fwp%2Fv2%2Ftags&post=14937"}],"curies":[{"name":"wp","href":"https:\/\/api.w.org\/{rel}","templated":true}]}}