{"id":14949,"date":"2021-12-06T08:45:56","date_gmt":"2021-12-06T04:45:56","guid":{"rendered":"https:\/\/infonews.az\/?p=14949"},"modified":"2021-12-06T10:24:41","modified_gmt":"2021-12-06T06:24:41","slug":"ulvi-mehdiyev-yeni-m%c9%99rk%c9%99zl%c9%99r-acildiqda-konulluluk-f%c9%99aliyy%c9%99til%c9%99-m%c9%99sgul-olanlara-daha-cox-ustunluk-ver%c9%99c%c9%99yik","status":"publish","type":"post","link":"https:\/\/infonews.az\/?p=14949","title":{"rendered":"\u00dclvi Mehdiyev: Yeni m\u0259rk\u0259zl\u0259r a\u00e7\u0131ld\u0131qda k\u00f6n\u00fcll\u00fcl\u00fck f\u0259aliyy\u0259til\u0259 m\u0259\u015f\u011ful olanlara daha \u00e7ox \u00fcst\u00fcnl\u00fck ver\u0259c\u0259yik"},"content":{"rendered":"<p><span style=\"color: #ffffff;\">\u00dclvi Mehdiyev: Yeni m\u0259rk\u0259zl\u0259r a\u00e7\u0131ld\u0131qda k\u00f6n\u00fcll\u00fcl\u00fck f\u0259aliyy\u0259til\u0259 m\u0259\u015f\u011ful olanlara daha \u00e7ox \u00fcst\u00fcnl\u00fck ver\u0259c\u0259yik<\/span><\/p>\n<blockquote><p>Bu g\u00fcn Beyn\u0259lxalq K\u00f6n\u00fcll\u00fcl\u0259r G\u00fcn\u00fc m\u00fcnasib\u0259til\u0259 Az\u0259rbaycan Respublikas\u0131 G\u0259ncl\u0259r Fondunun, G\u0259ncl\u0259r v\u0259 \u0130dman Nazirliyin v\u0259 V\u0259t\u0259nda\u015flara Xidm\u0259t v\u0259 Sosial \u0130nnovasiyalar \u00fczr\u0259 D\u00f6vl\u0259t Agentliyinin t\u0259\u015fkilat\u00e7\u0131l\u0131\u011f\u0131 il\u0259 Az\u0259rbaycan K\u00f6n\u00fcll\u00fcl\u0259rinin lV H\u0259mr\u0259ylik Forumu ke\u00e7irilir. Bilirsiniz ki, \u201cASAN xidm\u0259t\u201dl\u0259 ba\u015flayan k\u00f6n\u00fcll\u00fcl\u00fck b\u00fct\u00fcn d\u00f6vl\u0259t orqanlar\u0131m\u0131zda, t\u0259\u015fkilatlar\u0131m\u0131zda b\u00f6y\u00fck v\u00fcs\u0259t al\u0131b.<\/p><\/blockquote>\n<p><a href=\"https:\/\/infonews.az\/\"><span style=\"color: #ff0000;\"><strong>&#8220;\u0130NFONEWS&#8221;<\/strong><\/span><\/a> AZ\u018fRTAC-a istinad\u0259n x\u0259b\u0259r verir ki, bu fikirl\u0259ri jurnalistl\u0259r\u0259 m\u00fcsahib\u0259sind\u0259 Az\u0259rbaycan Respublikas\u0131n\u0131n Prezidenti yan\u0131nda V\u0259t\u0259nda\u015flara Xidm\u0259t v\u0259 Sosial \u0130nnovasiyalar \u00fczr\u0259 D\u00f6vl\u0259t Agentliyinin s\u0259dri \u00dclvi Mehdiyev deyib.<\/p>\n<p>O bildirib ki, h\u0259r bir ictimai t\u0259\u015fkilatda, d\u00f6vl\u0259t qurumlar\u0131nda b\u00f6y\u00fck k\u00f6n\u00fcll\u00fc ordusu yaran\u0131b: \u201cBug\u00fcnki \u0259lam\u0259tdar g\u00fcnd\u0259 k\u00f6n\u00fcll\u00fcl\u0259rin h\u0259mr\u0259yliyi d\u00f6vl\u0259timiz\u0259, c\u0259miyy\u0259timiz\u0259 \u00e7ox b\u00f6y\u00fck fayda verir. G\u0259ncl\u0259rimiz k\u00f6n\u00fcll\u00fcl\u00fckl\u0259 \u0259n n\u0259cib x\u00fcsusiyy\u0259tl\u0259rini g\u00f6st\u0259r\u0259r\u0259k insanlara yard\u0131m edirl\u0259r. Bu g\u00fcn\u0259 q\u0259d\u0259r \u201cASAN xidm\u0259t\u201dd\u0259 28 min\u0259 yax\u0131n k\u00f6n\u00fcll\u00fc olub. Onlardan 3 mini i\u015fl\u0259 t\u0259min edilib. \u201cASAN xidm\u0259t\u201dd\u0259 yeni m\u0259rk\u0259zl\u0259r a\u00e7\u0131ld\u0131qda biz g\u0259ncl\u0259rin k\u00f6n\u00fcll\u00fcl\u00fck f\u0259aliyy\u0259tl\u0259rini n\u0259z\u0259r\u0259 al\u0131b, onlara daha \u00e7ox \u00fcst\u00fcnl\u00fck ver\u0259c\u0259yik. \u00dcmumilikd\u0259 k\u00f6n\u00fcll\u00fcl\u0259r m\u0259hz el\u0259 g\u0259ncl\u0259rdir. G\u0259ncl\u0259rin d\u0259 i\u015fl\u0259 t\u0259min olunmas\u0131 d\u00f6vl\u0259tin \u0259sas prioritetl\u0259rind\u0259n biridir. Bu istiqam\u0259td\u0259 d\u0259 m\u00fc\u0259yy\u0259n proqramlar h\u0259yata ke\u00e7irilir ki, g\u0259ncl\u0259r i\u015fl\u0259 t\u0259min olunsun\u201d.<\/p>\n","protected":false},"excerpt":{"rendered":"<p>\u00dclvi Mehdiyev: Yeni m\u0259rk\u0259zl\u0259r a\u00e7\u0131ld\u0131qda k\u00f6n\u00fcll\u00fcl\u00fck f\u0259aliyy\u0259til\u0259 m\u0259\u015f\u011ful olanlara daha \u00e7ox \u00fcst\u00fcnl\u00fck ver\u0259c\u0259yik Bu g\u00fcn Beyn\u0259lxalq K\u00f6n\u00fcll\u00fcl\u0259r G\u00fcn\u00fc m\u00fcnasib\u0259til\u0259 Az\u0259rbaycan Respublikas\u0131 G\u0259ncl\u0259r Fondunun, G\u0259ncl\u0259r v\u0259 \u0130dman Nazirliyin v\u0259 V\u0259t\u0259nda\u015flara Xidm\u0259t&hellip; <\/p>\n","protected":false},"author":3,"featured_media":2022,"comment_status":"open","ping_status":"open","sticky":false,"template":"","format":"standard","meta":{"_mi_skip_tracking":false,"_monsterinsights_sitenote_active":false,"_monsterinsights_sitenote_note":"","_monsterinsights_sitenote_category":0,"footnotes":""},"categories":[5373,11],"tags":[5555,72,401],"aioseo_notices":[],"_links":{"self":[{"href":"https:\/\/infonews.az\/index.php?rest_route=\/wp\/v2\/posts\/14949"}],"collection":[{"href":"https:\/\/infonews.az\/index.php?rest_route=\/wp\/v2\/posts"}],"about":[{"href":"https:\/\/infonews.az\/index.php?rest_route=\/wp\/v2\/types\/post"}],"author":[{"embeddable":true,"href":"https:\/\/infonews.az\/index.php?rest_route=\/wp\/v2\/users\/3"}],"replies":[{"embeddable":true,"href":"https:\/\/infonews.az\/index.php?rest_route=%2Fwp%2Fv2%2Fcomments&post=14949"}],"version-history":[{"count":1,"href":"https:\/\/infonews.az\/index.php?rest_route=\/wp\/v2\/posts\/14949\/revisions"}],"predecessor-version":[{"id":14950,"href":"https:\/\/infonews.az\/index.php?rest_route=\/wp\/v2\/posts\/14949\/revisions\/14950"}],"wp:featuredmedia":[{"embeddable":true,"href":"https:\/\/infonews.az\/index.php?rest_route=\/wp\/v2\/media\/2022"}],"wp:attachment":[{"href":"https:\/\/infonews.az\/index.php?rest_route=%2Fwp%2Fv2%2Fmedia&parent=14949"}],"wp:term":[{"taxonomy":"category","embeddable":true,"href":"https:\/\/infonews.az\/index.php?rest_route=%2Fwp%2Fv2%2Fcategories&post=14949"},{"taxonomy":"post_tag","embeddable":true,"href":"https:\/\/infonews.az\/index.php?rest_route=%2Fwp%2Fv2%2Ftags&post=14949"}],"curies":[{"name":"wp","href":"https:\/\/api.w.org\/{rel}","templated":true}]}}