{"id":15223,"date":"2021-12-14T14:39:50","date_gmt":"2021-12-14T10:39:50","guid":{"rendered":"https:\/\/infonews.az\/?p=15223"},"modified":"2021-12-14T15:01:51","modified_gmt":"2021-12-14T11:01:51","slug":"adu-da-t%c9%99l%c9%99b%c9%99l%c9%99rd%c9%99n-ucuncu-doza-vaksin-t%c9%99l%c9%99b-olunur","status":"publish","type":"post","link":"https:\/\/infonews.az\/?p=15223","title":{"rendered":"ADU-da t\u0259l\u0259b\u0259l\u0259rd\u0259n \u00fc\u00e7\u00fcnc\u00fc doza vaksin t\u0259l\u0259b olunur?"},"content":{"rendered":"<p class=\"article-title\"><span style=\"color: #ffffff;\">ADU-da t\u0259l\u0259b\u0259l\u0259rd\u0259n \u00fc\u00e7\u00fcnc\u00fc doza vaksin t\u0259l\u0259b olunur?<\/span><\/p>\n<blockquote><p>Az\u0259rbaycan Dill\u0259r Universitetinin (ADU) t\u0259l\u0259b\u0259l\u0259rin\u0259 vaksinin \u00fc\u00e7\u00fcnc\u00fc dozas\u0131n\u0131n vurulmas\u0131 il\u0259 ba\u011fl\u0131 m\u0259cburiyy\u0259t oldu\u011funa dair sosial \u015f\u0259b\u0259k\u0259l\u0259rd\u0259 m\u0259lumatlar yay\u0131l\u0131b. H\u0259m\u00e7inin qeyd olunub ki, \u00fc\u00e7\u00fcnc\u00fc dozan\u0131 q\u0259bul etm\u0259y\u0259nl\u0259r universitet\u0259 burax\u0131lmayacaqlar.<\/p><\/blockquote>\n<p><a href=\"https:\/\/infonews.az\/\"><span style=\"color: #ff0000;\"><strong>&#8220;\u0130NFONEWS&#8221;<\/strong><\/span><\/a> x\u0259b\u0259r verir ki, bu bar\u0259d\u0259 Trend-\u0259 a\u00e7\u0131qlama ver\u0259n ADU-nun m\u0259tbuat xidm\u0259tinin r\u0259hb\u0259ri Cavid Zeynall\u0131 bildirib ki, t\u0259hsil m\u00fc\u0259ssis\u0259l\u0259rind\u0259 inzibati v\u0259 pedoqoji hey\u0259tin vaksinin \u00fc\u00e7\u00fcnc\u00fc dozas\u0131n\u0131 vurdurmas\u0131 m\u0259cburidir.<\/p>\n<p>&#8220;Haz\u0131rda ADU-da t\u0259l\u0259b\u0259l\u0259rd\u0259n \u00fc\u00e7\u00fcnc\u00fc dozan\u0131n t\u0259l\u0259b olunmas\u0131 il\u0259 ba\u011fl\u0131 m\u0259cburiyy\u0259t hallar\u0131 yoxdur. \u00dc\u00e7\u00fcnc\u00fc dozan\u0131n vurulmas\u0131 t\u0259l\u0259b\u0259l\u0259r\u0259 t\u00f6vsiy\u0259 xarakteri da\u015f\u0131y\u0131r&#8221; &#8211; dey\u0259 ADU r\u0259smisi bildirib.<\/p>\n","protected":false},"excerpt":{"rendered":"<p>ADU-da t\u0259l\u0259b\u0259l\u0259rd\u0259n \u00fc\u00e7\u00fcnc\u00fc doza vaksin t\u0259l\u0259b olunur? Az\u0259rbaycan Dill\u0259r Universitetinin (ADU) t\u0259l\u0259b\u0259l\u0259rin\u0259 vaksinin \u00fc\u00e7\u00fcnc\u00fc dozas\u0131n\u0131n vurulmas\u0131 il\u0259 ba\u011fl\u0131 m\u0259cburiyy\u0259t oldu\u011funa dair sosial \u015f\u0259b\u0259k\u0259l\u0259rd\u0259 m\u0259lumatlar yay\u0131l\u0131b. H\u0259m\u00e7inin qeyd olunub ki, \u00fc\u00e7\u00fcnc\u00fc&hellip; <\/p>\n","protected":false},"author":3,"featured_media":12488,"comment_status":"open","ping_status":"open","sticky":false,"template":"","format":"standard","meta":{"_mi_skip_tracking":false,"_monsterinsights_sitenote_active":false,"_monsterinsights_sitenote_note":"","_monsterinsights_sitenote_category":0,"footnotes":""},"categories":[5373,11],"tags":[5625],"aioseo_notices":[],"_links":{"self":[{"href":"https:\/\/infonews.az\/index.php?rest_route=\/wp\/v2\/posts\/15223"}],"collection":[{"href":"https:\/\/infonews.az\/index.php?rest_route=\/wp\/v2\/posts"}],"about":[{"href":"https:\/\/infonews.az\/index.php?rest_route=\/wp\/v2\/types\/post"}],"author":[{"embeddable":true,"href":"https:\/\/infonews.az\/index.php?rest_route=\/wp\/v2\/users\/3"}],"replies":[{"embeddable":true,"href":"https:\/\/infonews.az\/index.php?rest_route=%2Fwp%2Fv2%2Fcomments&post=15223"}],"version-history":[{"count":1,"href":"https:\/\/infonews.az\/index.php?rest_route=\/wp\/v2\/posts\/15223\/revisions"}],"predecessor-version":[{"id":15224,"href":"https:\/\/infonews.az\/index.php?rest_route=\/wp\/v2\/posts\/15223\/revisions\/15224"}],"wp:featuredmedia":[{"embeddable":true,"href":"https:\/\/infonews.az\/index.php?rest_route=\/wp\/v2\/media\/12488"}],"wp:attachment":[{"href":"https:\/\/infonews.az\/index.php?rest_route=%2Fwp%2Fv2%2Fmedia&parent=15223"}],"wp:term":[{"taxonomy":"category","embeddable":true,"href":"https:\/\/infonews.az\/index.php?rest_route=%2Fwp%2Fv2%2Fcategories&post=15223"},{"taxonomy":"post_tag","embeddable":true,"href":"https:\/\/infonews.az\/index.php?rest_route=%2Fwp%2Fv2%2Ftags&post=15223"}],"curies":[{"name":"wp","href":"https:\/\/api.w.org\/{rel}","templated":true}]}}