{"id":15239,"date":"2021-12-12T16:19:10","date_gmt":"2021-12-12T12:19:10","guid":{"rendered":"https:\/\/infonews.az\/?p=15239"},"modified":"2021-12-14T15:49:08","modified_gmt":"2021-12-14T11:49:08","slug":"umummilli-lider-heyd%c9%99r-%c9%99liyevin-anim-gunun%c9%99-h%c9%99sr-edilmis-silsil%c9%99-t%c9%99dbirl%c9%99r-h%c9%99yata-kecirilib","status":"publish","type":"post","link":"https:\/\/infonews.az\/?p=15239","title":{"rendered":"\u00dcmummilli lider Heyd\u0259r \u018fliyevin an\u0131m g\u00fcn\u00fcn\u0259 h\u0259sr edilmi\u015f silsil\u0259 t\u0259dbirl\u0259r h\u0259yata ke\u00e7irilib"},"content":{"rendered":"<p><span style=\"color: #ffffff;\">\u00dcmummilli lider Heyd\u0259r \u018fliyevin an\u0131m g\u00fcn\u00fcn\u0259 h\u0259sr edilmi\u015f silsil\u0259 t\u0259dbirl\u0259r h\u0259yata ke\u00e7irilib<\/span><\/p>\n<blockquote><p>Bak\u0131 G\u0259ncl\u0259r M\u0259rk\u0259zinin t\u0259\u015fkilat\u00e7\u0131l\u0131\u011f\u0131 il\u0259 10 dekabr 2021-ci il tarixind\u0259 \u00dcmummilli lider Heyd\u0259r \u018fliyevin an\u0131m g\u00fcn\u00fcn\u0259 h\u0259sr edilmi\u015f silsil\u0259 t\u0259dbirl\u0259r h\u0259yata ke\u00e7irilib.<\/p><\/blockquote>\n<p>\u0130lk olaraq, Bak\u0131 G\u0259ncl\u0259r M\u0259rk\u0259zi r\u0259hb\u0259rliyi v\u0259 \u0259m\u0259kda\u015flar\u0131 t\u0259r\u0259find\u0259n Ulu \u00d6nd\u0259rin abid\u0259sinin \u00f6n\u00fcn\u0259 g\u00fcl d\u0259st\u0259l\u0259ri d\u00fcz\u00fcl\u00fcb.<\/p>\n<p>Daha sonra Sabun\u00e7u rayonu m\u0259kt\u0259b, kollec \u015fagirdl\u0259ri \u00fc\u00e7\u00fcn Heyd\u0259r \u018fliyev Muzeyin\u0259 infotur t\u0259\u015fkil olunub v\u0259 \u015fagirdl\u0259r\u0259 \u00dcmummilli liderin h\u0259yat yolun, siyasi f\u0259aliyy\u0259ti v\u0259 yarad\u0131c\u0131l\u0131\u011f\u0131 haqq\u0131nda m\u0259lumat verilib.<\/p>\n<p>Daha sonra kinozalda dahi \u00d6nd\u0259rin h\u0259yat v\u0259 yarad\u0131c\u0131l\u0131\u011f\u0131ndan b\u0259hs ed\u0259n film n\u00fcmayi\u015f olunub. Filmin sonunda istedadl\u0131 \u015fagirdl\u0259r \u015feirl\u0259r s\u0259sl\u0259ndiribl\u0259r.<\/p>\n<p>Silsil\u0259 t\u0259dbirl\u0259r \u00e7\u0259r\u00e7iv\u0259sind\u0259 m\u0259kt\u0259blil\u0259r aras\u0131nda N\u0259? Harada? N\u0259 zaman? intellektual yar\u0131\u015f ke\u00e7irilib.<\/p>\n<p>\u0130ntellektual yar\u0131\u015f\u0131n m\u0259qs\u0259di, Az\u0259rbaycan xalq\u0131n\u0131n taleyind\u0259 silinm\u0259z izl\u0259r qoymu\u015f Ulu \u00f6nd\u0259r Heyd\u0259r \u018fliyevin siyasi kursu il\u0259 tan\u0131\u015fl\u0131q, g\u00f6rk\u0259mli \u015f\u0259xsiyy\u0259tl\u0259rin h\u0259yat v\u0259 yarad\u0131c\u0131l\u0131q\u00a0 haqq\u0131nda maarifl\u0259nm\u0259kdir.<\/p>\n<p>Yar\u0131\u015f\u0131n sonunda qalib komanda t\u0259ltif edilib.<\/p>\n<p><a href=\"https:\/\/infonews.az\/\"><span style=\"color: #ff0000;\"><strong>&#8220;\u0130NFONEWS&#8221;<\/strong><\/span><\/a><\/p>\n","protected":false},"excerpt":{"rendered":"<p>\u00dcmummilli lider Heyd\u0259r \u018fliyevin an\u0131m g\u00fcn\u00fcn\u0259 h\u0259sr edilmi\u015f silsil\u0259 t\u0259dbirl\u0259r h\u0259yata ke\u00e7irilib Bak\u0131 G\u0259ncl\u0259r M\u0259rk\u0259zinin t\u0259\u015fkilat\u00e7\u0131l\u0131\u011f\u0131 il\u0259 10 dekabr 2021-ci il tarixind\u0259 \u00dcmummilli lider Heyd\u0259r \u018fliyevin an\u0131m g\u00fcn\u00fcn\u0259 h\u0259sr edilmi\u015f&hellip; <\/p>\n","protected":false},"author":3,"featured_media":15241,"comment_status":"open","ping_status":"open","sticky":false,"template":"","format":"standard","meta":{"_mi_skip_tracking":false,"_monsterinsights_sitenote_active":false,"_monsterinsights_sitenote_note":"","_monsterinsights_sitenote_category":0,"footnotes":""},"categories":[11,7],"tags":[918],"aioseo_notices":[],"_links":{"self":[{"href":"https:\/\/infonews.az\/index.php?rest_route=\/wp\/v2\/posts\/15239"}],"collection":[{"href":"https:\/\/infonews.az\/index.php?rest_route=\/wp\/v2\/posts"}],"about":[{"href":"https:\/\/infonews.az\/index.php?rest_route=\/wp\/v2\/types\/post"}],"author":[{"embeddable":true,"href":"https:\/\/infonews.az\/index.php?rest_route=\/wp\/v2\/users\/3"}],"replies":[{"embeddable":true,"href":"https:\/\/infonews.az\/index.php?rest_route=%2Fwp%2Fv2%2Fcomments&post=15239"}],"version-history":[{"count":1,"href":"https:\/\/infonews.az\/index.php?rest_route=\/wp\/v2\/posts\/15239\/revisions"}],"predecessor-version":[{"id":15242,"href":"https:\/\/infonews.az\/index.php?rest_route=\/wp\/v2\/posts\/15239\/revisions\/15242"}],"wp:featuredmedia":[{"embeddable":true,"href":"https:\/\/infonews.az\/index.php?rest_route=\/wp\/v2\/media\/15241"}],"wp:attachment":[{"href":"https:\/\/infonews.az\/index.php?rest_route=%2Fwp%2Fv2%2Fmedia&parent=15239"}],"wp:term":[{"taxonomy":"category","embeddable":true,"href":"https:\/\/infonews.az\/index.php?rest_route=%2Fwp%2Fv2%2Fcategories&post=15239"},{"taxonomy":"post_tag","embeddable":true,"href":"https:\/\/infonews.az\/index.php?rest_route=%2Fwp%2Fv2%2Ftags&post=15239"}],"curies":[{"name":"wp","href":"https:\/\/api.w.org\/{rel}","templated":true}]}}