{"id":15332,"date":"2021-12-20T08:16:28","date_gmt":"2021-12-20T04:16:28","guid":{"rendered":"https:\/\/infonews.az\/?p=15332"},"modified":"2021-12-20T09:39:49","modified_gmt":"2021-12-20T05:39:49","slug":"ceyhun-bayramov-pakistanli-h%c9%99mkari-il%c9%99-gorusub","status":"publish","type":"post","link":"https:\/\/infonews.az\/?p=15332","title":{"rendered":"Ceyhun Bayramov pakistanl\u0131 h\u0259mkar\u0131 il\u0259 g\u00f6r\u00fc\u015f\u00fcb"},"content":{"rendered":"<p><span style=\"color: #ffffff;\"><strong>Ceyhun Bayramov pakistanl\u0131 h\u0259mkar\u0131 il\u0259 g\u00f6r\u00fc\u015f\u00fcb<\/strong><\/span><\/p>\n<p><a href=\"https:\/\/infonews.az\/?p=15332\"><strong><span style=\"color: #ff0000;\">&#8220;\u0130NFONEWS&#8221;<\/span> <\/strong><\/a>x\u0259b\u0259r verir.<\/p>\n<p><strong>2021-ci ilin 18 dekabr tarixind\u0259 Pakistana r\u0259smi s\u0259f\u0259ri \u00e7\u0259r\u00e7iv\u0259sind\u0259 Az\u0259rbaycan Respublikas\u0131n\u0131n xarici i\u015fl\u0259r naziri Ceyhun Bayramov v\u0259 Pakistan \u0130slam Respublikas\u0131n\u0131n xarici i\u015fl\u0259r naziri M\u0259hdum \u015eah Mahmud Qure\u015fi aras\u0131nda g\u00f6r\u00fc\u015f ba\u015f tutub.<\/strong><\/p>\n<p>Nazir M\u0259hdum \u015eah Mahmud Qure\u015fi Az\u0259rbaycan n\u00fcmay\u0259nd\u0259 hey\u0259tini salamlay\u0131b. Pakistan-Az\u0259rbaycan \u0259laq\u0259l\u0259rini iki dost v\u0259 qarda\u015f \u00f6lk\u0259 aras\u0131nda m\u00fcnasib\u0259tl\u0259r kimi xarakteriz\u0259 ed\u0259n Pakistan naziri, siyasi sah\u0259d\u0259 \u0259laq\u0259l\u0259rin y\u00fcks\u0259k s\u0259viyy\u0259d\u0259 oldu\u011funu s\u00f6yl\u0259yib. H\u0259m\u00e7inin ikit\u0259r\u0259fli ticar\u0259t, s\u0259rmay\u0259, enerji sah\u0259l\u0259rind\u0259 \u0259m\u0259kda\u015fl\u0131\u011f\u0131n inki\u015faf\u0131 perspektivl\u0259rini vur\u011fulay\u0131b.<\/p>\n<p>Nazir Ceyhun Bayramov, ke\u00e7mi\u015f Erm\u0259nistan-Az\u0259rbaycan m\u00fcnaqi\u015f\u0259 il\u0259 ba\u011fl\u0131, el\u0259c\u0259 d\u0259 44 g\u00fcnl\u00fck V\u0259t\u0259n m\u00fcharib\u0259si zaman\u0131 Az\u0259rbaycan\u0131n beyn\u0259lxalq h\u00fcquqa \u0259saslanan m\u00f6vqeyin\u0259 Pakistan\u0131n verdiyi birm\u0259nal\u0131 siyasi-m\u0259n\u0259vi d\u0259st\u0259yi vur\u011fulay\u0131b v\u0259 bunun Az\u0259rbaycan xalq\u0131 t\u0259r\u0259find\u0259n minn\u0259tdarl\u0131qla xat\u0131rland\u0131\u011f\u0131n\u0131 qeyd edib. Nazir ikit\u0259r\u0259fli \u0259laq\u0259l\u0259rin y\u00fcks\u0259k s\u0259viyy\u0259d\u0259 inki\u015faf\u0131 il\u0259 yana\u015f\u0131, \u00fc\u00e7t\u0259r\u0259fli formatda davam ed\u0259n \u0259m\u0259kda\u015fl\u0131\u011fa istinad edib, o c\u00fcml\u0259d\u0259n cari il \u0259rzind\u0259 Az\u0259rbaycan-Pakistan-T\u00fcrkiy\u0259 xarici i\u015fl\u0259r nazirl\u0259rinin \u00fc\u00e7t\u0259r\u0259fli formatda ke\u00e7iril\u0259n g\u00f6r\u00fc\u015f\u00fcn\u00fc, h\u0259m\u00e7inin \u00fc\u00e7 \u00f6lk\u0259nin Parlamentl\u0259rinin spikerl\u0259rinin g\u00f6r\u00fc\u015f\u00fcn\u00fc qeyd edib.<\/p>\n<p>Bu il \u0259rzind\u0259 iqtisadi komissiyan\u0131n n\u00f6vb\u0259ti iclas\u0131n\u0131n ke\u00e7irilm\u0259si, habel\u0259 iki d\u00f6vl\u0259tin prezidentinin \u0130qtisadi \u018fm\u0259kda\u015fl\u0131q T\u0259\u015fkilat\u0131n\u0131n Zirv\u0259 g\u00f6r\u00fc\u015f\u00fc \u00e7\u0259r\u00e7iv\u0259sind\u0259 g\u00f6r\u00fc\u015f\u00fcn\u00fcn ke\u00e7irilm\u0259sinin ikit\u0259r\u0259fli m\u00fcnasib\u0259tl\u0259rin daha da inki\u015faf\u0131na t\u00f6hf\u0259 verdiyi vur\u011fulan\u0131b.<\/p>\n<p>Az\u0259rbaycan\u0131n azad olunmu\u015f \u0259razil\u0259rind\u0259 h\u0259yata ke\u00e7iril\u0259n b\u0259rpa v\u0259 quruculuq i\u015fl\u0259rind\u0259n dan\u0131\u015fan nazir Ceyhun Bayramov, bu \u0259razil\u0259rin minadan t\u0259mizl\u0259nm\u0259si prosesind\u0259 Pakistan\u0131n t\u0259cr\u00fcb\u0259sind\u0259n istifad\u0259 edildiyini v\u0259 bu x\u00fcsusda dost \u00f6lk\u0259nin Az\u0259rbaycana d\u0259st\u0259yini minn\u0259tdarl\u0131qla ifad\u0259 edib.<\/p>\n<p>Nazirl\u0259r, h\u0259m\u00e7inin \u018ffqan\u0131standak\u0131 humanitar v\u0259ziyy\u0259t v\u0259 qar\u015f\u0131l\u0131ql\u0131 maraq do\u011furan dig\u0259r regional m\u0259s\u0259l\u0259l\u0259r \u0259traf\u0131nda fikir m\u00fcbadil\u0259si apar\u0131blar.<\/p>\n","protected":false},"excerpt":{"rendered":"<p>Ceyhun Bayramov pakistanl\u0131 h\u0259mkar\u0131 il\u0259 g\u00f6r\u00fc\u015f\u00fcb &#8220;\u0130NFONEWS&#8221; x\u0259b\u0259r verir. 2021-ci ilin 18 dekabr tarixind\u0259 Pakistana r\u0259smi s\u0259f\u0259ri \u00e7\u0259r\u00e7iv\u0259sind\u0259 Az\u0259rbaycan Respublikas\u0131n\u0131n xarici i\u015fl\u0259r naziri Ceyhun Bayramov v\u0259 Pakistan \u0130slam Respublikas\u0131n\u0131n xarici&hellip; <\/p>\n","protected":false},"author":14,"featured_media":15333,"comment_status":"open","ping_status":"open","sticky":false,"template":"","format":"standard","meta":{"_mi_skip_tracking":false,"_monsterinsights_sitenote_active":false,"_monsterinsights_sitenote_note":"","_monsterinsights_sitenote_category":0,"footnotes":""},"categories":[9,699,11],"tags":[5136,5661,1040,15],"aioseo_notices":[],"_links":{"self":[{"href":"https:\/\/infonews.az\/index.php?rest_route=\/wp\/v2\/posts\/15332"}],"collection":[{"href":"https:\/\/infonews.az\/index.php?rest_route=\/wp\/v2\/posts"}],"about":[{"href":"https:\/\/infonews.az\/index.php?rest_route=\/wp\/v2\/types\/post"}],"author":[{"embeddable":true,"href":"https:\/\/infonews.az\/index.php?rest_route=\/wp\/v2\/users\/14"}],"replies":[{"embeddable":true,"href":"https:\/\/infonews.az\/index.php?rest_route=%2Fwp%2Fv2%2Fcomments&post=15332"}],"version-history":[{"count":1,"href":"https:\/\/infonews.az\/index.php?rest_route=\/wp\/v2\/posts\/15332\/revisions"}],"predecessor-version":[{"id":15334,"href":"https:\/\/infonews.az\/index.php?rest_route=\/wp\/v2\/posts\/15332\/revisions\/15334"}],"wp:featuredmedia":[{"embeddable":true,"href":"https:\/\/infonews.az\/index.php?rest_route=\/wp\/v2\/media\/15333"}],"wp:attachment":[{"href":"https:\/\/infonews.az\/index.php?rest_route=%2Fwp%2Fv2%2Fmedia&parent=15332"}],"wp:term":[{"taxonomy":"category","embeddable":true,"href":"https:\/\/infonews.az\/index.php?rest_route=%2Fwp%2Fv2%2Fcategories&post=15332"},{"taxonomy":"post_tag","embeddable":true,"href":"https:\/\/infonews.az\/index.php?rest_route=%2Fwp%2Fv2%2Ftags&post=15332"}],"curies":[{"name":"wp","href":"https:\/\/api.w.org\/{rel}","templated":true}]}}