{"id":15406,"date":"2021-12-22T13:13:34","date_gmt":"2021-12-22T09:13:34","guid":{"rendered":"https:\/\/infonews.az\/?p=15406"},"modified":"2021-12-22T13:25:49","modified_gmt":"2021-12-22T09:25:49","slug":"calismaliyiq-ki-bu-gun-sagidl%c9%99rimiz%c9%99-g%c9%99l%c9%99c%c9%99yin-cagirislarina-uygun-bilikl%c9%99r-ver%c9%99k","status":"publish","type":"post","link":"https:\/\/infonews.az\/?p=15406","title":{"rendered":"\u201c\u00c7al\u0131\u015fmal\u0131y\u0131q ki, bu g\u00fcn \u015fagidl\u0259rimiz\u0259 g\u0259l\u0259c\u0259yin \u00e7a\u011f\u0131r\u0131\u015flar\u0131na uy\u011fun bilikl\u0259r ver\u0259k&#8221;"},"content":{"rendered":"<p><span style=\"color: #ffffff;\">\u201c\u00c7al\u0131\u015fmal\u0131y\u0131q ki, bu g\u00fcn \u015fagidl\u0259rimiz\u0259 g\u0259l\u0259c\u0259yin \u00e7a\u011f\u0131r\u0131\u015flar\u0131na uy\u011fun bilikl\u0259r ver\u0259k&#8221;<\/span><\/p>\n<p><a href=\"https:\/\/infonews.az\/?p=15406\"><strong><span style=\"color: #ff0000;\">&#8220;\u0130NFONEWS&#8221;<\/span><\/strong><\/a> x\u0259b\u0259r verir.<\/p>\n<blockquote><p><strong> \u201c\u00c7al\u0131\u015fmal\u0131y\u0131q ki, bu g\u00fcn \u015fagidl\u0259rimiz\u0259 g\u0259l\u0259c\u0259yin \u00e7a\u011f\u0131r\u0131\u015flar\u0131na uy\u011fun bilikl\u0259r ver\u0259k. Bu g\u00fcn\u00fcn \u015fagirdl\u0259rinin \u0259sas f\u0259aliyy\u0259t d\u00f6vr\u00fc 20-30 il sonraya t\u0259sad\u00fcf ed\u0259c\u0259k. Onlar\u0131 el\u0259 haz\u0131rlamal\u0131y\u0131q ki, g\u0259l\u0259c\u0259yin t\u0259l\u0259b v\u0259 t\u0259klifl\u0259rin\u0259 cavab ver\u0259 bilsinl\u0259r\u201d<\/strong><\/p><\/blockquote>\n<p>Bunu dekabr\u0131n 22-d\u0259 UNICEF-in 75 illik yubileyi il\u0259 \u0259laq\u0259dar T\u0259hsil Nazirliyi v\u0259 UNICEF-in Az\u0259rbaycandak\u0131 N\u00fcmay\u0259nd\u0259liyinin t\u0259\u015fkilat\u00e7\u0131l\u0131\u011f\u0131 il\u0259 \u201cXXI \u0259srd\u0259 g\u0259ncl\u0259rin bacar\u0131qlar\u0131na yeni bax\u0131\u015f\u201d m\u00f6vzusunda ke\u00e7iril\u0259n t\u0259dbird\u0259 t\u0259hsil naziri Emin \u018fmrullayev \u00e7\u0131x\u0131\u015f\u0131 zaman\u0131 s\u00f6yl\u0259yib.<\/p>\n<p>H\u0259m\u00e7inin nazir UNICEF il\u0259 birg\u0259 \u0259m\u0259kda\u015fl\u0131q \u00e7\u0259r\u00e7iv\u0259sind\u0259 icra olunan u\u011furlu layih\u0259l\u0259r\u0259d\u0259n dan\u0131\u015f\u0131b. T\u0259hsil Nazirliyi t\u0259r\u0259find\u0259n pandemiya d\u00f6vr\u00fcnd\u0259 t\u0259hsil sah\u0259sind\u0259 h\u0259yata ke\u00e7iril\u0259n f\u0259aliyy\u0259tl\u0259r\u0259 dair m\u0259lumat verib. Nazir qeyd edib ki, s\u00fcr\u0259tl\u0259 d\u0259yi\u015f\u0259n d\u00fcnyada ya\u015fay\u0131r\u0131q. H\u0259yatda u\u011furlu olma\u011f\u0131n yolu d\u00fczg\u00fcn bilik v\u0259 bacar\u0131qlara yiy\u0259l\u0259nm\u0259kd\u0259n \u0259sasl\u0131 d\u0259r\u0259c\u0259d\u0259 as\u0131l\u0131d\u0131r. Elm v\u0259 texnikan\u0131n s\u00fcr\u0259tli inki\u015faf\u0131 bilik v\u0259 bacar\u0131qlar\u0131n daim yenil\u0259nm\u0259sini t\u0259l\u0259b edir.<\/p>\n<p>UNICEF-in Az\u0259rbaycandak\u0131 N\u00fcmay\u0259nd\u0259liyinin r\u0259hb\u0259ri Aleks Haykens Az\u0259rbaycanla qurulan \u0259m\u0259kda\u015fl\u0131qdan b\u0259hs edib. Bildirib ki, r\u0259hb\u0259rlik etdiyi t\u0259\u015fkilat Az\u0259rbaycanda 1993-c\u00fc ild\u0259n f\u0259aliyy\u0259t\u0259 ba\u015flay\u0131b. \u00d6t\u0259n ill\u0259r \u0259rzind\u0259 \u0259n u\u011furlu \u0259m\u0259kda\u015fl\u0131qlardan biri Az\u0259rbaycan\u0131n T\u0259hsil Nazirliyi il\u0259 qurulub.<\/p>\n<p>Aleks Haykens diqq\u0259t\u0259 \u00e7atd\u0131r\u0131b ki, COVID-19 pandemiyas\u0131 il\u0259 \u0259laq\u0259dar t\u0259hsil sisteml\u0259ri b\u00f6hranla qar\u015f\u0131la\u015fd\u0131. Bu b\u00f6hran d\u00fcnyada 1,6 milyard \u015fagird\u0259 t\u0259sir etdi. Bunun u\u015faqlara, m\u00fc\u0259lliml\u0259r\u0259, valideynl\u0259r\u0259 h\u0259m d\u0259 psixoloji t\u0259siri oldu. \u018fn yax\u015f\u0131 t\u0259hsil \u0259n\u0259n\u0259vi t\u0259hsildir: \u201cBiz pandemiya d\u00f6vr\u00fcnd\u0259 bunu daha yax\u015f\u0131 anlad\u0131q. Sevindirici hald\u0131r ki, bu g\u00fcn Az\u0259rbaycanda \u0259n\u0259n\u0259vi t\u0259hsil b\u0259rpa olunub. Pandemiya h\u0259m d\u0259 m\u00fcsb\u0259t t\u0259cr\u00fcb\u0259l\u0259rl\u0259 yadda qald\u0131. Yeni hibrid t\u0259hsil modell\u0259ri yarand\u0131. Bu modell\u0259rin b\u0259zil\u0259ri \u00f6z\u00fcn\u00fc do\u011frultdu. G\u00fcn\u00fcm\u00fcz\u00fcn vacib m\u0259s\u0259l\u0259si is\u0259 XXI \u0259srin t\u0259l\u0259bl\u0259rin\u0259 uy\u011fun m\u0259zmun \u00fczr\u0259 bilik v\u0259 bacar\u0131qlar\u0131 d\u00fczg\u00fcn m\u00fc\u0259yy\u0259nl\u0259\u015fdirm\u0259kdir\u201d.<\/p>\n<p>T\u0259dbird\u0259 T\u0259hsil Nazirliyinin beyn\u0259lxalq \u0259m\u0259kda\u015fl\u0131q \u015f\u00f6b\u0259sinin m\u00fcdiri Tural \u018fhm\u0259dovun moderatorlu\u011fu il\u0259 pandemiyan\u0131n t\u0259hsil sah\u0259sin\u0259 t\u0259sirl\u0259ri, t\u0259hsilin fasil\u0259sizliyinin t\u0259min olunmas\u0131, uy\u011funla\u015fma qabiliyy\u0259ti v\u0259 XXI \u0259srin \u00e7a\u011f\u0131r\u0131\u015flar\u0131 \u00fc\u00e7\u00fcn laz\u0131m olan bacar\u0131qlar m\u00f6vzusunda panel m\u00fczakir\u0259si ke\u00e7irilib.<\/p>\n<p>T\u0259hsil Nazirliyinin \u00dcmumi t\u0259hsild\u0259 m\u0259zmun, t\u0259dris v\u0259 qiym\u0259tl\u0259ndirm\u0259 \u015f\u00f6b\u0259sinin m\u00fcdiri V\u0259fa Yaqublu, T\u0259hsil \u0130nstitutunun direktor m\u00fcavini \u00dclk\u0259r Babayeva, UNICEF\u2013in Az\u0259rbaycanda t\u0259hsil \u00fczr\u0259 m\u00fct\u0259x\u0259ssisi Leyla H\u0259s\u0259nova, Pe\u015f\u0259 T\u0259hsili \u00fczr\u0259 D\u00f6vl\u0259t Agentliyinin direktor m\u00fcavini Ceyhun K\u0259r\u0259mov, Az\u0259rbaycan T\u0259l\u0259b\u0259 G\u0259ncl\u0259r T\u0259\u015fkilatlar\u0131 \u0130ttifaq\u0131n\u0131n n\u00fcmay\u0259nd\u0259si Ceyran C\u0259f\u0259rova v\u0259 \u201cMicrosoft Az\u0259rbaycan\u201d \u015firk\u0259tinin t\u0259hsil proqramlar\u0131 \u00fczr\u0259 meneceri Emin Axundovun i\u015ftirak etdiyi panel m\u00fczakir\u0259sin\u0259 m\u0259kt\u0259b \u015fagirdl\u0259ri, pe\u015f\u0259 t\u0259may\u00fcll\u00fc sinifl\u0259rin \u015fagirdl\u0259ri, \u201cSABAH\u201d qruplar\u0131n\u0131n t\u0259l\u0259b\u0259l\u0259ri v\u0259 Az\u0259rbaycan T\u0259l\u0259b\u0259 G\u0259ncl\u0259r T\u0259\u015fkilatlar\u0131 \u0130ttifaq\u0131n\u0131n \u00fczvl\u0259ri qat\u0131l\u0131b. Panel m\u00fczakir\u0259sind\u0259 g\u0259ncl\u0259rin bacar\u0131qlar\u0131 il\u0259 ba\u011fl\u0131 v\u0259ziyy\u0259t, COVID-19 pandemiyas\u0131 zaman\u0131 v\u0259 ondan sonrak\u0131 d\u00f6vrd\u0259 i\u015f imkanlar\u0131 m\u00fczakir\u0259 olunub. G\u0259l\u0259c\u0259k \u0259m\u0259k bazar\u0131n\u0131n t\u0259l\u0259bl\u0259rin\u0259 uy\u011fun olan bacar\u0131qlar\u0131n \u0259ld\u0259 olunmas\u0131ndan b\u0259hs edilib.<\/p>\n<p><img loading=\"lazy\" decoding=\"async\" class=\"aligncenter size-full wp-image-15408\" src=\"https:\/\/infonews.az\/wp-content\/uploads\/2021\/12\/1640162817238428980_1000x669.jpg\" alt=\"\" width=\"996\" height=\"669\" srcset=\"https:\/\/infonews.az\/wp-content\/uploads\/2021\/12\/1640162817238428980_1000x669.jpg?v=1660873084 996w, https:\/\/infonews.az\/wp-content\/uploads\/2021\/12\/1640162817238428980_1000x669-300x202.jpg?v=1660873084 300w, https:\/\/infonews.az\/wp-content\/uploads\/2021\/12\/1640162817238428980_1000x669-768x516.jpg?v=1660873084 768w\" sizes=\"(max-width: 996px) 100vw, 996px\" \/><\/p>\n<p><img loading=\"lazy\" decoding=\"async\" class=\"aligncenter size-full wp-image-15409\" src=\"https:\/\/infonews.az\/wp-content\/uploads\/2021\/12\/1640162817545292331_1000x669.jpg\" alt=\"\" width=\"1000\" height=\"664\" srcset=\"https:\/\/infonews.az\/wp-content\/uploads\/2021\/12\/1640162817545292331_1000x669.jpg?v=1660873084 1000w, https:\/\/infonews.az\/wp-content\/uploads\/2021\/12\/1640162817545292331_1000x669-300x199.jpg?v=1660873084 300w, https:\/\/infonews.az\/wp-content\/uploads\/2021\/12\/1640162817545292331_1000x669-768x510.jpg?v=1660873084 768w\" sizes=\"(max-width: 1000px) 100vw, 1000px\" \/><\/p>\n","protected":false},"excerpt":{"rendered":"<p>\u201c\u00c7al\u0131\u015fmal\u0131y\u0131q ki, bu g\u00fcn \u015fagidl\u0259rimiz\u0259 g\u0259l\u0259c\u0259yin \u00e7a\u011f\u0131r\u0131\u015flar\u0131na uy\u011fun bilikl\u0259r ver\u0259k&#8221; &#8220;\u0130NFONEWS&#8221; x\u0259b\u0259r verir. \u201c\u00c7al\u0131\u015fmal\u0131y\u0131q ki, bu g\u00fcn \u015fagidl\u0259rimiz\u0259 g\u0259l\u0259c\u0259yin \u00e7a\u011f\u0131r\u0131\u015flar\u0131na uy\u011fun bilikl\u0259r ver\u0259k. Bu g\u00fcn\u00fcn \u015fagirdl\u0259rinin \u0259sas f\u0259aliyy\u0259t d\u00f6vr\u00fc 20-30&hellip; <\/p>\n","protected":false},"author":14,"featured_media":15407,"comment_status":"open","ping_status":"open","sticky":false,"template":"","format":"standard","meta":{"_mi_skip_tracking":false,"_monsterinsights_sitenote_active":false,"_monsterinsights_sitenote_note":"","_monsterinsights_sitenote_category":0,"footnotes":""},"categories":[11,3],"tags":[5685,3658,657,15,5684],"aioseo_notices":[],"_links":{"self":[{"href":"https:\/\/infonews.az\/index.php?rest_route=\/wp\/v2\/posts\/15406"}],"collection":[{"href":"https:\/\/infonews.az\/index.php?rest_route=\/wp\/v2\/posts"}],"about":[{"href":"https:\/\/infonews.az\/index.php?rest_route=\/wp\/v2\/types\/post"}],"author":[{"embeddable":true,"href":"https:\/\/infonews.az\/index.php?rest_route=\/wp\/v2\/users\/14"}],"replies":[{"embeddable":true,"href":"https:\/\/infonews.az\/index.php?rest_route=%2Fwp%2Fv2%2Fcomments&post=15406"}],"version-history":[{"count":3,"href":"https:\/\/infonews.az\/index.php?rest_route=\/wp\/v2\/posts\/15406\/revisions"}],"predecessor-version":[{"id":15412,"href":"https:\/\/infonews.az\/index.php?rest_route=\/wp\/v2\/posts\/15406\/revisions\/15412"}],"wp:featuredmedia":[{"embeddable":true,"href":"https:\/\/infonews.az\/index.php?rest_route=\/wp\/v2\/media\/15407"}],"wp:attachment":[{"href":"https:\/\/infonews.az\/index.php?rest_route=%2Fwp%2Fv2%2Fmedia&parent=15406"}],"wp:term":[{"taxonomy":"category","embeddable":true,"href":"https:\/\/infonews.az\/index.php?rest_route=%2Fwp%2Fv2%2Fcategories&post=15406"},{"taxonomy":"post_tag","embeddable":true,"href":"https:\/\/infonews.az\/index.php?rest_route=%2Fwp%2Fv2%2Ftags&post=15406"}],"curies":[{"name":"wp","href":"https:\/\/api.w.org\/{rel}","templated":true}]}}