{"id":15414,"date":"2021-12-24T10:40:52","date_gmt":"2021-12-24T06:40:52","guid":{"rendered":"https:\/\/infonews.az\/?p=15414"},"modified":"2021-12-24T11:47:14","modified_gmt":"2021-12-24T07:47:14","slug":"hikm%c9%99t-haciyev-ilham-%c9%99liyevi-t%c9%99brik-etdi","status":"publish","type":"post","link":"https:\/\/infonews.az\/?p=15414","title":{"rendered":"Hikm\u0259t Hac\u0131yev \u0130lham \u018fliyevi t\u0259brik etdi"},"content":{"rendered":"<p><span class=\"page_speed_329827767\" style=\"color: #ffffff;\">Hikm\u0259t Hac\u0131yev \u0130lham \u018fliyevi t\u0259brik etdi<\/span><\/p>\n<p><img loading=\"lazy\" decoding=\"async\" class=\"aligncenter size-full wp-image-15415\" src=\"https:\/\/infonews.az\/wp-content\/uploads\/2021\/12\/FHWX5_jXMBQs2sM.jpg\" alt=\"\" width=\"664\" height=\"680\" srcset=\"https:\/\/infonews.az\/wp-content\/uploads\/2021\/12\/FHWX5_jXMBQs2sM.jpg?v=1660873084 664w, https:\/\/infonews.az\/wp-content\/uploads\/2021\/12\/FHWX5_jXMBQs2sM-293x300.jpg?v=1660873084 293w\" sizes=\"(max-width: 664px) 100vw, 664px\" \/><\/p>\n<p><a href=\"https:\/\/infonews.az\/?p=15414\"><strong><span style=\"color: #ff0000;\">&#8220;\u0130NFONEWS&#8221;<\/span> <\/strong><\/a>x\u0259n\u0259r verir.<\/p>\n<blockquote><p><strong>\u201cXalq\u0131m\u0131z\u0131n h\u0259sr\u0259tin\u0259 son qoyan v\u0259 torpaqlar\u0131m\u0131z\u0131 i\u015f\u011faldan azad ed\u0259r\u0259k tarix\u0259 M\u00fcz\u0259ff\u0259r Ali Ba\u015f Komandan kimi ad\u0131n\u0131 yazan, D\u00f6vl\u0259timizi yaln\u0131z inki\u015faf yolu il\u0259 aparan Prezident \u0130lham \u018fliyevi bir v\u0259t\u0259nda\u015f olaraq ad g\u00fcn\u00fc m\u00fcnasib\u0259til\u0259 s\u0259mimi q\u0259lbd\u0259n t\u0259brik edirik\u201d<\/strong><\/p><\/blockquote>\n<p>Az\u0259rbaycan Prezidentinin k\u00f6m\u0259k\u00e7isi, Prezident Administrasiyas\u0131n\u0131n Xarici siyas\u0259t m\u0259s\u0259l\u0259l\u0259ri \u015f\u00f6b\u0259sinin m\u00fcdiri Hikm\u0259t Hac\u0131yev \u201cTwitter\u201d hesab\u0131nda Prezident \u0130lham \u018fliyevi 60 illik yubileyi m\u00fcnasib\u0259ti il\u0259 t\u0259brik edib.<\/p>\n<p>&nbsp;<\/p>\n","protected":false},"excerpt":{"rendered":"<p>Hikm\u0259t Hac\u0131yev \u0130lham \u018fliyevi t\u0259brik etdi &#8220;\u0130NFONEWS&#8221; x\u0259n\u0259r verir. \u201cXalq\u0131m\u0131z\u0131n h\u0259sr\u0259tin\u0259 son qoyan v\u0259 torpaqlar\u0131m\u0131z\u0131 i\u015f\u011faldan azad ed\u0259r\u0259k tarix\u0259 M\u00fcz\u0259ff\u0259r Ali Ba\u015f Komandan kimi ad\u0131n\u0131 yazan, D\u00f6vl\u0259timizi yaln\u0131z inki\u015faf yolu&hellip; <\/p>\n","protected":false},"author":14,"featured_media":15418,"comment_status":"open","ping_status":"open","sticky":false,"template":"","format":"standard","meta":{"_mi_skip_tracking":false,"_monsterinsights_sitenote_active":false,"_monsterinsights_sitenote_note":"","_monsterinsights_sitenote_category":0,"footnotes":""},"categories":[4,11,3394],"tags":[1008,84,15,942],"aioseo_notices":[],"_links":{"self":[{"href":"https:\/\/infonews.az\/index.php?rest_route=\/wp\/v2\/posts\/15414"}],"collection":[{"href":"https:\/\/infonews.az\/index.php?rest_route=\/wp\/v2\/posts"}],"about":[{"href":"https:\/\/infonews.az\/index.php?rest_route=\/wp\/v2\/types\/post"}],"author":[{"embeddable":true,"href":"https:\/\/infonews.az\/index.php?rest_route=\/wp\/v2\/users\/14"}],"replies":[{"embeddable":true,"href":"https:\/\/infonews.az\/index.php?rest_route=%2Fwp%2Fv2%2Fcomments&post=15414"}],"version-history":[{"count":3,"href":"https:\/\/infonews.az\/index.php?rest_route=\/wp\/v2\/posts\/15414\/revisions"}],"predecessor-version":[{"id":15419,"href":"https:\/\/infonews.az\/index.php?rest_route=\/wp\/v2\/posts\/15414\/revisions\/15419"}],"wp:featuredmedia":[{"embeddable":true,"href":"https:\/\/infonews.az\/index.php?rest_route=\/wp\/v2\/media\/15418"}],"wp:attachment":[{"href":"https:\/\/infonews.az\/index.php?rest_route=%2Fwp%2Fv2%2Fmedia&parent=15414"}],"wp:term":[{"taxonomy":"category","embeddable":true,"href":"https:\/\/infonews.az\/index.php?rest_route=%2Fwp%2Fv2%2Fcategories&post=15414"},{"taxonomy":"post_tag","embeddable":true,"href":"https:\/\/infonews.az\/index.php?rest_route=%2Fwp%2Fv2%2Ftags&post=15414"}],"curies":[{"name":"wp","href":"https:\/\/api.w.org\/{rel}","templated":true}]}}