{"id":15617,"date":"2022-01-04T22:35:32","date_gmt":"2022-01-04T18:35:32","guid":{"rendered":"https:\/\/infonews.az\/?p=15617"},"modified":"2022-01-04T23:44:54","modified_gmt":"2022-01-04T19:44:54","slug":"yaponiyanin-bu-sirk%c9%99ti-formula-1-i-r%c9%99smi-olaraq-t%c9%99rk-edib","status":"publish","type":"post","link":"https:\/\/infonews.az\/?p=15617","title":{"rendered":"Yaponiyan\u0131n bu \u015firk\u0259ti &#8220;Formula 1&#8221; -i r\u0259smi olaraq t\u0259rk edib"},"content":{"rendered":"<p class=\"content-title\"><span style=\"color: #ffffff;\">Yaponiyan\u0131n bu \u015firk\u0259ti Formula 1 -i r\u0259smi olaraq t\u0259rk edib<\/span><\/p>\n<p><a href=\"https:\/\/infonews.az\/?p=15617\"><strong><span style=\"color: #ff0000;\">&#8220;\u0130NFONEWS&#8221;<\/span><\/strong><\/a> x\u0259b\u0259r verir.<\/p>\n<p><strong>R\u0259smi olaraq 2021-ci il \u201cHonda\u201d \u00fc\u00e7\u00fcn Formula 1-d\u0259 sonuncu il olub.<\/strong><\/p>\n<p>Bu bar\u0259d\u0259 Niderland\u0131n \u201cRacingNews365\u201d n\u0259\u015fri x\u0259b\u0259r yay\u0131mlay\u0131b.<\/p>\n<p>M\u0259lumata g\u00f6r\u0259, Yaponiya \u015firk\u0259ti \u00e7empionat\u0131 r\u0259smi olaraq t\u0259rk edib. Onun m\u00fch\u0259rrikl\u0259rind\u0259n 2025-ci il\u0259d\u0259k \u201cRed Bull\u201d \u00f6z brendi alt\u0131nda istifad\u0259 ed\u0259c\u0259k. Bu q\u0259rar\u0131n n\u00f6vb\u0259ti d\u00f6rd ild\u0259 Formula 1-d\u0259 m\u00fch\u0259rrikl\u0259rin inki\u015faf\u0131n\u0131n donduruldu\u011fu \u00fc\u00e7\u00fcn verildiyi qeyd edilib. Bel\u0259 olan t\u0259qdird\u0259 dizayn departamentini c\u0259lb etm\u0259k v\u0259 v\u0259sait yat\u0131rmaq laz\u0131m olmayaca\u011f\u0131 v\u0259 b\u00fct\u00fcn \u0259m\u0259k x\u0259rcl\u0259rinin \u201cRed Bull\u201d t\u0259r\u0259find\u0259n \u00f6d\u0259nil\u0259c\u0259yi vur\u011fulan\u0131b.<\/p>\n<p>\u201cHonda\u201dn\u0131n Formula 1 \u00fczr\u0259 n\u00fcmay\u0259nd\u0259si Masasi Yamamoto layih\u0259d\u0259 qalacaq.<\/p>\n","protected":false},"excerpt":{"rendered":"<p>Yaponiyan\u0131n bu \u015firk\u0259ti Formula 1 -i r\u0259smi olaraq t\u0259rk edib &#8220;\u0130NFONEWS&#8221; x\u0259b\u0259r verir. R\u0259smi olaraq 2021-ci il \u201cHonda\u201d \u00fc\u00e7\u00fcn Formula 1-d\u0259 sonuncu il olub. Bu bar\u0259d\u0259 Niderland\u0131n \u201cRacingNews365\u201d n\u0259\u015fri x\u0259b\u0259r&hellip; <\/p>\n","protected":false},"author":14,"featured_media":15618,"comment_status":"open","ping_status":"open","sticky":false,"template":"","format":"standard","meta":{"_mi_skip_tracking":false,"_monsterinsights_sitenote_active":false,"_monsterinsights_sitenote_note":"","_monsterinsights_sitenote_category":0,"footnotes":""},"categories":[9,4,58,11],"tags":[1135,5713,15],"aioseo_notices":[],"_links":{"self":[{"href":"https:\/\/infonews.az\/index.php?rest_route=\/wp\/v2\/posts\/15617"}],"collection":[{"href":"https:\/\/infonews.az\/index.php?rest_route=\/wp\/v2\/posts"}],"about":[{"href":"https:\/\/infonews.az\/index.php?rest_route=\/wp\/v2\/types\/post"}],"author":[{"embeddable":true,"href":"https:\/\/infonews.az\/index.php?rest_route=\/wp\/v2\/users\/14"}],"replies":[{"embeddable":true,"href":"https:\/\/infonews.az\/index.php?rest_route=%2Fwp%2Fv2%2Fcomments&post=15617"}],"version-history":[{"count":1,"href":"https:\/\/infonews.az\/index.php?rest_route=\/wp\/v2\/posts\/15617\/revisions"}],"predecessor-version":[{"id":15619,"href":"https:\/\/infonews.az\/index.php?rest_route=\/wp\/v2\/posts\/15617\/revisions\/15619"}],"wp:featuredmedia":[{"embeddable":true,"href":"https:\/\/infonews.az\/index.php?rest_route=\/wp\/v2\/media\/15618"}],"wp:attachment":[{"href":"https:\/\/infonews.az\/index.php?rest_route=%2Fwp%2Fv2%2Fmedia&parent=15617"}],"wp:term":[{"taxonomy":"category","embeddable":true,"href":"https:\/\/infonews.az\/index.php?rest_route=%2Fwp%2Fv2%2Fcategories&post=15617"},{"taxonomy":"post_tag","embeddable":true,"href":"https:\/\/infonews.az\/index.php?rest_route=%2Fwp%2Fv2%2Ftags&post=15617"}],"curies":[{"name":"wp","href":"https:\/\/api.w.org\/{rel}","templated":true}]}}