{"id":15738,"date":"2022-01-08T11:08:51","date_gmt":"2022-01-08T07:08:51","guid":{"rendered":"https:\/\/infonews.az\/?p=15738"},"modified":"2022-01-08T20:39:34","modified_gmt":"2022-01-08T16:39:34","slug":"kul%c9%99kli-hava-s%c9%99raiti-n%c9%99-vaxta-q%c9%99d%c9%99r-davam-ed%c9%99c%c9%99k","status":"publish","type":"post","link":"https:\/\/infonews.az\/?p=15738","title":{"rendered":"K\u00fcl\u0259kli hava \u015f\u0259raiti n\u0259 vaxta q\u0259d\u0259r davam ed\u0259c\u0259k?"},"content":{"rendered":"<p class=\"article-title\"><span style=\"color: #ffffff;\">K\u00fcl\u0259kli hava \u015f\u0259raiti n\u0259 vaxta q\u0259d\u0259r davam ed\u0259c\u0259k?<\/span><\/p>\n<blockquote><p>K\u00fcl\u0259kli hava \u015f\u0259raiti sabah g\u00fcnd\u00fcz saatlar\u0131na q\u0259d\u0259r davam ed\u0259c\u0259k.<\/p><\/blockquote>\n<p><span style=\"color: #ff0000;\"><a style=\"color: #ff0000;\" href=\"https:\/\/infonews.az\/\"><strong>&#8220;\u0130NFONEWS&#8221;<\/strong><\/a><\/span>-un m\u0259lumat\u0131na g\u00f6r\u0259, bunu Ekologiya v\u0259 T\u0259bii S\u0259rv\u0259tl\u0259r Nazirliyinin Milli Hidrometeorologiya Xidm\u0259tinin Hidrologiya M\u0259rk\u0259zinin direktoru Asif Verdiyev deyib.<\/p>\n<p>Onun s\u00f6zl\u0259rin\u0259 g\u00f6r\u0259, Bak\u0131 v\u0259 Ab\u015feron yar\u0131madas\u0131nda g\u00fcn \u0259rzind\u0259 \u015fimal-q\u0259rb k\u00fcl\u0259yi \u0259s\u0259c\u0259k. G\u00fcnd\u00fcz yar\u0131madan\u0131n b\u0259zi yerl\u0259rind\u0259 arabir g\u00fccl\u0259n\u0259c\u0259k.<\/p>\n<p>&#8220;Yanvar\u0131n 9-u s\u0259h\u0259r saatlar\u0131ndan ba\u015flayaraq k\u00fcl\u0259k m\u00fclayiml\u0259\u015f\u0259c\u0259k v\u0259 c\u0259nub-q\u0259rb k\u00fcl\u0259yi il\u0259 \u0259v\u0259z olunacaq. Yanvar\u0131n 10-da da g\u00fcn \u0259rzind\u0259 c\u0259nub-q\u0259rb k\u00fcl\u0259yi \u0259s\u0259c\u0259k. Eyni zamanda hava \u015f\u0259raitinin d\u0259yi\u015fk\u0259n buludlu olaca\u011f\u0131, arabir tutulaca\u011f\u0131, \u0259sas\u0259n ya\u011fmursuz ke\u00e7\u0259c\u0259yi g\u00f6zl\u0259nilir. Lakin bu g\u00fcn ax\u015fam v\u0259 yanvar\u0131n 9-da gec\u0259 saatlar\u0131nda b\u0259zi yerl\u0259rd\u0259 ya\u011f\u0131\u015f ya\u011faca\u011f\u0131 g\u00f6zl\u0259nilir&#8221;, &#8211; o \u0259lav\u0259 edib.<\/p>\n<p>Qurum r\u0259smisi bildirib ki, rayonlarda da yax\u0131n 2 g\u00fcn \u0259rzind\u0259 hava \u015f\u0259raitinin \u0259sas\u0259n ya\u011fmursuz ke\u00e7\u0259c\u0259yi g\u00f6zl\u0259nilir.<\/p>\n<p>&#8220;Lakin bu g\u00fcn ax\u015fam v\u0259 ay\u0131n 9-u gec\u0259 b\u0259zi yerl\u0259rd\u0259 ya\u011f\u0131nt\u0131 olaca\u011f\u0131 ehtimal\u0131 var. B\u00f6lg\u0259l\u0259rd\u0259 d\u0259 q\u0259rb k\u00fcl\u0259yi \u0259s\u0259c\u0259k, ayr\u0131-ayr\u0131 yerl\u0259rd\u0259 arabir g\u00fccl\u0259n\u0259c\u0259k. Havan\u0131n temperaturu Bak\u0131da v\u0259 Ab\u015feronda g\u00fcnd\u00fcz 8-12 d\u0259r\u0259c\u0259, aran rayonlar\u0131nda 10-15 d\u0259r\u0259c\u0259, da\u011fl\u0131q \u0259razil\u0259rd\u0259 is\u0259 2-7 d\u0259r\u0259c\u0259 isti olacaq&#8221; &#8211; dey\u0259 o qeyd edib.<\/p>\n","protected":false},"excerpt":{"rendered":"<p>K\u00fcl\u0259kli hava \u015f\u0259raiti n\u0259 vaxta q\u0259d\u0259r davam ed\u0259c\u0259k? K\u00fcl\u0259kli hava \u015f\u0259raiti sabah g\u00fcnd\u00fcz saatlar\u0131na q\u0259d\u0259r davam ed\u0259c\u0259k. &#8220;\u0130NFONEWS&#8221;-un m\u0259lumat\u0131na g\u00f6r\u0259, bunu Ekologiya v\u0259 T\u0259bii S\u0259rv\u0259tl\u0259r Nazirliyinin Milli Hidrometeorologiya Xidm\u0259tinin Hidrologiya&hellip; <\/p>\n","protected":false},"author":3,"featured_media":574,"comment_status":"open","ping_status":"open","sticky":false,"template":"","format":"standard","meta":{"_mi_skip_tracking":false,"_monsterinsights_sitenote_active":false,"_monsterinsights_sitenote_note":"","_monsterinsights_sitenote_category":0,"footnotes":""},"categories":[64,11],"tags":[45,5746],"aioseo_notices":[],"_links":{"self":[{"href":"https:\/\/infonews.az\/index.php?rest_route=\/wp\/v2\/posts\/15738"}],"collection":[{"href":"https:\/\/infonews.az\/index.php?rest_route=\/wp\/v2\/posts"}],"about":[{"href":"https:\/\/infonews.az\/index.php?rest_route=\/wp\/v2\/types\/post"}],"author":[{"embeddable":true,"href":"https:\/\/infonews.az\/index.php?rest_route=\/wp\/v2\/users\/3"}],"replies":[{"embeddable":true,"href":"https:\/\/infonews.az\/index.php?rest_route=%2Fwp%2Fv2%2Fcomments&post=15738"}],"version-history":[{"count":1,"href":"https:\/\/infonews.az\/index.php?rest_route=\/wp\/v2\/posts\/15738\/revisions"}],"predecessor-version":[{"id":15742,"href":"https:\/\/infonews.az\/index.php?rest_route=\/wp\/v2\/posts\/15738\/revisions\/15742"}],"wp:featuredmedia":[{"embeddable":true,"href":"https:\/\/infonews.az\/index.php?rest_route=\/wp\/v2\/media\/574"}],"wp:attachment":[{"href":"https:\/\/infonews.az\/index.php?rest_route=%2Fwp%2Fv2%2Fmedia&parent=15738"}],"wp:term":[{"taxonomy":"category","embeddable":true,"href":"https:\/\/infonews.az\/index.php?rest_route=%2Fwp%2Fv2%2Fcategories&post=15738"},{"taxonomy":"post_tag","embeddable":true,"href":"https:\/\/infonews.az\/index.php?rest_route=%2Fwp%2Fv2%2Ftags&post=15738"}],"curies":[{"name":"wp","href":"https:\/\/api.w.org\/{rel}","templated":true}]}}