{"id":15781,"date":"2022-01-12T11:24:11","date_gmt":"2022-01-12T07:24:11","guid":{"rendered":"https:\/\/infonews.az\/?p=15781"},"modified":"2022-01-12T12:39:30","modified_gmt":"2022-01-12T08:39:30","slug":"bu-olk%c9%99d%c9%99-peyv%c9%99nd-olunmayanlar-vergi-od%c9%99y%c9%99c%c9%99k","status":"publish","type":"post","link":"https:\/\/infonews.az\/?p=15781","title":{"rendered":"Bu \u00f6lk\u0259d\u0259 peyv\u0259nd olunmayanlar vergi \u00f6d\u0259y\u0259c\u0259k"},"content":{"rendered":"<p><span style=\"color: #ffffff;\">Bu \u00f6lk\u0259d\u0259 peyv\u0259nd olunmayanlar vergi \u00f6d\u0259y\u0259c\u0259k<\/span><\/p>\n<p><a href=\"https:\/\/infonews.az\/?p=15781\"><strong><span style=\"color: #ff0000;\">&#8220;\u0130NFONEWS&#8221;<\/span><\/strong><\/a> x\u0259b\u0259r verir.<\/p>\n<p><strong>Kanadan\u0131n Kvebek \u0259yal\u0259tind\u0259 peyv\u0259nd olunmayan insanlar sa\u011flaml\u0131q vergisi \u00f6d\u0259y\u0259c\u0259k.<\/strong><\/p>\n<p>Xarici K\u0130V-in m\u0259lumat\u0131na g\u00f6r\u0259, q\u0259rar\u0131 m\u0259tbuat konfrans\u0131nda Kvebek Ba\u015f naziri Fransua Leqault a\u00e7\u0131qlay\u0131b.<\/p>\n<p>Ba\u015f nazir h\u0259l\u0259lik vergi m\u0259bl\u0259\u011fini m\u00fc\u0259yy\u0259n etm\u0259dikl\u0259rini, lakin y\u00fcks\u0259k m\u0259bl\u0259\u011fin \u00f6d\u0259nil\u0259c\u0259yini bildirib:<\/p>\n<p>\u201cKvebekd\u0259 \u0259halinin t\u0259xmin\u0259n 10 faizi peyv\u0259nd olunmay\u0131b. Bu seqment \u0259yal\u0259td\u0259 qalan h\u0259r k\u0259s \u00fc\u00e7\u00fcn maliyy\u0259 y\u00fck\u00fc yarad\u0131r. D\u00fc\u015f\u00fcn\u00fcr\u0259m ki, bel\u0259 bir t\u0259dbiri qurban ver\u0259n y\u00fczd\u0259 90-a borcluyuq&#8221;.<\/p>\n<p>Qeyd ed\u0259k ki, ox\u015far q\u0259rar Yunan\u0131standa da t\u0259tbiq olunacaq. Bel\u0259 ki, g\u0259l\u0259n h\u0259ft\u0259d\u0259n 60 ya\u015fdan yuxar\u0131 peyv\u0259nd olunmayan \u015f\u0259xsl\u0259r ayda 100 avro \u00f6d\u0259y\u0259c\u0259kl\u0259r.<\/p>\n","protected":false},"excerpt":{"rendered":"<p>Bu \u00f6lk\u0259d\u0259 peyv\u0259nd olunmayanlar vergi \u00f6d\u0259y\u0259c\u0259k &#8220;\u0130NFONEWS&#8221; x\u0259b\u0259r verir. Kanadan\u0131n Kvebek \u0259yal\u0259tind\u0259 peyv\u0259nd olunmayan insanlar sa\u011flaml\u0131q vergisi \u00f6d\u0259y\u0259c\u0259k. Xarici K\u0130V-in m\u0259lumat\u0131na g\u00f6r\u0259, q\u0259rar\u0131 m\u0259tbuat konfrans\u0131nda Kvebek Ba\u015f naziri Fransua Leqault&hellip; <\/p>\n","protected":false},"author":14,"featured_media":7328,"comment_status":"open","ping_status":"open","sticky":false,"template":"","format":"standard","meta":{"_mi_skip_tracking":false,"_monsterinsights_sitenote_active":false,"_monsterinsights_sitenote_note":"","_monsterinsights_sitenote_category":0,"footnotes":""},"categories":[9,4,11],"tags":[135,15,4625,3352],"aioseo_notices":[],"_links":{"self":[{"href":"https:\/\/infonews.az\/index.php?rest_route=\/wp\/v2\/posts\/15781"}],"collection":[{"href":"https:\/\/infonews.az\/index.php?rest_route=\/wp\/v2\/posts"}],"about":[{"href":"https:\/\/infonews.az\/index.php?rest_route=\/wp\/v2\/types\/post"}],"author":[{"embeddable":true,"href":"https:\/\/infonews.az\/index.php?rest_route=\/wp\/v2\/users\/14"}],"replies":[{"embeddable":true,"href":"https:\/\/infonews.az\/index.php?rest_route=%2Fwp%2Fv2%2Fcomments&post=15781"}],"version-history":[{"count":1,"href":"https:\/\/infonews.az\/index.php?rest_route=\/wp\/v2\/posts\/15781\/revisions"}],"predecessor-version":[{"id":15782,"href":"https:\/\/infonews.az\/index.php?rest_route=\/wp\/v2\/posts\/15781\/revisions\/15782"}],"wp:featuredmedia":[{"embeddable":true,"href":"https:\/\/infonews.az\/index.php?rest_route=\/wp\/v2\/media\/7328"}],"wp:attachment":[{"href":"https:\/\/infonews.az\/index.php?rest_route=%2Fwp%2Fv2%2Fmedia&parent=15781"}],"wp:term":[{"taxonomy":"category","embeddable":true,"href":"https:\/\/infonews.az\/index.php?rest_route=%2Fwp%2Fv2%2Fcategories&post=15781"},{"taxonomy":"post_tag","embeddable":true,"href":"https:\/\/infonews.az\/index.php?rest_route=%2Fwp%2Fv2%2Ftags&post=15781"}],"curies":[{"name":"wp","href":"https:\/\/api.w.org\/{rel}","templated":true}]}}