{"id":15898,"date":"2022-01-17T17:02:13","date_gmt":"2022-01-17T13:02:13","guid":{"rendered":"https:\/\/infonews.az\/?p=15898"},"modified":"2022-01-17T17:02:13","modified_gmt":"2022-01-17T13:02:13","slug":"ictimai-sura-g%c9%99nc-t%c9%99skilatlaril%c9%99-m%c9%99sl%c9%99h%c9%99tl%c9%99sm%c9%99l%c9%99r%c9%99-baslayib","status":"publish","type":"post","link":"https:\/\/infonews.az\/?p=15898","title":{"rendered":"\u0130ctimai \u015eura g\u0259nc t\u0259\u015fkilatlar\u0131l\u0259 m\u0259sl\u0259h\u0259tl\u0259\u015fm\u0259l\u0259r\u0259 ba\u015flay\u0131b"},"content":{"rendered":"<p><span style=\"color: #ffffff;\">\u0130ctimai \u015eura g\u0259nc t\u0259\u015fkilatlar\u0131l\u0259 m\u0259sl\u0259h\u0259tl\u0259\u015fm\u0259l\u0259r\u0259 ba\u015flay\u0131b<\/span><\/p>\n<p><img loading=\"lazy\" decoding=\"async\" class=\"aligncenter size-full wp-image-15900\" src=\"https:\/\/infonews.az\/wp-content\/uploads\/2022\/01\/16424204021393944301_1000x669.jpg\" alt=\"\" width=\"1000\" height=\"521\" srcset=\"https:\/\/infonews.az\/wp-content\/uploads\/2022\/01\/16424204021393944301_1000x669.jpg?v=1660873039 1000w, https:\/\/infonews.az\/wp-content\/uploads\/2022\/01\/16424204021393944301_1000x669-300x156.jpg?v=1660873039 300w, https:\/\/infonews.az\/wp-content\/uploads\/2022\/01\/16424204021393944301_1000x669-768x400.jpg?v=1660873039 768w\" sizes=\"(max-width: 1000px) 100vw, 1000px\" \/><\/p>\n<p><a href=\"https:\/\/infonews.az\/?p=15898\"><strong><span style=\"color: #ff0000;\">&#8220;\u0130NFONEWS&#8221;<\/span><\/strong><\/a> x\u0259b\u0259r verir.<\/p>\n<p><strong>G\u0259ncl\u0259r v\u0259 \u0130dman Nazirliyi yan\u0131nda \u0130ctimai \u015eura \u201cG\u0259ncl\u0259rl\u0259 i\u015f sah\u0259sind\u0259 \u0259ld\u0259 edilmi\u015f t\u0259cr\u00fcb\u0259 v\u0259 perspektivl\u0259r\u201d m\u00f6vzusunda g\u0259ncl\u0259r t\u0259\u015fkilatlar\u0131 il\u0259 m\u0259sl\u0259h\u0259tl\u0259\u015fm\u0259l\u0259r\u0259 ba\u015flay\u0131b.<\/strong><\/p>\n<p>\u0130ctimai \u015euran\u0131n g\u0259ncl\u0259rl\u0259 i\u015f \u00fczr\u0259 i\u015f\u00e7i qrupu f\u0259all\u0131\u011f\u0131 il\u0259 se\u00e7il\u0259n bir ne\u00e7\u0259 g\u0259ncl\u0259r t\u0259\u015fkilat\u0131n\u0131n n\u00fcmay\u0259nd\u0259l\u0259ri il\u0259 g\u00f6r\u00fc\u015f ke\u00e7irib.<\/p>\n<p>\u015euran\u0131n s\u0259dri Az\u0259r \u018fliyev g\u00fcnd\u0259likd\u0259ki m\u0259s\u0259l\u0259l\u0259ri g\u0259ncl\u0259r t\u0259\u015fkilatlar\u0131n\u0131n r\u0259hb\u0259rl\u0259rinin diqq\u0259tin\u0259 \u00e7atd\u0131r\u0131b, g\u0259ncl\u0259rl\u0259 i\u015f sah\u0259sind\u0259 g\u00f6r\u00fcl\u0259n i\u015fl\u0259r, perspektivl\u0259r haqq\u0131nda m\u0259lumat verib.<\/p>\n<p>\u0130\u015f\u00e7i qrupunun r\u0259hb\u0259ri Asim V\u0259liyevin moderatorlu\u011fu il\u0259 davam ed\u0259n d\u0259yirmi masada g\u0259ncl\u0259r t\u0259\u015fkilatlar\u0131n\u0131n qar\u015f\u0131la\u015fd\u0131\u011f\u0131 probleml\u0259r, \u201cG\u0259ncl\u0259r siyas\u0259ti haqq\u0131nda\u201d qanuna \u0259lav\u0259 v\u0259 d\u0259yi\u015fiklikl\u0259r\u0259 dair t\u0259klifl\u0259r, Qaraba\u011f\u0131n dir\u00e7\u0259ldilm\u0259sind\u0259 g\u0259ncl\u0259r t\u0259\u015fkilatlar\u0131n\u0131n rolu v\u0259 cari m\u0259s\u0259l\u0259l\u0259rl\u0259 ba\u011fl\u0131 m\u00fczakir\u0259l\u0259r apar\u0131l\u0131b v\u0259 g\u0259ncl\u0259r t\u0259\u015fkilatlar\u0131n\u0131n n\u00fcmay\u0259nd\u0259l\u0259rinin fikirl\u0259ri dinl\u0259nilib.<\/p>\n<p>T\u0259dbird\u0259 g\u0259ncl\u0259r t\u0259\u015fkilatlar\u0131 v\u0259 idman federasiyalar\u0131 il\u0259 m\u0259sl\u0259h\u0259tl\u0259\u015fm\u0259l\u0259rin n\u00f6vb\u0259ti h\u0259ft\u0259l\u0259rd\u0259 d\u0259 davam etdiril\u0259c\u0259yi bildirilib. G\u00f6r\u00fc\u015fl\u0259r\u0259 qo\u015fulmaq ist\u0259y\u0259n t\u0259\u015fkilat v\u0259 federasiyalar \u0130ctimai \u015euraya m\u00fcraci\u0259t ed\u0259 bil\u0259rl\u0259r.<\/p>\n","protected":false},"excerpt":{"rendered":"<p>\u0130ctimai \u015eura g\u0259nc t\u0259\u015fkilatlar\u0131l\u0259 m\u0259sl\u0259h\u0259tl\u0259\u015fm\u0259l\u0259r\u0259 ba\u015flay\u0131b &#8220;\u0130NFONEWS&#8221; x\u0259b\u0259r verir. G\u0259ncl\u0259r v\u0259 \u0130dman Nazirliyi yan\u0131nda \u0130ctimai \u015eura \u201cG\u0259ncl\u0259rl\u0259 i\u015f sah\u0259sind\u0259 \u0259ld\u0259 edilmi\u015f t\u0259cr\u00fcb\u0259 v\u0259 perspektivl\u0259r\u201d m\u00f6vzusunda g\u0259ncl\u0259r t\u0259\u015fkilatlar\u0131 il\u0259 m\u0259sl\u0259h\u0259tl\u0259\u015fm\u0259l\u0259r\u0259 ba\u015flay\u0131b.&hellip; <\/p>\n","protected":false},"author":14,"featured_media":15899,"comment_status":"open","ping_status":"open","sticky":false,"template":"","format":"standard","meta":{"_mi_skip_tracking":false,"_monsterinsights_sitenote_active":false,"_monsterinsights_sitenote_note":"","_monsterinsights_sitenote_category":0,"footnotes":""},"categories":[1],"tags":[5798,5799,5511,5797,15],"aioseo_notices":[],"_links":{"self":[{"href":"https:\/\/infonews.az\/index.php?rest_route=\/wp\/v2\/posts\/15898"}],"collection":[{"href":"https:\/\/infonews.az\/index.php?rest_route=\/wp\/v2\/posts"}],"about":[{"href":"https:\/\/infonews.az\/index.php?rest_route=\/wp\/v2\/types\/post"}],"author":[{"embeddable":true,"href":"https:\/\/infonews.az\/index.php?rest_route=\/wp\/v2\/users\/14"}],"replies":[{"embeddable":true,"href":"https:\/\/infonews.az\/index.php?rest_route=%2Fwp%2Fv2%2Fcomments&post=15898"}],"version-history":[{"count":1,"href":"https:\/\/infonews.az\/index.php?rest_route=\/wp\/v2\/posts\/15898\/revisions"}],"predecessor-version":[{"id":15901,"href":"https:\/\/infonews.az\/index.php?rest_route=\/wp\/v2\/posts\/15898\/revisions\/15901"}],"wp:featuredmedia":[{"embeddable":true,"href":"https:\/\/infonews.az\/index.php?rest_route=\/wp\/v2\/media\/15899"}],"wp:attachment":[{"href":"https:\/\/infonews.az\/index.php?rest_route=%2Fwp%2Fv2%2Fmedia&parent=15898"}],"wp:term":[{"taxonomy":"category","embeddable":true,"href":"https:\/\/infonews.az\/index.php?rest_route=%2Fwp%2Fv2%2Fcategories&post=15898"},{"taxonomy":"post_tag","embeddable":true,"href":"https:\/\/infonews.az\/index.php?rest_route=%2Fwp%2Fv2%2Ftags&post=15898"}],"curies":[{"name":"wp","href":"https:\/\/api.w.org\/{rel}","templated":true}]}}