{"id":15939,"date":"2022-01-19T12:23:29","date_gmt":"2022-01-19T08:23:29","guid":{"rendered":"https:\/\/infonews.az\/?p=15939"},"modified":"2022-01-19T14:36:32","modified_gmt":"2022-01-19T10:36:32","slug":"dovl%c9%99timizin-bascisinin-z%c9%99ng%c9%99zurun-tarixi-bar%c9%99d%c9%99-fikirl%c9%99ri-az%c9%99rbaycanin-bu-m%c9%99s%c9%99l%c9%99d%c9%99-movqeyi-il%c9%99-bagli-erm%c9%99nil%c9%99r%c9%99-cox-muhum","status":"publish","type":"post","link":"https:\/\/infonews.az\/?p=15939","title":{"rendered":"&#8220;D\u00f6vl\u0259timizin ba\u015f\u00e7\u0131s\u0131n\u0131n Z\u0259ng\u0259zurun tarixi bar\u0259d\u0259 fikirl\u0259ri Az\u0259rbaycan\u0131n bu m\u0259s\u0259l\u0259d\u0259 m\u00f6vqeyi il\u0259 ba\u011fl\u0131 erm\u0259nil\u0259r\u0259 \u00e7ox m\u00fch\u00fcm mesaj oldu&#8221;"},"content":{"rendered":"<p><span style=\"color: #ffffff;\">&#8220;D\u00f6vl\u0259timizin ba\u015f\u00e7\u0131s\u0131n\u0131n Z\u0259ng\u0259zurun tarixi bar\u0259d\u0259 fikirl\u0259ri Az\u0259rbaycan\u0131n bu m\u0259s\u0259l\u0259d\u0259 m\u00f6vqeyi il\u0259 ba\u011fl\u0131 erm\u0259nil\u0259r\u0259 \u00e7ox m\u00fch\u00fcm mesaj oldu&#8221;<\/span><\/p>\n<p><a href=\"https:\/\/infonews.az\/?p=15939\"><strong><span style=\"color: #ff0000;\">&#8220;\u0130NFONEWS&#8221;<\/span><\/strong><\/a> AZ\u018fRTAC -a istinad\u0259n x\u0259b\u0259r verir.<\/p>\n<blockquote><p><strong>Prezident \u0130lham \u018fliyev yanvar\u0131n 12-d\u0259 yerli televiziya kanallar\u0131na m\u00fcsahib\u0259sind\u0259 Az\u0259rbaycanla Erm\u0259nistan aras\u0131nda m\u00fcnasib\u0259tl\u0259rin bir s\u0131ra m\u0259qamlar\u0131na ayd\u0131nl\u0131q g\u0259tirdi. Bu m\u0259qamlar s\u0131ras\u0131nda Az\u0259rbaycanla Erm\u0259nistan aras\u0131nda ba\u011flanacaq s\u00fclh sazi\u015fi \u00f6n s\u0131rada dururdu. D\u00f6vl\u0259timizin ba\u015f\u00e7\u0131s\u0131 bildirdi ki, Az\u0259rbaycan t\u0259r\u0259finin t\u0259klifi h\u0259r iki \u00f6lk\u0259nin bir-birinin \u0259razi b\u00fct\u00f6vl\u00fcy\u00fcn\u00fc tan\u0131mas\u0131ndan, s\u0259rh\u0259dl\u0259rin delimitasiyas\u0131 il\u0259 ba\u011fl\u0131 i\u015fl\u0259r\u0259 start verilm\u0259sind\u0259n, kommunikasiyalar\u0131n a\u00e7\u0131lmas\u0131 prosesin\u0259 ba\u015flan\u0131lmas\u0131ndan v\u0259 s\u00fclh m\u00fcqavil\u0259si imzalanmas\u0131ndan ibar\u0259tdir. Az\u0259rbaycan Prezidenti onu da xat\u0131rlatd\u0131 ki, h\u0259r\u00e7\u0259nd, ist\u0259nil\u0259n s\u00fclh m\u00fcqavil\u0259si Erm\u0259nistan \u00fc\u00e7\u00fcn, sad\u0259c\u0259, ka\u011f\u0131z par\u00e7as\u0131 ola bil\u0259r. T\u0259bii ki, bu m\u0259s\u0259l\u0259 t\u0259sad\u00fcf\u0259n xat\u0131rlad\u0131lmad\u0131. T\u0259cr\u00fcb\u0259 d\u0259 g\u00f6st\u0259rir ki, erm\u0259nil\u0259r bu v\u0259 ya dig\u0259r imzan\u0131n m\u0259suliyy\u0259tind\u0259n asanl\u0131qla qa\u00e7\u0131rlar. Biz bunu Erm\u0259nistan t\u0259r\u0259finin imzalad\u0131\u011f\u0131 2020-ci il10 noyabr, 2021-ci il 11 yanvar b\u0259yanatlar\u0131na m\u00fcnasib\u0259tind\u0259 d\u0259 g\u00f6rm\u00fc\u015f\u00fck. Amma b\u00f6lg\u0259d\u0259 s\u00fclh\u00fcn yaranmas\u0131 \u00fc\u00e7\u00fcn bu g\u00fcn ciddi add\u0131mlar at\u0131lmal\u0131d\u0131r.<\/strong><\/p><\/blockquote>\n<p>Bu fikirl\u0259ri Milli M\u0259clisin deputat\u0131 \u018fziz \u018fl\u0259kb\u0259rli bildirib.<\/p>\n<p>Deputat deyib ki, Erm\u0259nistan s\u00fclh m\u00fcqavil\u0259sinin imzalanmas\u0131n\u0131n \u00f6lk\u0259l\u0259rin bir-birinin \u0259razi b\u00fct\u00f6vl\u00fcy\u00fcn\u00fc tan\u0131mas\u0131ndan ke\u00e7diyi yax\u015f\u0131 ba\u015fa d\u00fc\u015f\u00fcr. Erm\u0259nil\u0259r is\u0259 buna haz\u0131r deyill\u0259r. Niy\u0259? T\u0259kc\u0259 ona g\u00f6r\u0259mi ki, bununla Qaraba\u011f iddialar\u0131ndan tamam imtina etmi\u015f olurlar? M\u0259nc\u0259, t\u0259kc\u0259 buna g\u00f6r\u0259 yox. 70 illik sovet d\u00f6n\u0259mind\u0259 Erm\u0259nistan qanunsuz olaraq Az\u0259rbaycan\u0131n m\u00fcxt\u0259lif b\u00f6lg\u0259l\u0259rind\u0259n kifay\u0259t q\u0259d\u0259r \u0259lav\u0259 \u0259razi \u0259l\u0259 ke\u00e7irib, indi o torpaqlar da Az\u0259rbaycana geri qaytar\u0131lmal\u0131d\u0131r. Erm\u0259nistan hakimiyy\u0259ti h\u0259m d\u0259 bundan qorxur. Amma onu da ba\u015fa d\u00fc\u015fm\u0259lidir ki, delimitasiya m\u0259s\u0259l\u0259si h\u0259ll olunmayaca\u011f\u0131 t\u0259qdird\u0259, Az\u0259rbaycan bu m\u0259s\u0259l\u0259ni t\u0259kba\u015f\u0131na v\u0259 \u00f6z bildiyi kimi h\u0259ll ed\u0259 bil\u0259r. Bu is\u0259 Erm\u0259nistan \u00fc\u00e7\u00fcn daha b\u00f6y\u00fck itkil\u0259rl\u0259 n\u0259tic\u0259l\u0259n\u0259 bil\u0259r. Prezident \u0130lham \u018fliyev m\u00fcsahib\u0259sind\u0259 buna a\u00e7\u0131q i\u015far\u0259 d\u0259 vurdu: \u201cM\u0259n demi\u015f\u0259m, bizim xo\u015fniyy\u0259tli davran\u0131\u015f\u0131m\u0131z \u015f\u0259rt deyil ki, \u0259b\u0259di olacaq v\u0259 \u015f\u0259rt deyil ki, bu t\u0259klifl\u0259r \u0259b\u0259di masa \u00fcz\u0259rind\u0259 qalacaq. \u018fg\u0259r bizim \u0259razi b\u00fct\u00f6vl\u00fcy\u00fcm\u00fcz\u00fc tan\u0131maq ist\u0259mirl\u0259rs\u0259, o zaman biz d\u0259 onlar\u0131n \u0259razi b\u00fct\u00f6vl\u00fcy\u00fcn\u00fc tan\u0131mayaca\u011f\u0131q. Bizim Erm\u0259nistan\u0131n \u0259razi b\u00fct\u00f6vl\u00fcy\u00fcn\u00fc tan\u0131mamaq \u00fc\u00e7\u00fcn b\u0259lk\u0259 d\u0259 y\u00fcz d\u0259f\u0259 daha \u00e7ox \u0259sas\u0131m\u0131z var, n\u0259inki onlar\u0131n bizim \u0259razi b\u00fct\u00f6vl\u00fcy\u00fcm\u00fcz\u00fc tan\u0131mamas\u0131 \u00fc\u00e7\u00fcn. \u00c7\u00fcnki h\u0259r k\u0259s art\u0131q bunu yax\u015f\u0131 bilir, d\u00fcnya ictimaiyy\u0259ti d\u0259 bilir ki, 1920-ci ilin noyabr ay\u0131nda tarixi torpa\u011f\u0131m\u0131z Z\u0259ng\u0259zur bizd\u0259n ayr\u0131l\u0131b Erm\u0259nistana birl\u0259\u015fdirildi, G\u00f6y\u00e7\u0259 d\u0259 h\u0259m\u00e7inin. \u0130r\u0259van \u015f\u0259h\u0259ri 29 may 1918-ci ild\u0259 Erm\u0259nistana verildi. Y\u0259ni, bizim Erm\u0259nistan\u0131n \u0259razi b\u00fct\u00f6vl\u00fcy\u00fcn\u00fc tan\u0131mamaq \u00fc\u00e7\u00fcn, nec\u0259 dey\u0259rl\u0259r, bir \u00e7ox amill\u0259rimiz var. Amma buna baxmayaraq, g\u0259l\u0259c\u0259k s\u00fclh namin\u0259, \u00f6lk\u0259l\u0259r aras\u0131ndak\u0131 \u0259laq\u0259l\u0259rin qurulmas\u0131 namin\u0259 biz buna haz\u0131r\u0131q. Amma m\u0259n qarantiya ver\u0259 bilm\u0259r\u0259m ki, bu, alt\u0131 aydan sonra da eyni olacaq. \u0130st\u0259mirl\u0259r, yax\u015f\u0131, onda olmas\u0131n, onda g\u00f6r\u0259rik n\u0259 olacaq\u201d.<\/p>\n<p>\u201cZ\u0259ng\u0259zur d\u0259hlizi m\u0259s\u0259l\u0259si 44 g\u00fcnl\u00fck V\u0259t\u0259n m\u00fcharib\u0259sind\u0259n sonra Az\u0259rbaycan-Erm\u0259nistan m\u00fcnasib\u0259tl\u0259rinin ana x\u0259ttini t\u0259\u015fkil edir. Prezident \u0130lham \u018fliyev bir m\u00fcdd\u0259t \u0259vv\u0259l bildirmi\u015fdi ki, Erm\u0259nistan t\u0259r\u0259fi ist\u0259s\u0259 d\u0259, ist\u0259m\u0259s\u0259 d\u0259, Az\u0259rbaycan bu d\u0259hlizi a\u00e7acaq, xo\u015fluqla qoymasalar, zorla a\u00e7aca\u011f\u0131q. Yanvar\u0131n 12-d\u0259 yerli televiziya kanallar\u0131na m\u00fcsahib\u0259sind\u0259 d\u00f6vl\u0259timizin ba\u015f\u00e7\u0131s\u0131 bu fikrini bir daha s\u0259sl\u0259ndirdi. \u018flav\u0259 etdi ki, Az\u0259rbaycan haz\u0131rda Z\u0259ng\u0259zurun hava m\u0259kan\u0131ndan istifad\u0259 edir, h\u0259m d\u0259 Erm\u0259nistandan icaz\u0259 almadan istifad\u0259 edir. \u00c7\u00fcnki bu, beyn\u0259lxalq d\u0259hlizdir v\u0259 ondan istifad\u0259 etm\u0259k Az\u0259rbaycan\u0131n suveren h\u00fcququdur. H\u0259tta Prezident \u0130lham \u018fliyev bu m\u0259kan\u0131 Z\u0259ng\u0259zur d\u0259hlizinin hava versiyas\u0131 adland\u0131rd\u0131. Bildirdi ki, son zamanlar Erm\u0259nistan t\u0259r\u0259fi, n\u0259d\u0259ns\u0259, Z\u0259ng\u0259zur d\u0259hlizi ifad\u0259sin\u0259 \u00e7ox b\u00f6y\u00fck q\u0131sqancl\u0131qla yana\u015f\u0131r. \u018flav\u0259 etdi ki, \u201cZ\u0259ng\u0259zur d\u0259hlizi\u201d ifad\u0259sini siyasi leksikona o g\u0259tirib v\u0259 bu g\u00fcn bu ifad\u0259 beyn\u0259lxalq leksikona daxil olub.<\/p>\n<p>H\u0259mi\u015f\u0259 oldu\u011fu kimi, Z\u0259ng\u0259zur m\u0259s\u0259l\u0259sind\u0259 d\u0259 Prezident \u0130lham \u018fliyev qar\u015f\u0131 t\u0259r\u0259f\u0259 yenid\u0259n d\u0259rs verdi. Bildirdi ki, onun bu d\u0259hlizi \u201cZ\u0259ng\u0259zur d\u0259hlizi\u201d adland\u0131rmas\u0131n\u0131n obyektiv s\u0259b\u0259bi, siyasi-tarixi \u0259sas\u0131 var. Birincisi, bu, Z\u0259ng\u0259zurdur, bunun tarixi ad\u0131d\u0131r: Az\u0259rbaycan toponimidir, nec\u0259 ki, Z\u0259ngilan, Z\u0259ng\u0259zur, Z\u0259ngi \u00e7ay\u0131 \u2013 hans\u0131 ki, erm\u0259nil\u0259r indi Razdan adland\u0131r\u0131rlar, \u2013 Az\u0259rbaycan toponimidir\u201d. B\u0259lk\u0259 d\u0259 Az\u0259rbaycanda \u00e7ox az adam bilir ki, Q\u0259rbi Az\u0259rbaycanda Z\u0259ng\u0259zur toponimi il\u0259 eynik\u00f6kl\u00fc Z\u0259ngi hidronimi var v\u0259 indi bu hidronim Razdan ad\u0131n\u0131 da\u015f\u0131y\u0131r. Bu bir k\u0259lm\u0259lik informasiya il\u0259 Prezident \u0130lham \u018fliyev milli d\u0259y\u0259rl\u0259rimiz\u0259 sahib \u00e7\u0131xma\u011f\u0131n \u00e7ox g\u00f6z\u0259l n\u00fcmun\u0259sini g\u00f6st\u0259rdi. El\u0259 hesab edir\u0259m ki, bu mesaj \u00f6z\u00fcn\u00fcn laz\u0131mi \u00fcnvan\u0131na \u00e7atm\u0131\u015f oldu\u201d, &#8211; dey\u0259 \u018f. \u018fl\u0259kb\u0259rli vur\u011fulay\u0131b.<\/p>\n<p>Deputat \u0259lav\u0259 edib ki, Prezident \u0130lham \u018fliyevin \u201cZ\u0259ng\u0259zur d\u0259hlizi\u201d anlay\u0131\u015f\u0131na verdiyi yeni m\u0259zmun da diqq\u0259t\u0259layiqdir: \u201cBiz bu d\u0259hliz\u0259, sad\u0259c\u0259 olaraq, d\u0259mir yolu kimi baxm\u0131r\u0131q. \u00c7\u00fcnki bu d\u0259hlizd\u0259n h\u0259m d\u0259mir yolu ke\u00e7\u0259c\u0259k, h\u0259m avtomobil yolu ke\u00e7\u0259c\u0259k. Biz elektrik x\u0259tl\u0259ri d\u0259 n\u0259z\u0259rd\u0259 tuturuq. Ondan sonra ola bilsin ki, qaz x\u0259tl\u0259ri d\u0259 oradan ke\u00e7sin. Bir x\u0259tt Qafandan, bir x\u0259tt Mehrid\u0259n ke\u00e7\u0259 bil\u0259r. Bir x\u0259tt Qarakils\u0259d\u0259n ke\u00e7\u0259 bil\u0259r, onlar Sisyan adland\u0131r\u0131rlar. Ona g\u00f6r\u0259 Z\u0259ng\u0259zur d\u0259hlizi b\u00fct\u00fcn Z\u0259ng\u0259zur b\u00f6lg\u0259sini \u0259hat\u0259 etm\u0259lidir\u201d. Bu, art\u0131q \u201cZ\u0259ng\u0259zur d\u0259hlizi\u201d anlay\u0131\u015f\u0131na yeni v\u0259 tamamil\u0259 haql\u0131 yana\u015fmad\u0131r v\u0259 b\u00fct\u00fcn mahal\u0131n g\u0259l\u0259c\u0259k taleyin\u0259 hesablanm\u0131\u015f yana\u015fmad\u0131r. D\u00f6vl\u0259timizin ba\u015f\u00e7\u0131s\u0131n\u0131n Z\u0259ng\u0259zurun tarixi bar\u0259d\u0259 fikirl\u0259ri Az\u0259rbaycan\u0131n \u00f6z m\u00f6vqeyind\u0259 n\u0259 q\u0259d\u0259r ciddi olmas\u0131 y\u00f6n\u00fcnd\u0259 erm\u0259nil\u0259r\u0259 \u00e7ox m\u00fch\u00fcm mesaj oldu.<\/p>\n","protected":false},"excerpt":{"rendered":"<p>&#8220;D\u00f6vl\u0259timizin ba\u015f\u00e7\u0131s\u0131n\u0131n Z\u0259ng\u0259zurun tarixi bar\u0259d\u0259 fikirl\u0259ri Az\u0259rbaycan\u0131n bu m\u0259s\u0259l\u0259d\u0259 m\u00f6vqeyi il\u0259 ba\u011fl\u0131 erm\u0259nil\u0259r\u0259 \u00e7ox m\u00fch\u00fcm mesaj oldu&#8221; &#8220;\u0130NFONEWS&#8221; AZ\u018fRTAC -a istinad\u0259n x\u0259b\u0259r verir. Prezident \u0130lham \u018fliyev yanvar\u0131n 12-d\u0259 yerli televiziya&hellip; <\/p>\n","protected":false},"author":14,"featured_media":15940,"comment_status":"open","ping_status":"open","sticky":false,"template":"","format":"standard","meta":{"_mi_skip_tracking":false,"_monsterinsights_sitenote_active":false,"_monsterinsights_sitenote_note":"","_monsterinsights_sitenote_category":0,"footnotes":""},"categories":[4,6,11],"tags":[5808,1008,5683,15,367],"aioseo_notices":[],"_links":{"self":[{"href":"https:\/\/infonews.az\/index.php?rest_route=\/wp\/v2\/posts\/15939"}],"collection":[{"href":"https:\/\/infonews.az\/index.php?rest_route=\/wp\/v2\/posts"}],"about":[{"href":"https:\/\/infonews.az\/index.php?rest_route=\/wp\/v2\/types\/post"}],"author":[{"embeddable":true,"href":"https:\/\/infonews.az\/index.php?rest_route=\/wp\/v2\/users\/14"}],"replies":[{"embeddable":true,"href":"https:\/\/infonews.az\/index.php?rest_route=%2Fwp%2Fv2%2Fcomments&post=15939"}],"version-history":[{"count":1,"href":"https:\/\/infonews.az\/index.php?rest_route=\/wp\/v2\/posts\/15939\/revisions"}],"predecessor-version":[{"id":15941,"href":"https:\/\/infonews.az\/index.php?rest_route=\/wp\/v2\/posts\/15939\/revisions\/15941"}],"wp:featuredmedia":[{"embeddable":true,"href":"https:\/\/infonews.az\/index.php?rest_route=\/wp\/v2\/media\/15940"}],"wp:attachment":[{"href":"https:\/\/infonews.az\/index.php?rest_route=%2Fwp%2Fv2%2Fmedia&parent=15939"}],"wp:term":[{"taxonomy":"category","embeddable":true,"href":"https:\/\/infonews.az\/index.php?rest_route=%2Fwp%2Fv2%2Fcategories&post=15939"},{"taxonomy":"post_tag","embeddable":true,"href":"https:\/\/infonews.az\/index.php?rest_route=%2Fwp%2Fv2%2Ftags&post=15939"}],"curies":[{"name":"wp","href":"https:\/\/api.w.org\/{rel}","templated":true}]}}