{"id":16089,"date":"2022-01-23T11:26:56","date_gmt":"2022-01-23T07:26:56","guid":{"rendered":"https:\/\/infonews.az\/?p=16089"},"modified":"2022-01-23T20:15:43","modified_gmt":"2022-01-23T16:15:43","slug":"balak%c9%99nd%c9%99-birm%c9%99rt%c9%99b%c9%99li-tikili-yanib-ol%c9%99n-var","status":"publish","type":"post","link":"https:\/\/infonews.az\/?p=16089","title":{"rendered":"Balak\u0259nd\u0259 birm\u0259rt\u0259b\u0259li tikili yan\u0131b, \u00f6l\u0259n var"},"content":{"rendered":"<p class=\"article-title\"><span style=\"color: #ffffff;\">Balak\u0259nd\u0259 birm\u0259rt\u0259b\u0259li tikili yan\u0131b, \u00f6l\u0259n var<\/span><\/p>\n<blockquote><p>Balak\u0259n rayonunun G\u0259r\u0259kli k\u0259ndind\u0259 \u00fcmumi sah\u0259si 12 m\u00b2 olan birm\u0259rt\u0259b\u0259li k\u00f6m\u0259k\u00e7i tikilinin yanar konstruksiyalar\u0131 yan\u0131b.<\/p><\/blockquote>\n<p>F\u00f6vq\u0259lad\u0259 Hallar Nazirliyind\u0259n veril\u0259n m\u0259lumata g\u00f6r\u0259, yan\u011f\u0131n yerinin k\u0259\u015ffiyyat\u0131 zaman\u0131 1947-ci il t\u0259v\u0259ll\u00fcdl\u00fc Osmanov Zumrat N\u0259cm\u0259ddin o\u011flunun yanm\u0131\u015f meyiti yan\u011f\u0131ns\u00f6nd\u00fcr\u0259nl\u0259r t\u0259r\u0259find\u0259n a\u015fkar edil\u0259r\u0259k aidiyy\u0259ti \u00fczr\u0259 t\u0259hvil verilib.<\/p>\n<p>Yax\u0131nl\u0131qdak\u0131 tikilil\u0259r yan\u011f\u0131ndan m\u00fchafiz\u0259 olunub. Yan\u011f\u0131n yan\u011f\u0131ndan m\u00fchafiz\u0259 b\u00f6lm\u0259l\u0259ri t\u0259r\u0259find\u0259n s\u00f6nd\u00fcr\u00fcl\u00fcb.<\/p>\n<p>Hadis\u0259 il\u0259 \u0259laq\u0259dar m\u00fcvafiq qurumlar t\u0259r\u0259find\u0259n t\u0259hqiqat apar\u0131l\u0131r.<\/p>\n<p><a href=\"https:\/\/infonews.az\/\"><span style=\"color: #ff0000;\"><strong>&#8220;\u0130NFONEWS&#8221;<\/strong><\/span><\/a><\/p>\n<div class=\"article-meta\"><\/div>\n","protected":false},"excerpt":{"rendered":"<p>Balak\u0259nd\u0259 birm\u0259rt\u0259b\u0259li tikili yan\u0131b, \u00f6l\u0259n var Balak\u0259n rayonunun G\u0259r\u0259kli k\u0259ndind\u0259 \u00fcmumi sah\u0259si 12 m\u00b2 olan birm\u0259rt\u0259b\u0259li k\u00f6m\u0259k\u00e7i tikilinin yanar konstruksiyalar\u0131 yan\u0131b. F\u00f6vq\u0259lad\u0259 Hallar Nazirliyind\u0259n veril\u0259n m\u0259lumata g\u00f6r\u0259, yan\u011f\u0131n yerinin k\u0259\u015ffiyyat\u0131&hellip; <\/p>\n","protected":false},"author":3,"featured_media":14040,"comment_status":"open","ping_status":"open","sticky":false,"template":"","format":"standard","meta":{"_mi_skip_tracking":false,"_monsterinsights_sitenote_active":false,"_monsterinsights_sitenote_note":"","_monsterinsights_sitenote_category":0,"footnotes":""},"categories":[5,11],"tags":[4861,3478,28],"aioseo_notices":[],"_links":{"self":[{"href":"https:\/\/infonews.az\/index.php?rest_route=\/wp\/v2\/posts\/16089"}],"collection":[{"href":"https:\/\/infonews.az\/index.php?rest_route=\/wp\/v2\/posts"}],"about":[{"href":"https:\/\/infonews.az\/index.php?rest_route=\/wp\/v2\/types\/post"}],"author":[{"embeddable":true,"href":"https:\/\/infonews.az\/index.php?rest_route=\/wp\/v2\/users\/3"}],"replies":[{"embeddable":true,"href":"https:\/\/infonews.az\/index.php?rest_route=%2Fwp%2Fv2%2Fcomments&post=16089"}],"version-history":[{"count":1,"href":"https:\/\/infonews.az\/index.php?rest_route=\/wp\/v2\/posts\/16089\/revisions"}],"predecessor-version":[{"id":16090,"href":"https:\/\/infonews.az\/index.php?rest_route=\/wp\/v2\/posts\/16089\/revisions\/16090"}],"wp:featuredmedia":[{"embeddable":true,"href":"https:\/\/infonews.az\/index.php?rest_route=\/wp\/v2\/media\/14040"}],"wp:attachment":[{"href":"https:\/\/infonews.az\/index.php?rest_route=%2Fwp%2Fv2%2Fmedia&parent=16089"}],"wp:term":[{"taxonomy":"category","embeddable":true,"href":"https:\/\/infonews.az\/index.php?rest_route=%2Fwp%2Fv2%2Fcategories&post=16089"},{"taxonomy":"post_tag","embeddable":true,"href":"https:\/\/infonews.az\/index.php?rest_route=%2Fwp%2Fv2%2Ftags&post=16089"}],"curies":[{"name":"wp","href":"https:\/\/api.w.org\/{rel}","templated":true}]}}