{"id":1609,"date":"2021-01-03T21:52:31","date_gmt":"2021-01-03T17:52:31","guid":{"rendered":"http:\/\/infonews.az\/?p=1609"},"modified":"2021-01-03T21:52:31","modified_gmt":"2021-01-03T17:52:31","slug":"murat-akan-c%c9%99nub-qaz-d%c9%99hlizi-iqtisadi-siyasi-v%c9%99-geostrateji-%c9%99m%c9%99kdasligi-gucl%c9%99ndir%c9%99c%c9%99kdir","status":"publish","type":"post","link":"https:\/\/infonews.az\/?p=1609","title":{"rendered":"Murat Akan: &#8220;C\u0259nub Qaz D\u0259hlizi iqtisadi, siyasi v\u0259 geostrateji \u0259m\u0259kda\u015fl\u0131\u011f\u0131 g\u00fccl\u0259ndir\u0259c\u0259kdir&#8221;"},"content":{"rendered":"<blockquote><p>X\u0259z\u0259r qaz\u0131n\u0131n T\u00fcrkiy\u0259d\u0259n ke\u00e7ir\u0259r\u0259k Avropaya t\u0259dar\u00fck edil\u0259c\u0259k C\u0259nub Qaz D\u0259hlizi Az\u0259rbaycan v\u0259 T\u00fcrkiy\u0259ni strateji enerji d\u0259hlizin\u0259 \u00e7evir\u0259c\u0259k.<\/p><\/blockquote>\n<p><strong>\u0130NFONEWS<\/strong> &#8220;Trend&#8221;-\u0259 istinad\u0259n x\u0259b\u0259r verir ki, T\u00fcrkiy\u0259 beyn\u0259lxalq ticar\u0259t \u0259m\u0259liyyatlar\u0131 \u00fczr\u0259 ekspert Murat Akan bildirib:\u00a0&#8220;T\u0259bii qaz geopolitik \u0259h\u0259miyy\u0259t da\u015f\u0131d\u0131\u011f\u0131 v\u0259 beyn\u0259lxalq siyas\u0259tin daimi bir elementin\u0259 \u00e7evrildiyi \u00fc\u00e7\u00fcn &#8220;q\u0131z\u0131l \u0259srini&#8221; ya\u015fay\u0131r. Enerji ehtiyatlar\u0131 v\u0259 d\u0259hlizl\u0259ri olan d\u00f6vl\u0259tl\u0259r 21-ci \u0259srin qlobal siyas\u0259tind\u0259 \u0259n b\u00f6y\u00fck t\u0259sir\u0259 sahibdirl\u0259r. T\u0259bii qaza olan t\u0259l\u0259b, x\u00fcsusil\u0259 Avropada g\u00fcnd\u0259n-g\u00fcn\u0259 art\u0131r&#8221;.<\/p>\n<p>Akan\u0131n s\u00f6zl\u0259rin\u0259 g\u00f6r\u0259, C\u0259nub Qaz D\u0259hlizi regional sabitliyi g\u00fccl\u0259ndir\u0259c\u0259k: \u201cAz\u0259rbaycan, T\u00fcrkiy\u0259, Yunan\u0131stan \u0259razisind\u0259n ke\u00e7\u0259n d\u0259hliz iqtisadi, siyasi v\u0259 geostrateji \u0259m\u0259kda\u015fl\u0131\u011f\u0131 m\u00f6hk\u0259ml\u0259ndir\u0259c\u0259k&#8221;.<\/p>\n<p>\u201cBu, X\u0259z\u0259r d\u0259nizind\u0259n Avropaya qaz n\u0259qli \u00fc\u00e7\u00fcn ilk v\u0259 Avropada enerji \u015fax\u0259l\u0259ndirilm\u0259sini t\u0259min ed\u0259n yegan\u0259 layih\u0259dir. C\u0259nub Qaz D\u0259hlizi Avropan\u0131n enerji t\u0259hl\u00fck\u0259sizliyini t\u0259min ed\u0259c\u0259k v\u0259 Az\u0259rbaycan qaz\u0131na olan t\u0259l\u0259bata qarant olacaq. Bu tarixi layih\u0259 Az\u0259rbaycan v\u0259 T\u00fcrkiy\u0259nin Avropadak\u0131 strateji m\u00f6vqel\u0259rini daha da g\u00fccl\u0259ndir\u0259c\u0259kdir. C\u0259nub Qaz D\u0259hlizinin son seqmenti olan Trans-Adriatik Qaz Boru K\u0259m\u0259ri (TAP) il\u0259 Avropaya ticari qaz t\u0259dar\u00fck\u00fcn\u00fcn ba\u015flamas\u0131 Az\u0259rbaycan v\u0259 T\u00fcrkiy\u0259nin \u0259n b\u00f6y\u00fck u\u011furudur. Bu layih\u0259 iki \u00f6lk\u0259 aras\u0131nda ticar\u0259t v\u0259 m\u0259d\u0259ni \u0259m\u0259kda\u015fl\u0131\u011f\u0131n daha da inki\u015faf\u0131na s\u0259b\u0259b olacaq&#8221;, &#8211; m\u00fct\u0259x\u0259ssis deyib.<\/p>\n<p>Xat\u0131rladaq ki, 31 dekabr 2020-ci ild\u0259 Az\u0259rbaycan qaz\u0131n\u0131n Transadrtatik qaz k\u0259m\u0259ri il\u0259 Avropaya t\u0259dar\u00fck\u00fc ba\u015flay\u0131b.<\/p>\n<p>Tarixd\u0259 ilk d\u0259f\u0259 olaraq Az\u0259rbaycan t\u0259bii qaz\u0131n\u0131 boru k\u0259m\u0259rl\u0259ri il\u0259 Avropa bazar\u0131na \u00e7\u0131xarma\u011f\u0131 bacard\u0131. 15 Noyabr tarixind\u0259 TAP-\u0131n italyan qaz paylama \u015f\u0259b\u0259k\u0259sin\u0259 u\u011furla qo\u015fulmas\u0131n\u0131n ard\u0131ndan \u0259mt\u0259\u0259 t\u0259bii qaz bu g\u00fcn SNAM Rete Gas (SRG) vasit\u0259si il\u0259 Melendunyodan \u0130taliyaya v\u0259 DESFA vasit\u0259si il\u0259 Nea Mesimvriadan Yunan\u0131stan v\u0259 Bolqar\u0131stana n\u0259ql edildi.<\/p>\n<p>Bununla d\u00fcnyan\u0131n \u0259n b\u00f6y\u00fck t\u0259bii qaz idxal\u00e7\u0131s\u0131 olan Avropa qaz bazar\u0131na birba\u015fa \u00e7\u0131x\u0131\u015f\u0131 olan Az\u0259rbaycan ixrac imkanlar\u0131n\u0131 \u015fax\u0259l\u0259ndirdi.<\/p>\n","protected":false},"excerpt":{"rendered":"<p>X\u0259z\u0259r qaz\u0131n\u0131n T\u00fcrkiy\u0259d\u0259n ke\u00e7ir\u0259r\u0259k Avropaya t\u0259dar\u00fck edil\u0259c\u0259k C\u0259nub Qaz D\u0259hlizi Az\u0259rbaycan v\u0259 T\u00fcrkiy\u0259ni strateji enerji d\u0259hlizin\u0259 \u00e7evir\u0259c\u0259k. \u0130NFONEWS &#8220;Trend&#8221;-\u0259 istinad\u0259n x\u0259b\u0259r verir ki, T\u00fcrkiy\u0259 beyn\u0259lxalq ticar\u0259t \u0259m\u0259liyyatlar\u0131 \u00fczr\u0259 ekspert Murat&hellip; <\/p>\n","protected":false},"author":3,"featured_media":1610,"comment_status":"open","ping_status":"open","sticky":false,"template":"","format":"standard","meta":{"_mi_skip_tracking":false,"_monsterinsights_sitenote_active":false,"_monsterinsights_sitenote_note":"","_monsterinsights_sitenote_category":0,"footnotes":""},"categories":[2,11],"tags":[310,311,312],"aioseo_notices":[],"_links":{"self":[{"href":"https:\/\/infonews.az\/index.php?rest_route=\/wp\/v2\/posts\/1609"}],"collection":[{"href":"https:\/\/infonews.az\/index.php?rest_route=\/wp\/v2\/posts"}],"about":[{"href":"https:\/\/infonews.az\/index.php?rest_route=\/wp\/v2\/types\/post"}],"author":[{"embeddable":true,"href":"https:\/\/infonews.az\/index.php?rest_route=\/wp\/v2\/users\/3"}],"replies":[{"embeddable":true,"href":"https:\/\/infonews.az\/index.php?rest_route=%2Fwp%2Fv2%2Fcomments&post=1609"}],"version-history":[{"count":1,"href":"https:\/\/infonews.az\/index.php?rest_route=\/wp\/v2\/posts\/1609\/revisions"}],"predecessor-version":[{"id":1611,"href":"https:\/\/infonews.az\/index.php?rest_route=\/wp\/v2\/posts\/1609\/revisions\/1611"}],"wp:featuredmedia":[{"embeddable":true,"href":"https:\/\/infonews.az\/index.php?rest_route=\/wp\/v2\/media\/1610"}],"wp:attachment":[{"href":"https:\/\/infonews.az\/index.php?rest_route=%2Fwp%2Fv2%2Fmedia&parent=1609"}],"wp:term":[{"taxonomy":"category","embeddable":true,"href":"https:\/\/infonews.az\/index.php?rest_route=%2Fwp%2Fv2%2Fcategories&post=1609"},{"taxonomy":"post_tag","embeddable":true,"href":"https:\/\/infonews.az\/index.php?rest_route=%2Fwp%2Fv2%2Ftags&post=1609"}],"curies":[{"name":"wp","href":"https:\/\/api.w.org\/{rel}","templated":true}]}}