{"id":16484,"date":"2022-02-09T08:04:14","date_gmt":"2022-02-09T04:04:14","guid":{"rendered":"https:\/\/infonews.az\/?p=16484"},"modified":"2022-02-09T09:12:19","modified_gmt":"2022-02-09T05:12:19","slug":"xalq-r%c9%99ssamina-h%c9%99sr-edil%c9%99n-dialoq-kitabinin-t%c9%99qdimati-olub","status":"publish","type":"post","link":"https:\/\/infonews.az\/?p=16484","title":{"rendered":"Xalq r\u0259ssam\u0131na h\u0259sr edil\u0259n &#8220;Dialoq&#8221; kitab\u0131n\u0131n t\u0259qdimat\u0131 olub"},"content":{"rendered":"<p><span style=\"color: #ffffff;\">Xalq r\u0259ssam\u0131na h\u0259sr edil\u0259n &#8220;Dialoq&#8221; kitab\u0131n\u0131n t\u0259qdimat\u0131 olub <\/span><\/p>\n<p><a href=\"https:\/\/infonews.az\/?p=16484\"><strong><span style=\"color: #ff0000;\">&#8220;\u0130NFONEWS&#8221;<\/span><\/strong><\/a> x\u0259br verir.<\/p>\n<blockquote><p><strong>Fevral\u0131n 8-d\u0259 Bak\u0131 Kitab M\u0259rk\u0259zind\u0259 Xalq r\u0259ssam\u0131 Tahir Salahovun h\u0259yat v\u0259 yarad\u0131c\u0131l\u0131\u011f\u0131na h\u0259sr edilmi\u015f \u201cDialoq\u201d kitab\u0131n\u0131n t\u0259qdimat\u0131 olub.<\/strong><\/p><\/blockquote>\n<p>Kitab\u0131n m\u00fc\u0259llifi musiqi\u015f\u00fcnas Raya Abbasovad\u0131r.<\/p>\n<p>Tahir Salahovla ba\u011fl\u0131 fikirl\u0259rini v\u0259 xatir\u0259l\u0259rini b\u00f6l\u00fc\u015f\u0259n Bak\u0131 Kitab M\u0259rk\u0259zin direktoru G\u00fcnel Rzayeva bildirib ki, r\u0259ssam\u0131 \u015f\u0259xs\u0259n tan\u0131y\u0131r, vaxtil\u0259 redaktoru oldu\u011fu jurnalda onun haqq\u0131nda olan m\u00fcsahib\u0259l\u0259r yay\u0131mlay\u0131b: \u201cTahir Salahovu tan\u0131yan h\u0259r k\u0259s t\u0259sdiql\u0259y\u0259 bil\u0259r ki, o, u\u015faql\u0131\u011f\u0131nda atas\u0131n\u0131 itirmi\u015f, lakin h\u0259yatda uca zirv\u0259l\u0259r\u0259 qalxm\u0131\u015f bir \u015f\u0259xsiyy\u0259t olub\u201d.<\/p>\n<p>G.Rzayeva kitab\u0131n m\u00fc\u0259llifi, musiqi\u015f\u00fcnas Raya Abbasovaya bu \u0259m\u0259yin\u0259 g\u00f6r\u0259 t\u0259\u015f\u0259kk\u00fcr\u00fcn\u00fc bildirib. Qeyd edib ki, kitab\u0131n ideya m\u00fc\u0259llifi Heyd\u0259r \u018fliyev Fondunun vitse-prezidenti Leyla \u018fliyevad\u0131r. Bildirib ki o, h\u0259r zaman s\u0259n\u0259t adamlar\u0131n\u0131n ke\u015fiyind\u0259 duran bir insand\u0131r.<\/p>\n<p>\u0130\u00e7\u0259ri\u015f\u0259h\u0259r muzey m\u0259rk\u0259zinin direktoru \u018fmin\u0259 M\u0259likova kitab\u0131n \u0259rs\u0259y\u0259 g\u0259lm\u0259sind\u0259 i\u015ftirak ed\u0259n h\u0259r k\u0259s\u0259 minn\u0259tdarl\u0131\u011f\u0131n\u0131 bildirib. Qeyd edib ki, kitab \u00fcz\u0259rind\u0259 i\u015f 2017-ci ild\u0259 ba\u015flansa da 2021-ci ild\u0259 bitib. Kitab\u0131n gec bir vaxtda \u0259rs\u0259y\u0259 g\u0259lm\u0259sin\u0259 s\u0259b\u0259b Tahir Salahovun \u015f\u0259xs\u0259n i\u015f prosesin\u0259 c\u0259lb olunmas\u0131 idi: \u201cYad\u0131mdad\u0131r ki, o, Moskvadan g\u0259lib kitab\u0131 g\u00f6r\u0259nd\u0259 \u00e7ox sevindi. Dahi r\u0259ssam, g\u00fccl\u00fc \u015f\u0259xsiyy\u0259t Tahir Salahov haqq\u0131nda m\u00fcxt\u0259lif d\u00f6vrl\u0259rd\u0259 kitablar \u00e7ap oluna bil\u0259r, amma r\u0259ssam\u0131n sa\u011fl\u0131\u011f\u0131nda onun i\u015f\u0131q \u00fcz\u00fc g\u00f6rm\u0259si x\u00fcsusi \u0259h\u0259miyy\u0259t k\u0259sb edir. Kitabda Prezident \u0130lham \u018fliyev v\u0259 Birinci vitse-prezident Mehriban \u018fliyevan\u0131n r\u0259ssama \u00fcnvanlad\u0131\u011f\u0131 t\u0259brik m\u0259ktublar\u0131 da yer al\u0131b. Mehriban xan\u0131m \u018fliyeva onu planetar bir r\u0259ssam, b\u0259\u015f\u0259riyy\u0259tin r\u0259ssam\u0131 adland\u0131rm\u0131\u015fd\u0131r. Onun \u201cB\u0259\u015f\u0259riyy\u0259t namin\u0259\u201d \u0259s\u0259ri insana sanki bir enerji verir, onu h\u0259yata ruhland\u0131r\u0131r\u201d.<\/p>\n<p>Tahir Salahovun m\u00fcxt\u0259lif sah\u0259l\u0259rd\u0259 i\u015fl\u0259y\u0259n insanlar\u0131n portretini yaratd\u0131\u011f\u0131n\u0131 dey\u0259n \u018f.M\u0259likova qeyd edib ki, onun neft\u00e7il\u0259r haqq\u0131nda yaratd\u0131\u011f\u0131 \u0259s\u0259ri yarad\u0131c\u0131l\u0131\u011f\u0131nda x\u00fcsusi yer tutur.<\/p>\n<p>Xalq yaz\u0131\u00e7\u0131s\u0131 Anar r\u0259ssamla ba\u011fl\u0131 xatir\u0259l\u0259rini dan\u0131\u015f\u0131b: \u201cM\u0259n \u015f\u0259xs\u0259n Tahirl\u0259 dost olmasam da, bir-birimizi g\u00f6r\u0259nd\u0259 yax\u0131n insanlar kimi g\u00f6r\u00fc\u015f\u00fcrd\u00fck. Tahir m\u0259nim \u015f\u0259klimi \u00e7\u0259k\u0259nd\u0259 x\u0259b\u0259rsiz idim. H\u0259min o anlar m\u0259nim yad\u0131mdan \u00e7\u0131xmayacaq. \u00c7\u00fcnki m\u0259n yax\u0131n dostumu itirdiyimd\u0259n portretim k\u0259d\u0259rli al\u0131nm\u0131\u015fd\u0131. O portret indi d\u0259 m\u0259nim evimd\u0259dir. Paradoks odur ki, r\u0259ssaml\u0131qda o d\u00f6vrd\u0259 abstraksionizm, pop-art v\u0259 dig\u0259r c\u0259r\u0259yanlar meydana \u00e7\u0131xm\u0131\u015fd\u0131. Amma o realizm\u0259 sadiq qalaraq bu janr\u0131n yeni s\u0259hif\u0259l\u0259rini a\u00e7maqla s\u00fcbut etdi ki, insanlar\u0131 h\u0259l\u0259 heyr\u0259t\u0259 g\u0259tirm\u0259k m\u00fcmk\u00fcnd\u00fcr\u201d.<\/p>\n<p>Tahir Salahov ev muzeyinin direktoru S\u0259ad\u0259t Mirz\u0259yeva bildirib ki, bu kitab Tahir Salahovun sa\u011fl\u0131\u011f\u0131nda i\u015f\u0131q \u00fcz\u00fc g\u00f6r\u0259n kitablardan haz\u0131rda sonuncusudur. S.Mirz\u0259yeva Tahir Salahovla bir yerd\u0259 \u00e7al\u0131\u015fd\u0131\u011f\u0131n\u0131, onunla s\u0259rgil\u0259rd\u0259 xo\u015f anlar ya\u015fad\u0131\u011f\u0131n\u0131 s\u00f6yl\u0259yib.<\/p>\n<p>\u0130nsan H\u00fcquqlar\u0131 \u00fczr\u0259 m\u00fcv\u0259kkil (ombudsman) S\u0259bin\u0259 \u018fliyeva, Xalq r\u0259ssam\u0131 Arif H\u00fcseynov \u00e7\u0131x\u0131\u015f ed\u0259r\u0259k Tahir Salahov \u015f\u0259xsiyy\u0259ti haqq\u0131nda d\u00fc\u015f\u00fcnc\u0259l\u0259rini b\u00f6l\u00fc\u015f\u00fcbl\u0259r. Bildiribl\u0259r ki, d\u00fcnya \u015f\u00f6hr\u0259tli s\u0259n\u0259tkar Tahir Salahov realist r\u0259ssam kimi tan\u0131n\u0131r. Onun r\u0259ssaml\u0131qda s\u0259rt \u00fcslubu d\u00fcnyaya, h\u0259yata bax\u0131\u015f\u0131 v\u0259 f\u0259ls\u0259fi d\u00fc\u015f\u00fcnc\u0259l\u0259ri, r\u0259ngl\u0259rin \u0259n inc\u0259 \u00e7alarlar\u0131 il\u0259 \u00f6z ifad\u0259sini tap\u0131b. O, f\u0259ls\u0259fi d\u00fc\u015f\u00fcnc\u0259l\u0259rini f\u0131r\u00e7a il\u0259 \u00e7ox ayd\u0131n v\u0259 anla\u015f\u0131lan obrazl\u0131 \u015f\u0259kild\u0259 \u00e7atd\u0131ran q\u00fcdr\u0259tli s\u0259n\u0259tkard\u0131r.<\/p>\n<p>Kitab\u0131n m\u00fc\u0259llifi, musiqi\u015f\u00fcnas Raya Abbasova kitab\u0131n yaz\u0131lma prosesind\u0259n dan\u0131\u015f\u0131b: \u201cOnun haqq\u0131nda o q\u0259d\u0259r s\u00f6z dem\u0259k ist\u0259yir\u0259m ki, fikrimi ard\u0131c\u0131l qura bilmir\u0259m. Ancaq dem\u0259k ist\u0259dikl\u0259rimi kitabda oldu\u011fu kimi yazm\u0131\u015fam. \u00c7ox sevinir\u0259m ki, onun haqq\u0131nda yazma\u011f\u0131 m\u0259hz m\u0259n\u0259 tap\u015f\u0131r\u0131blar. Kitab uzun m\u00fcdd\u0259t\u0259 yaz\u0131ld\u0131. Yax\u015f\u0131 ki, bel\u0259 oldu. \u018fg\u0259r yubileyi \u00fc\u00e7\u00fcn yaz\u0131lsa idi sonradan ba\u015f ver\u0259n m\u00fch\u00fcm hadis\u0259l\u0259r kitaba daxil edilm\u0259zdi. Tahir Salahov haqq\u0131nda r\u0259ssam kimi dan\u0131\u015fmaq az olard\u0131, o h\u0259rt\u0259r\u0259fli bir insan idi. Tahir Salahov kiml\u0259rl\u0259 \u00fcnsiyy\u0259t qururdusa h\u0259min \u015f\u0259xsin yadda\u015f\u0131nda pozulmaz bir iz burax\u0131rd\u0131. Bu kitab Tahir Salahovu oldu\u011fu kimi \u0259ks etdirir, h\u0259m\u00e7inin r\u0259ssam\u0131n qaranl\u0131q m\u0259qamlar\u0131n\u0131 a\u00e7\u0131r. Tahir Salahovla etdiyim s\u00f6hb\u0259tl\u0259rin ax\u0131c\u0131 ke\u00e7diyi \u00fc\u00e7\u00fcn kitab \u201cDialoq\u201d adlan\u0131r\u201d.<\/p>\n","protected":false},"excerpt":{"rendered":"<p>Xalq r\u0259ssam\u0131na h\u0259sr edil\u0259n &#8220;Dialoq&#8221; kitab\u0131n\u0131n t\u0259qdimat\u0131 olub &#8220;\u0130NFONEWS&#8221; x\u0259br verir. Fevral\u0131n 8-d\u0259 Bak\u0131 Kitab M\u0259rk\u0259zind\u0259 Xalq r\u0259ssam\u0131 Tahir Salahovun h\u0259yat v\u0259 yarad\u0131c\u0131l\u0131\u011f\u0131na h\u0259sr edilmi\u015f \u201cDialoq\u201d kitab\u0131n\u0131n t\u0259qdimat\u0131 olub. Kitab\u0131n&hellip; <\/p>\n","protected":false},"author":14,"featured_media":16485,"comment_status":"open","ping_status":"open","sticky":false,"template":"","format":"standard","meta":{"_mi_skip_tracking":false,"_monsterinsights_sitenote_active":false,"_monsterinsights_sitenote_note":"","_monsterinsights_sitenote_category":0,"footnotes":""},"categories":[4,10,11],"tags":[5956,15,4519,3769],"aioseo_notices":[],"_links":{"self":[{"href":"https:\/\/infonews.az\/index.php?rest_route=\/wp\/v2\/posts\/16484"}],"collection":[{"href":"https:\/\/infonews.az\/index.php?rest_route=\/wp\/v2\/posts"}],"about":[{"href":"https:\/\/infonews.az\/index.php?rest_route=\/wp\/v2\/types\/post"}],"author":[{"embeddable":true,"href":"https:\/\/infonews.az\/index.php?rest_route=\/wp\/v2\/users\/14"}],"replies":[{"embeddable":true,"href":"https:\/\/infonews.az\/index.php?rest_route=%2Fwp%2Fv2%2Fcomments&post=16484"}],"version-history":[{"count":1,"href":"https:\/\/infonews.az\/index.php?rest_route=\/wp\/v2\/posts\/16484\/revisions"}],"predecessor-version":[{"id":16486,"href":"https:\/\/infonews.az\/index.php?rest_route=\/wp\/v2\/posts\/16484\/revisions\/16486"}],"wp:featuredmedia":[{"embeddable":true,"href":"https:\/\/infonews.az\/index.php?rest_route=\/wp\/v2\/media\/16485"}],"wp:attachment":[{"href":"https:\/\/infonews.az\/index.php?rest_route=%2Fwp%2Fv2%2Fmedia&parent=16484"}],"wp:term":[{"taxonomy":"category","embeddable":true,"href":"https:\/\/infonews.az\/index.php?rest_route=%2Fwp%2Fv2%2Fcategories&post=16484"},{"taxonomy":"post_tag","embeddable":true,"href":"https:\/\/infonews.az\/index.php?rest_route=%2Fwp%2Fv2%2Ftags&post=16484"}],"curies":[{"name":"wp","href":"https:\/\/api.w.org\/{rel}","templated":true}]}}