{"id":16530,"date":"2022-02-09T21:12:25","date_gmt":"2022-02-09T17:12:25","guid":{"rendered":"https:\/\/infonews.az\/?p=16530"},"modified":"2022-02-09T22:44:45","modified_gmt":"2022-02-09T18:44:45","slug":"media-haqqinda-qanunun-q%c9%99bul-edilm%c9%99si-z%c9%99rur%c9%99t%c9%99-cevrilmisdi-s%c9%99rh","status":"publish","type":"post","link":"https:\/\/infonews.az\/?p=16530","title":{"rendered":"\u201cMedia haqq\u0131nda\u201d qanunun q\u0259bul edilm\u0259si z\u0259rur\u0259t\u0259 \u00e7evrilmi\u015fdi &#8211; \u015e\u018fRH"},"content":{"rendered":"<p class=\"article-title\"><span style=\"color: #ffffff;\">\u201cMedia haqq\u0131nda\u201d qanunun q\u0259bul edilm\u0259si z\u0259rur\u0259t\u0259 \u00e7evrilmi\u015fdi &#8211; \u015e\u018fRH<\/span><\/p>\n<blockquote><p>1999-cu ild\u0259 q\u0259bul edil\u0259n \u201cK\u00fctl\u0259vi \u0130nformasiya Vasit\u0259l\u0259ri haqq\u0131nda\u201d qanuna sonradan \u00e7oxsayl\u0131 \u0259lav\u0259 v\u0259 d\u0259yi\u015fiklikl\u0259r edilm\u0259sin\u0259 baxmayaraq, s\u00f6z\u00fcged\u0259n h\u00fcquqi-normativ akt informasiya v\u0259 kommunikasiya sektorundak\u0131 m\u00fcasir \u00e7a\u011f\u0131r\u0131\u015flara, yeni d\u00f6vr\u00fcn media anlay\u0131\u015f\u0131na cavab vermirdi v\u0259 bu bax\u0131mdan da median\u0131 \u0259hat\u0259 ed\u0259 bil\u0259c\u0259k h\u00fcquqi t\u0259nziml\u0259m\u0259 mexanizml\u0259rinin yer ald\u0131\u011f\u0131 \u201cMedia haqq\u0131nda\u201d qanunun q\u0259bul edilm\u0259si z\u0259rur\u0259t\u0259 \u00e7evrilmi\u015fdi. Qanun layih\u0259si \u0259traf\u0131nda apar\u0131lan \u00e7oxsayl\u0131 m\u00fczakir\u0259l\u0259r d\u0259, m\u00fc\u0259yy\u0259n qeyri-obyektiv yana\u015fmalara, ilk bax\u0131\u015fda ziddiyy\u0259tli g\u00f6r\u00fcn\u0259n fikir ayr\u0131l\u0131qlar\u0131na baxmayaraq, \u0259slind\u0259, pe\u015f\u0259kar median\u0131n g\u00f6zl\u0259ntil\u0259rini n\u00fcmayi\u015f etdirirdi.<\/p><\/blockquote>\n<p>Bunu\u00a0Trend-\u0259 siyasi ekspert, \u0259m\u0259kdar jurnalist El\u00e7in Mirz\u0259b\u0259yli deyib.<\/p>\n<p>O hesab edir ki, art\u0131q d\u00f6vl\u0259t ba\u015f\u00e7\u0131s\u0131 t\u0259r\u0259find\u0259n t\u0259sdiq olunmu\u015f qanunda n\u0259z\u0259rd\u0259 tutulan h\u00fcquqi mexanizml\u0259r t\u0259tbiq olunduqca s\u0259n\u0259d\u0259 prosesi kompleks \u015f\u0259kild\u0259 g\u00f6r\u0259 bilm\u0259diyi \u00fc\u00e7\u00fcn spektik yana\u015fan h\u0259mkarlar\u0131m\u0131z\u0131n da g\u00f6zl\u0259ntil\u0259ri t\u0259min edil\u0259c\u0259k.<\/p>\n<p>E.Mirz\u0259b\u0259yli vur\u011fulay\u0131b ki, \u201cMedia haqq\u0131nda\u201d qanun, \u0259slind\u0259, media sektorunda h\u0259yata ke\u00e7iril\u0259n islahatlar\u0131n h\u00fcquqi konstruksiyas\u0131d\u0131r.<\/p>\n<p>\u201cBu konstruksiya olmadan islahatlar\u0131n b\u00fct\u00fcn komponentl\u0259rini h\u0259yata ke\u00e7irm\u0259k m\u00fcmk\u00fcn olmayacaqd\u0131. \u201cMedia haqq\u0131nda\u201d qanun m\u00f6c\u00fcz\u0259 yaratmayacaq, ill\u0259rd\u0259n b\u0259ri y\u0131\u011f\u0131l\u0131b qalm\u0131\u015f probleml\u0259ri bir g\u00f6z q\u0131rp\u0131m\u0131nda h\u0259ll etm\u0259y\u0259c\u0259k, amma h\u0259lli mexanizml\u0259rini ortaya qoyacaq ki, bu da prosesin i\u00e7\u0259risind\u0259 yer alan v\u0259 \u00f6lk\u0259 medias\u0131n\u0131 \u0259n az\u0131 \u00f6z \u00e7al\u0131\u015fd\u0131\u011f\u0131, r\u0259hb\u0259rlik etdiyi h\u00fcquqi subyekt \u00e7\u0259r\u00e7iv\u0259sind\u0259 inki\u015faf etdirm\u0259yi arzulayan \u015f\u0259xsl\u0259rin \u00f6z ideyalar\u0131n\u0131 ger\u00e7\u0259kl\u0259\u015fdirm\u0259l\u0259ri v\u0259 layiq olduqlar\u0131 yeri tutmalar\u0131 \u00fc\u00e7\u00fcn yet\u0259rlidir.<\/p>\n<p>\u201cMedia haqq\u0131nda\u201d qanun pe\u015f\u0259kar media il\u0259 \u201cmedia\u201d ad\u0131na iddia ed\u0259n, \u0259slind\u0259 is\u0259 s\u00f6z v\u0259 fikir azadl\u0131\u011f\u0131ndan, jurnalistikadan \u00f6z qeyri-qanuni \u0259m\u0259ll\u0259ri \u00fc\u00e7\u00fcn istifad\u0259 etm\u0259y\u0259 \u00e7al\u0131\u015fanlar aras\u0131ndak\u0131 \u201cq\u0131rm\u0131z\u0131 x\u0259tt\u201di m\u00fc\u0259yy\u0259nl\u0259\u015fdir\u0259c\u0259k v\u0259 sonuncular\u0131n qol-qanad a\u00e7malar\u0131 \u00fc\u00e7\u00fcn h\u00fcquqi m\u0259hdudiyy\u0259tl\u0259r yaradacaq, ger\u00e7\u0259k v\u0259 m\u0259suliyy\u0259tli s\u00f6z v\u0259 ifad\u0259 azadl\u0131\u011f\u0131n\u0131n ke\u015fiyind\u0259 dayanacaq\u201d, &#8211; dey\u0259 o bildirib.<\/p>\n<p>E.Mirz\u0259b\u0259yli \u0259lav\u0259 edib ki, \u0259slind\u0259, islahatlar yeni ba\u015flay\u0131r. Bu g\u00fcn\u0259 q\u0259d\u0259r g\u00f6r\u00fcl\u0259n i\u015fl\u0259r, h\u0259yata ke\u00e7iril\u0259n lahiy\u0259l\u0259r, sad\u0259c\u0259 median\u0131n yeni d\u00f6vr\u0259 &#8211; islahatlar\u0131n real m\u0259rh\u0259l\u0259sin\u0259 haz\u0131rlanmas\u0131na xidm\u0259t edirdi.<\/p>\n<p>\u015e\u00fcbh\u0259siz ki, sad\u0259c\u0259 \u201cMedia haqq\u0131nda\u201d qanunu, yaxud s\u00f6z\u00fcged\u0259n s\u0259n\u0259din ayr\u0131-ayr\u0131 m\u00fcdd\u0259alar\u0131n\u0131 oxumaqla, subyektiv t\u0259hlil s\u00fczg\u0259cind\u0259n ke\u00e7irm\u0259kl\u0259, h\u0259yata ke\u00e7irilm\u0259si n\u0259z\u0259rd\u0259 tutulan islahatlar\u0131n tam m\u0259nz\u0259r\u0259sini g\u00f6rm\u0259k m\u00fcmk\u00fcn deyil. Amma tamamil\u0259 \u0259min\u0259m ki, h\u0259yata ke\u00e7irilm\u0259si n\u0259z\u0259rd\u0259 tutulan islahatlar\u0131n h\u0259r add\u0131m\u0131nda, qanunun bu v\u0259 ya dig\u0259r madd\u0259sinin, h\u0259tta ayr\u0131-ayr\u0131 ifad\u0259 v\u0259 m\u00fcdd\u0259alar\u0131n\u0131n hans\u0131 m\u0259qs\u0259d\u0259 xidm\u0259t etdiyini g\u00f6rm\u0259k v\u0259 islahatlar\u0131n effektivliyin\u0259 inanmaq, prosesin i\u00e7\u0259risind\u0259 f\u0259al \u015f\u0259kild\u0259 yer almaq m\u00fcmk\u00fcn olacaq.<\/p>\n<p>O vur\u011fulay\u0131b ki, qanun pe\u015f\u0259kar median\u0131n v\u0259 bu sah\u0259y\u0259 pe\u015f\u0259kar jurnalsitika il\u0259 m\u0259\u015f\u011ful olmaq m\u0259qs\u0259dil\u0259 g\u0259l\u0259n f\u0259rdl\u0259rin, b\u00fct\u00f6vl\u00fckd\u0259 is\u0259 c\u0259miyy\u0259tin maraqlar\u0131n\u0131n qorunmas\u0131na, media subyektl\u0259rinin yarad\u0131c\u0131l\u0131q v\u0259 redaksiya m\u00fcst\u0259qilliyinin \u0259n etibarl\u0131 \u015f\u0259kild\u0259 m\u00fcdafi\u0259 edilm\u0259sin\u0259, ifad\u0259 azadl\u0131\u011f\u0131n\u0131n m\u00f6hk\u0259ml\u0259ndirilm\u0259sin\u0259 y\u00f6n\u0259lmi\u015f t\u0259minat mexanizml\u0259rinin daha da g\u00fccl\u0259ndirilm\u0259sin\u0259 xidm\u0259t edir v\u0259 b\u00fct\u00fcn bu m\u0259qs\u0259dl\u0259rin yerin\u0259 yetirlim\u0259si \u00fc\u00e7\u00fcn d\u0259qiq, manipulyasiyalara yol a\u00e7mayacaq h\u00fcquqi mexanizml\u0259r formala\u015fd\u0131r\u0131r.<\/p>\n<p>\u201cQanun, eyni zamanda, t\u0259nziml\u0259n\u0259n v\u0259 t\u0259nziml\u0259nm\u0259y\u0259n media n\u00f6vl\u0259ri aras\u0131ndak\u0131 s\u0259rh\u0259dl\u0259ri d\u0259qiq \u015f\u0259kild\u0259 m\u00fc\u0259yy\u0259nl\u0259\u015fdirir, jurnalist anlay\u0131\u015f\u0131na daha d\u0259rin v\u0259 fundamental m\u0259na verir, pe\u015f\u0259kar jurnalistikan\u0131n n\u00fcfuzunun v\u0259 ictimai \u00e7\u0259kisinin artmas\u0131na z\u0259min yarad\u0131r. Bununla yana\u015f\u0131, haz\u0131rda informasiya v\u0259 kommunikasiya sah\u0259sind\u0259 m\u00f6vcud olan, lakin pe\u015f\u0259kar media anlay\u0131\u015f\u0131na uy\u011fun g\u0259lm\u0259y\u0259n dig\u0259r f\u0259aliyy\u0259t n\u00f6vl\u0259rinin f\u0259aliyy\u0259tini m\u0259hdudla\u015fd\u0131rm\u0131r, \u0259ksin\u0259, bu sah\u0259d\u0259 pe\u015f\u0259karl\u0131q n\u00fcmayi\u015f etdir\u0259n \u015f\u0259xsl\u0259rin d\u0259 he\u00e7 bir m\u0259hdudiyy\u0259t t\u0259tbiq edilm\u0259d\u0259n \u201cjurnalist\u201d anlay\u0131\u015f\u0131n\u0131n s\u0259rh\u0259dl\u0259ri \u00e7\u0259r\u00e7iv\u0259sind\u0259 yer almas\u0131na imkan yarad\u0131r. Y\u0259ni qanun s\u0259rh\u0259d \u00e7\u0259kmir, amma imkan yarad\u0131r ki, pe\u015f\u0259kar media il\u0259 m\u0259\u015f\u011ful olan \u015f\u0259xsl\u0259r v\u0259 subyektl\u0259r \u00f6z s\u0259rh\u0259dl\u0259rini m\u00fc\u0259yy\u0259nl\u0259\u015fdirsinl\u0259r.<\/p>\n<p>Qanunda beyn\u0259lxalq t\u0259cr\u00fcb\u0259d\u0259 yer alan bir \u00e7ox komponentl\u0259rl\u0259 yana\u015f\u0131, jurnalistl\u0259r\u0259 k\u00f6n\u00fcll\u00fcl\u00fck \u0259sas\u0131nda v\u0259siq\u0259l\u0259rin verilm\u0259sinin d\u0259 n\u0259z\u0259rd\u0259 tutulmas\u0131, \u0259slind\u0259, jurnalistl\u0259rin s\u00f6z v\u0259 ifad\u0259 azadl\u0131\u011f\u0131na t\u0259minat ver\u0259n beyn\u0259lxalq s\u0259n\u0259dl\u0259rin v\u0259 yerli qanunvericiliyin t\u0259l\u0259bl\u0259rin\u0259 uy\u011fun olaraq, h\u00fcquqlar\u0131n\u0131n h\u0259rt\u0259r\u0259fli m\u00fcdafi\u0259sinin t\u0259\u015fkil edilm\u0259sin\u0259 imkan yarad\u0131r, jurnalistl\u0259rin f\u0259rdi s\u00f6z, ifad\u0259 v\u0259 yarad\u0131c\u0131l\u0131q azadl\u0131qlar\u0131n\u0131n ke\u015fiyind\u0259 dayan\u0131r\u201d, &#8211; dey\u0259 o bildirib.<\/p>\n<p><a href=\"https:\/\/infonews.az\/\"><span style=\"color: #ff0000;\"><strong>&#8220;\u0130NFONEWS&#8221;<\/strong><\/span><\/a><\/p>\n","protected":false},"excerpt":{"rendered":"<p>\u201cMedia haqq\u0131nda\u201d qanunun q\u0259bul edilm\u0259si z\u0259rur\u0259t\u0259 \u00e7evrilmi\u015fdi &#8211; \u015e\u018fRH 1999-cu ild\u0259 q\u0259bul edil\u0259n \u201cK\u00fctl\u0259vi \u0130nformasiya Vasit\u0259l\u0259ri haqq\u0131nda\u201d qanuna sonradan \u00e7oxsayl\u0131 \u0259lav\u0259 v\u0259 d\u0259yi\u015fiklikl\u0259r edilm\u0259sin\u0259 baxmayaraq, s\u00f6z\u00fcged\u0259n h\u00fcquqi-normativ akt informasiya v\u0259&hellip; <\/p>\n","protected":false},"author":3,"featured_media":15134,"comment_status":"open","ping_status":"open","sticky":false,"template":"","format":"standard","meta":{"_mi_skip_tracking":false,"_monsterinsights_sitenote_active":false,"_monsterinsights_sitenote_note":"","_monsterinsights_sitenote_category":0,"footnotes":""},"categories":[4,11],"tags":[5608,5913],"aioseo_notices":[],"_links":{"self":[{"href":"https:\/\/infonews.az\/index.php?rest_route=\/wp\/v2\/posts\/16530"}],"collection":[{"href":"https:\/\/infonews.az\/index.php?rest_route=\/wp\/v2\/posts"}],"about":[{"href":"https:\/\/infonews.az\/index.php?rest_route=\/wp\/v2\/types\/post"}],"author":[{"embeddable":true,"href":"https:\/\/infonews.az\/index.php?rest_route=\/wp\/v2\/users\/3"}],"replies":[{"embeddable":true,"href":"https:\/\/infonews.az\/index.php?rest_route=%2Fwp%2Fv2%2Fcomments&post=16530"}],"version-history":[{"count":1,"href":"https:\/\/infonews.az\/index.php?rest_route=\/wp\/v2\/posts\/16530\/revisions"}],"predecessor-version":[{"id":16531,"href":"https:\/\/infonews.az\/index.php?rest_route=\/wp\/v2\/posts\/16530\/revisions\/16531"}],"wp:featuredmedia":[{"embeddable":true,"href":"https:\/\/infonews.az\/index.php?rest_route=\/wp\/v2\/media\/15134"}],"wp:attachment":[{"href":"https:\/\/infonews.az\/index.php?rest_route=%2Fwp%2Fv2%2Fmedia&parent=16530"}],"wp:term":[{"taxonomy":"category","embeddable":true,"href":"https:\/\/infonews.az\/index.php?rest_route=%2Fwp%2Fv2%2Fcategories&post=16530"},{"taxonomy":"post_tag","embeddable":true,"href":"https:\/\/infonews.az\/index.php?rest_route=%2Fwp%2Fv2%2Ftags&post=16530"}],"curies":[{"name":"wp","href":"https:\/\/api.w.org\/{rel}","templated":true}]}}