{"id":1655,"date":"2021-01-04T10:53:00","date_gmt":"2021-01-04T06:53:00","guid":{"rendered":"http:\/\/infonews.az\/?p=1655"},"modified":"2021-01-04T11:07:59","modified_gmt":"2021-01-04T07:07:59","slug":"baydenin-inauqurasiya-m%c9%99rasimind%c9%99-yenilik","status":"publish","type":"post","link":"https:\/\/infonews.az\/?p=1655","title":{"rendered":"Baydenin inauqurasiya m\u0259rasimind\u0259 yenilik"},"content":{"rendered":"<p><strong>AB\u015e-\u0131n yeni se\u00e7ilmi\u015f\u00a0<\/strong><strong>P<\/strong><strong>rezidenti\u00a0<\/strong><strong>&#8211;\u00a0<\/strong><strong>demokrat Cozef Baydenin andi\u00e7m\u0259 m\u0259rasimi\u00a0<\/strong><strong>yanvar\u0131n 20-d\u0259<\/strong><strong>\u00a0q\u0131sald\u0131lm\u0131\u015f formatda v\u0259 sosial m\u0259saf\u0259 qaydalar\u0131na uy\u011fun olaraq ke\u00e7iril\u0259c\u0259k.<\/strong><\/p>\n<p><strong>\u0130NFONEWS<\/strong> \u201cTASS\u201da istinad\u0259n x\u0259b\u0259r verir ki, bu bar\u0259d\u0259 Senat v\u0259 AB\u015e Konqresinin N\u00fcmay\u0259nd\u0259l\u0259r Palatas\u0131n\u0131n andi\u00e7m\u0259 m\u0259rasiml\u0259ri \u00fczr\u0259 birg\u0259 komit\u0259sinin yay\u0131mlanan b\u0259yanat\u0131nda bildirilib.<\/p>\n<p>Qeyd olunub ki, koronavirus pandemiyas\u0131 s\u0259b\u0259bind\u0259n t\u0259\u015fkilat\u00e7\u0131lar yeni Prezidentin andi\u00e7m\u0259 m\u0259rasimi m\u00fcnasib\u0259til\u0259 parad\u0131n ke\u00e7irilm\u0259m\u0259si q\u0259rar\u0131na g\u0259libl\u0259r. Bunun \u0259v\u0259zind\u0259 televiziya \u015firk\u0259tl\u0259ri musiqi\u00e7il\u0259r, r\u0259qqas\u0259l\u0259r v\u0259 dig\u0259r s\u0259n\u0259t\u00e7il\u0259rin yer alaca\u011f\u0131 parad\u0131\u00a0videoformatda\u00a0yay\u0131mlayacaqlar.<\/p>\n<p>\u0130nauqurasiya m\u0259rasimind\u0259n sonra Bayden v\u0259 AB\u015e-\u0131n vitse-prezidenti se\u00e7il\u0259n Kamala Harris \u201cCapitol\u201d t\u0259p\u0259sind\u0259 qo\u015funlar\u0131n y\u00fcr\u00fc\u015f\u00fcn\u00fc izl\u0259y\u0259c\u0259kl\u0259r. AB\u015e Silahl\u0131 Q\u00fcvv\u0259l\u0259rinin b\u00fct\u00fcn n\u00f6vl\u0259rinin n\u00fcmay\u0259nd\u0259l\u0259rinin sosial m\u0259saf\u0259 normalar\u0131na uy\u011fun olaraq onlar\u0131n qar\u015f\u0131s\u0131ndan ke\u00e7\u0259c\u0259k. Bundan sonra h\u0259rb\u00e7il\u0259r Baydeni A\u011f Ev\u0259d\u0259k m\u00fc\u015fayi\u0259t ed\u0259c\u0259kl\u0259r.<\/p>\n","protected":false},"excerpt":{"rendered":"<p>AB\u015e-\u0131n yeni se\u00e7ilmi\u015f\u00a0Prezidenti\u00a0&#8211;\u00a0demokrat Cozef Baydenin andi\u00e7m\u0259 m\u0259rasimi\u00a0yanvar\u0131n 20-d\u0259\u00a0q\u0131sald\u0131lm\u0131\u015f formatda v\u0259 sosial m\u0259saf\u0259 qaydalar\u0131na uy\u011fun olaraq ke\u00e7iril\u0259c\u0259k. \u0130NFONEWS \u201cTASS\u201da istinad\u0259n x\u0259b\u0259r verir ki, bu bar\u0259d\u0259 Senat v\u0259 AB\u015e Konqresinin N\u00fcmay\u0259nd\u0259l\u0259r Palatas\u0131n\u0131n&hellip; <\/p>\n","protected":false},"author":3,"featured_media":1656,"comment_status":"open","ping_status":"open","sticky":false,"template":"","format":"standard","meta":{"_mi_skip_tracking":false,"_monsterinsights_sitenote_active":false,"_monsterinsights_sitenote_note":"","_monsterinsights_sitenote_category":0,"footnotes":""},"categories":[9,11],"tags":[153,15],"aioseo_notices":[],"_links":{"self":[{"href":"https:\/\/infonews.az\/index.php?rest_route=\/wp\/v2\/posts\/1655"}],"collection":[{"href":"https:\/\/infonews.az\/index.php?rest_route=\/wp\/v2\/posts"}],"about":[{"href":"https:\/\/infonews.az\/index.php?rest_route=\/wp\/v2\/types\/post"}],"author":[{"embeddable":true,"href":"https:\/\/infonews.az\/index.php?rest_route=\/wp\/v2\/users\/3"}],"replies":[{"embeddable":true,"href":"https:\/\/infonews.az\/index.php?rest_route=%2Fwp%2Fv2%2Fcomments&post=1655"}],"version-history":[{"count":1,"href":"https:\/\/infonews.az\/index.php?rest_route=\/wp\/v2\/posts\/1655\/revisions"}],"predecessor-version":[{"id":1657,"href":"https:\/\/infonews.az\/index.php?rest_route=\/wp\/v2\/posts\/1655\/revisions\/1657"}],"wp:featuredmedia":[{"embeddable":true,"href":"https:\/\/infonews.az\/index.php?rest_route=\/wp\/v2\/media\/1656"}],"wp:attachment":[{"href":"https:\/\/infonews.az\/index.php?rest_route=%2Fwp%2Fv2%2Fmedia&parent=1655"}],"wp:term":[{"taxonomy":"category","embeddable":true,"href":"https:\/\/infonews.az\/index.php?rest_route=%2Fwp%2Fv2%2Fcategories&post=1655"},{"taxonomy":"post_tag","embeddable":true,"href":"https:\/\/infonews.az\/index.php?rest_route=%2Fwp%2Fv2%2Ftags&post=1655"}],"curies":[{"name":"wp","href":"https:\/\/api.w.org\/{rel}","templated":true}]}}