{"id":16551,"date":"2022-02-10T15:32:37","date_gmt":"2022-02-10T11:32:37","guid":{"rendered":"https:\/\/infonews.az\/?p=16551"},"modified":"2022-02-10T16:17:38","modified_gmt":"2022-02-10T12:17:38","slug":"elnur-%c9%99liyev-iqtisadiyyat-nazirinin-birinci-muavini-v%c9%99zif%c9%99sin%c9%99-t%c9%99yin-edilib","status":"publish","type":"post","link":"https:\/\/infonews.az\/?p=16551","title":{"rendered":"Elnur \u018fliyev \u0130qtisadiyyat nazirinin birinci m\u00fcavini v\u0259zif\u0259sin\u0259 t\u0259yin edilib"},"content":{"rendered":"<p><span style=\"color: #ffffff;\">Elnur \u018fliyev \u0130qtisadiyyat nazirinin birinci m\u00fcavini v\u0259zif\u0259sin\u0259 t\u0259yin edilib<\/span><\/p>\n<p>Elnur Ayd\u0131n o\u011flu \u018fliyev Az\u0259rbaycan Respublikas\u0131 iqtisadiyyat nazirinin birinci m\u00fcavini t\u0259yin edilib.<\/p>\n<p>Prezident \u0130lham \u018fliyev bu bar\u0259d\u0259 S\u0259r\u0259ncam imzalay\u0131b. S\u0259r\u0259ncamda deyilir:<\/p>\n<p>Az\u0259rbaycan Respublikas\u0131 Konstitusiyas\u0131n\u0131n 109-cu madd\u0259sinin 32-ci b\u0259ndini r\u0259hb\u0259r tutaraq q\u0259rara al\u0131ram:<\/p>\n<p>1. Elnur Ayd\u0131n o\u011flu \u018fliyev Az\u0259rbaycan Respublikas\u0131 iqtisadiyyat nazirinin birinci m\u00fcavini t\u0259yin edilsin.<\/p>\n<p>2. Bu S\u0259r\u0259ncam imzaland\u0131\u011f\u0131 g\u00fcnd\u0259n q\u00fcvv\u0259y\u0259 minir.<\/p>\n<p>\u0130lham \u018fliyev<\/p>\n<p>Az\u0259rbaycan Respublikas\u0131n\u0131n Prezidenti<\/p>\n<p>Bak\u0131 \u015f\u0259h\u0259ri, 10 fevral 2022-ci il<\/p>\n<p><span style=\"color: #ff0000;\"><a style=\"color: #ff0000;\" href=\"https:\/\/infonews.az\/\"><strong>\u201c\u0130NFONEWS\u201d<\/strong><\/a><\/span><\/p>\n","protected":false},"excerpt":{"rendered":"<p>Elnur \u018fliyev \u0130qtisadiyyat nazirinin birinci m\u00fcavini v\u0259zif\u0259sin\u0259 t\u0259yin edilib Elnur Ayd\u0131n o\u011flu \u018fliyev Az\u0259rbaycan Respublikas\u0131 iqtisadiyyat nazirinin birinci m\u00fcavini t\u0259yin edilib. Prezident \u0130lham \u018fliyev bu bar\u0259d\u0259 S\u0259r\u0259ncam imzalay\u0131b. S\u0259r\u0259ncamda deyilir:&hellip; <\/p>\n","protected":false},"author":3,"featured_media":16549,"comment_status":"open","ping_status":"open","sticky":false,"template":"","format":"standard","meta":{"_mi_skip_tracking":false,"_monsterinsights_sitenote_active":false,"_monsterinsights_sitenote_note":"","_monsterinsights_sitenote_category":0,"footnotes":""},"categories":[6,11],"tags":[5638,560,34],"aioseo_notices":[],"_links":{"self":[{"href":"https:\/\/infonews.az\/index.php?rest_route=\/wp\/v2\/posts\/16551"}],"collection":[{"href":"https:\/\/infonews.az\/index.php?rest_route=\/wp\/v2\/posts"}],"about":[{"href":"https:\/\/infonews.az\/index.php?rest_route=\/wp\/v2\/types\/post"}],"author":[{"embeddable":true,"href":"https:\/\/infonews.az\/index.php?rest_route=\/wp\/v2\/users\/3"}],"replies":[{"embeddable":true,"href":"https:\/\/infonews.az\/index.php?rest_route=%2Fwp%2Fv2%2Fcomments&post=16551"}],"version-history":[{"count":1,"href":"https:\/\/infonews.az\/index.php?rest_route=\/wp\/v2\/posts\/16551\/revisions"}],"predecessor-version":[{"id":16552,"href":"https:\/\/infonews.az\/index.php?rest_route=\/wp\/v2\/posts\/16551\/revisions\/16552"}],"wp:featuredmedia":[{"embeddable":true,"href":"https:\/\/infonews.az\/index.php?rest_route=\/wp\/v2\/media\/16549"}],"wp:attachment":[{"href":"https:\/\/infonews.az\/index.php?rest_route=%2Fwp%2Fv2%2Fmedia&parent=16551"}],"wp:term":[{"taxonomy":"category","embeddable":true,"href":"https:\/\/infonews.az\/index.php?rest_route=%2Fwp%2Fv2%2Fcategories&post=16551"},{"taxonomy":"post_tag","embeddable":true,"href":"https:\/\/infonews.az\/index.php?rest_route=%2Fwp%2Fv2%2Ftags&post=16551"}],"curies":[{"name":"wp","href":"https:\/\/api.w.org\/{rel}","templated":true}]}}