{"id":16635,"date":"2022-02-12T09:59:51","date_gmt":"2022-02-12T05:59:51","guid":{"rendered":"https:\/\/infonews.az\/?p=16635"},"modified":"2022-02-12T18:04:49","modified_gmt":"2022-02-12T14:04:49","slug":"formula-1-az%c9%99rbaycan-qran-prisinin-baslama-saati-aciqlanib","status":"publish","type":"post","link":"https:\/\/infonews.az\/?p=16635","title":{"rendered":"Formula 1 Az\u0259rbaycan Qran-prisinin ba\u015flama saat\u0131 a\u00e7\u0131qlan\u0131b"},"content":{"rendered":"<p><span style=\"color: #ffffff;\">Formula 1 Az\u0259rbaycan Qran-prisinin ba\u015flama saat\u0131 a\u00e7\u0131qlan\u0131b<\/span><\/p>\n<blockquote><p>2022-ci il Formula 1 \u00fczr\u0259 Az\u0259rbaycan Qran-prisi iyunun 12-d\u0259 saat 15:00-da ba\u015flayacaq.<\/p><\/blockquote>\n<p>M\u0259lumata g\u00f6r\u0259, bu bar\u0259d\u0259 Beyn\u0259lxalq Avtomobil Federasiyas\u0131n\u0131n (FIA) yay\u0131mlad\u0131\u011f\u0131 yar\u0131\u015f proqram\u0131nda bildirilir.<\/p>\n<p>Qeyd ed\u0259k ki, Az\u0259rbaycan Qran-prisi bu il iyunun 10-12-d\u0259 ke\u00e7iril\u0259c\u0259k.<\/p>\n<p>\u0130yunun 10-da saat 15:00 v\u0259 18:00-da iki s\u0259rb\u0259st y\u00fcr\u00fc\u015f m\u0259rh\u0259l\u0259si ba\u015f tutacaq.<\/p>\n<p>N\u00f6vb\u0259ti g\u00fcn, iyunun 11-d\u0259 saat 15:00-da \u00fc\u00e7\u00fcnc\u00fc s\u0259rb\u0259st y\u00fcr\u00fc\u015f, 18:00-da t\u0259snifat m\u0259rh\u0259l\u0259si olacaq.<\/p>\n<p>Xat\u0131rladaq ki, Formula 1-in builki m\u00f6vs\u00fcm\u00fc rekorda sayda, 23 m\u0259rh\u0259l\u0259d\u0259n ibar\u0259t olacaq. M\u00f6vs\u00fcm mart\u0131n 20-d\u0259 B\u0259hreynd\u0259 ba\u015flayacaq, noyabr\u0131n 20-d\u0259 \u018fbu-Dabi Qran-prisi il\u0259 ba\u015fa \u00e7atacaq.<\/p>\n<p><a href=\"https:\/\/infonews.az\/\"><span style=\"color: #ff0000;\"><strong>&#8220;\u0130NFONEWS&#8221;<\/strong><\/span><\/a><\/p>\n","protected":false},"excerpt":{"rendered":"<p>Formula 1 Az\u0259rbaycan Qran-prisinin ba\u015flama saat\u0131 a\u00e7\u0131qlan\u0131b 2022-ci il Formula 1 \u00fczr\u0259 Az\u0259rbaycan Qran-prisi iyunun 12-d\u0259 saat 15:00-da ba\u015flayacaq. M\u0259lumata g\u00f6r\u0259, bu bar\u0259d\u0259 Beyn\u0259lxalq Avtomobil Federasiyas\u0131n\u0131n (FIA) yay\u0131mlad\u0131\u011f\u0131 yar\u0131\u015f proqram\u0131nda&hellip; <\/p>\n","protected":false},"author":3,"featured_media":9391,"comment_status":"open","ping_status":"open","sticky":false,"template":"","format":"standard","meta":{"_mi_skip_tracking":false,"_monsterinsights_sitenote_active":false,"_monsterinsights_sitenote_note":"","_monsterinsights_sitenote_category":0,"footnotes":""},"categories":[58,11],"tags":[1135],"aioseo_notices":[],"_links":{"self":[{"href":"https:\/\/infonews.az\/index.php?rest_route=\/wp\/v2\/posts\/16635"}],"collection":[{"href":"https:\/\/infonews.az\/index.php?rest_route=\/wp\/v2\/posts"}],"about":[{"href":"https:\/\/infonews.az\/index.php?rest_route=\/wp\/v2\/types\/post"}],"author":[{"embeddable":true,"href":"https:\/\/infonews.az\/index.php?rest_route=\/wp\/v2\/users\/3"}],"replies":[{"embeddable":true,"href":"https:\/\/infonews.az\/index.php?rest_route=%2Fwp%2Fv2%2Fcomments&post=16635"}],"version-history":[{"count":1,"href":"https:\/\/infonews.az\/index.php?rest_route=\/wp\/v2\/posts\/16635\/revisions"}],"predecessor-version":[{"id":16636,"href":"https:\/\/infonews.az\/index.php?rest_route=\/wp\/v2\/posts\/16635\/revisions\/16636"}],"wp:featuredmedia":[{"embeddable":true,"href":"https:\/\/infonews.az\/index.php?rest_route=\/wp\/v2\/media\/9391"}],"wp:attachment":[{"href":"https:\/\/infonews.az\/index.php?rest_route=%2Fwp%2Fv2%2Fmedia&parent=16635"}],"wp:term":[{"taxonomy":"category","embeddable":true,"href":"https:\/\/infonews.az\/index.php?rest_route=%2Fwp%2Fv2%2Fcategories&post=16635"},{"taxonomy":"post_tag","embeddable":true,"href":"https:\/\/infonews.az\/index.php?rest_route=%2Fwp%2Fv2%2Ftags&post=16635"}],"curies":[{"name":"wp","href":"https:\/\/api.w.org\/{rel}","templated":true}]}}