{"id":16640,"date":"2022-02-12T10:19:32","date_gmt":"2022-02-12T06:19:32","guid":{"rendered":"https:\/\/infonews.az\/?p=16640"},"modified":"2022-02-12T18:22:24","modified_gmt":"2022-02-12T14:22:24","slug":"sabah-abituriyentl%c9%99r-ucun-sinaq-imtahani-keciril%c9%99c%c9%99k","status":"publish","type":"post","link":"https:\/\/infonews.az\/?p=16640","title":{"rendered":"Sabah abituriyentl\u0259r \u00fc\u00e7\u00fcn s\u0131naq imtahan\u0131 ke\u00e7iril\u0259c\u0259k"},"content":{"rendered":"<p><span style=\"color: #ffffff;\">Sabah abituriyentl\u0259r \u00fc\u00e7\u00fcn s\u0131naq imtahan\u0131 ke\u00e7iril\u0259c\u0259k<\/span><\/p>\n<blockquote><p>D\u00f6vl\u0259t \u0130mtahan M\u0259rk\u0259zi (D\u0130M) fevral\u0131n 13-d\u0259 ali t\u0259hsil m\u00fc\u0259ssis\u0259l\u0259rin\u0259 q\u0259bul imtahan\u0131n\u0131n ikinci m\u0259rh\u0259l\u0259si \u00fczr\u0259 s\u0131naq imtahan\u0131 ke\u00e7ir\u0259c\u0259k.<\/p><\/blockquote>\n<p>D\u0130M-d\u0259n veril\u0259n m\u0259lumata g\u00f6r\u0259, s\u0131naq imtahan\u0131nda i\u015ftirak\u00e7\u0131lara 2022-ci ild\u0259 ali m\u0259kt\u0259bl\u0259rin bakalavriat s\u0259viyy\u0259sin\u0259 q\u0259bul imtahan\u0131n\u0131n II m\u0259rh\u0259l\u0259sinin modelin\u0259 uy\u011fun olaraq test tap\u015f\u0131r\u0131qlar\u0131 h\u0259r qrupda 3 imtahan f\u0259nni \u00fczr\u0259 a\u015fa\u011f\u0131dak\u0131 kimi t\u0259qdim olunacaq:<\/p>\n<figure style=\"width: 990px\" class=\"wp-caption aligncenter\"><img loading=\"lazy\" decoding=\"async\" src=\"https:\/\/azertag.az\/store\/files\/2022\/FEVRAL\/qqqqqq.jpg\" alt=\"Sabah abituriyentl\u0259r \u00fc\u00e7\u00fcn s\u0131naq imtahan\u0131 ke\u00e7iril\u0259c\u0259k\" width=\"990\" height=\"306\" \/><figcaption class=\"wp-caption-text\"><span style=\"color: #ffffff;\">Sabah abituriyentl\u0259r \u00fc\u00e7\u00fcn s\u0131naq imtahan\u0131 ke\u00e7iril\u0259c\u0259k<\/span><\/figcaption><\/figure>\n<p>\u0130mtahan \u00fc\u00e7\u00fcn yaz\u0131l\u0131\u015f internet vasit\u0259sil\u0259 apar\u0131l\u0131b v\u0259 3212 abituriyent qeydiyyatdan ke\u00e7ib. \u0130mtahanlar Bak\u0131, Sumqay\u0131t, Nax\u00e7\u0131van, G\u0259nc\u0259, \u015e\u0259mkir, \u015e\u0259ki, B\u0259rd\u0259, G\u00f6y\u00e7ay, \u015eirvan, Xa\u00e7maz v\u0259 L\u0259nk\u0259ran \u015f\u0259h\u0259rl\u0259rind\u0259 \u00fcmumilikd\u0259 18 binada t\u0259\u015fkil olunacaq.<\/p>\n<p>COVID-19 infeksiyas\u0131 il\u0259 \u0259laq\u0259dar ehtiyat t\u0259dbirl\u0259ri \u00e7\u0259r\u00e7iv\u0259sind\u0259 g\u00f6r\u00fcl\u0259n i\u015fl\u0259r\u0259 uy\u011fun olaraq imtahan binalar\u0131na yaln\u0131z tibbi maska il\u0259 daxil olma\u011fa icaz\u0259 veril\u0259c\u0259k v\u0259 namiz\u0259dl\u0259rin m\u0259saf\u0259d\u0259n \u00f6l\u00e7\u0259 bil\u0259n elektron termometrl\u0259 b\u0259d\u0259n h\u0259rar\u0259tl\u0259ri yoxlan\u0131lacaq, z\u0259ruri dezinfeksiyaedici vasit\u0259l\u0259rd\u0259n istifad\u0259 olunacaq. \u0130mtahan zallar\u0131nda namiz\u0259dl\u0259rin bir-birind\u0259n laz\u0131mi m\u0259saf\u0259d\u0259 \u0259yl\u0259\u015fdirilm\u0259si t\u0259min olunacaq. Bundan \u0259lav\u0259, imtahan\u0131n idar\u0259 olunmas\u0131 prosesin\u0259 \u00fcmumi imtahan r\u0259hb\u0259ri, imtahan r\u0259hb\u0259ri, n\u0259zar\u0259t\u00e7i-m\u00fc\u0259llim, m\u00fchafiz\u0259 \u0259m\u0259kda\u015f\u0131 v\u0259 s. qismind\u0259 yaln\u0131z COVID-19 peyv\u0259nd sertifikat\u0131 (v\u0259 ya immunitet sertifikat\u0131) olan \u015f\u0259xsl\u0259r c\u0259lb edil\u0259c\u0259k.<\/p>\n<p>S\u0131naq imtahan\u0131 b\u00fct\u00fcn binalarda saat 11:00-da ba\u015flanacaq. D\u0130M imtahanda i\u015ftirak ed\u0259c\u0259k abituriyentl\u0259rin n\u0259z\u0259rin\u0259 \u00e7atd\u0131r\u0131r ki, imtahan binas\u0131na burax\u0131l\u0131\u015f saat 10:45 d\u0259 ba\u015fa \u00e7atacaq. Bundan sonra g\u0259l\u0259n i\u015ftirak\u00e7\u0131lar imtahan binas\u0131na burax\u0131lm\u0131r. \u0130mtahan i\u015ftirak\u00e7\u0131lar\u0131 qeyd olunanlar\u0131 n\u0259z\u0259r\u0259 almal\u0131 v\u0259 burax\u0131l\u0131\u015f v\u0259r\u0259q\u0259sind\u0259 g\u00f6st\u0259ril\u0259n vaxtdan gec olmayaraq imtahan binas\u0131nda olmal\u0131d\u0131rlar.<\/p>\n<p>\u0130mtahan\u0131n m\u00fcdd\u0259ti 3 saatd\u0131r. Yaz\u0131l\u0131 cavab verm\u0259k t\u0259l\u0259b olunan a\u00e7\u0131q tipli tap\u015f\u0131r\u0131qlar\u0131n cavablar\u0131 \u201ccavab v\u0259r\u0259qi\u201dnd\u0259 n\u0259z\u0259rd\u0259 tutulan m\u00fcvafiq yerl\u0259rd\u0259, dig\u0259r tap\u015f\u0131r\u0131qlar\u0131n cavablar\u0131 is\u0259 \u201ccavab kart\u0131\u201dnda qeyd olunur. \u0130mtahan\u0131n sonunda \u201ccavab v\u0259r\u0259ql\u0259ri\u201d v\u0259 \u201ccavab kartlar\u0131\u201d abituriyentl\u0259rd\u0259n t\u0259hvil al\u0131n\u0131r, sual kitab\u00e7alar\u0131n\u0131 is\u0259 aparma\u011fa icaz\u0259 verilir.<\/p>\n<p>\u0130mtahanlar\u0131n idar\u0259 edilm\u0259si \u00fc\u00e7\u00fcn 39 imtahan r\u0259hb\u0259ri, 312 n\u0259zar\u0259t\u00e7i-m\u00fc\u0259llim, 18 \u00fcmumi imtahan r\u0259hb\u0259ri ayr\u0131l\u0131b.<\/p>\n<p>Abituriyentl\u0259rin n\u0259z\u0259rin\u0259 \u00e7atd\u0131r\u0131l\u0131r ki, imtahan binalar\u0131na burax\u0131l\u0131\u015f yaln\u0131z abituriyentl\u0259rin \u015f\u0259xsiyy\u0259t v\u0259siq\u0259sinin \u0259sli, \u201c\u0130mtahana burax\u0131l\u0131\u015f v\u0259r\u0259q\u0259si\u201d v\u0259 \u201c\u0130mtahan i\u015ftirak\u00e7\u0131s\u0131n\u0131n sa\u011flaml\u0131\u011f\u0131 haqq\u0131nda\u201d b\u0259yannam\u0259 \u0259sas\u0131nda h\u0259yata ke\u00e7irilir.<\/p>\n<p>G\u00f6st\u0259ril\u0259n s\u0259n\u0259dl\u0259rind\u0259n biri olmayan, s\u0259n\u0259dl\u0259ri aras\u0131nda uy\u011funsuzluq olan, \u015f\u0259xsiyy\u0259t v\u0259siq\u0259sinin sur\u0259ti il\u0259 g\u0259l\u0259n, ba\u015fqas\u0131n\u0131n \u015f\u0259xsiyy\u0259t v\u0259siq\u0259si il\u0259 qeydiyyatdan ke\u00e7\u0259n abituriyentl\u0259r imtahana burax\u0131lm\u0131rlar.<\/p>\n<p><a href=\"https:\/\/infonews.az\/\"><span style=\"color: #ff0000;\"><strong>&#8220;\u0130NFONEWS&#8221;<\/strong><\/span><\/a><\/p>\n","protected":false},"excerpt":{"rendered":"<p>Sabah abituriyentl\u0259r \u00fc\u00e7\u00fcn s\u0131naq imtahan\u0131 ke\u00e7iril\u0259c\u0259k D\u00f6vl\u0259t \u0130mtahan M\u0259rk\u0259zi (D\u0130M) fevral\u0131n 13-d\u0259 ali t\u0259hsil m\u00fc\u0259ssis\u0259l\u0259rin\u0259 q\u0259bul imtahan\u0131n\u0131n ikinci m\u0259rh\u0259l\u0259si \u00fczr\u0259 s\u0131naq imtahan\u0131 ke\u00e7ir\u0259c\u0259k. D\u0130M-d\u0259n veril\u0259n m\u0259lumata g\u00f6r\u0259, s\u0131naq imtahan\u0131nda i\u015ftirak\u00e7\u0131lara&hellip; <\/p>\n","protected":false},"author":3,"featured_media":7643,"comment_status":"open","ping_status":"open","sticky":false,"template":"","format":"standard","meta":{"_mi_skip_tracking":false,"_monsterinsights_sitenote_active":false,"_monsterinsights_sitenote_note":"","_monsterinsights_sitenote_category":0,"footnotes":""},"categories":[11,3],"tags":[4910,1144,5556],"aioseo_notices":[],"_links":{"self":[{"href":"https:\/\/infonews.az\/index.php?rest_route=\/wp\/v2\/posts\/16640"}],"collection":[{"href":"https:\/\/infonews.az\/index.php?rest_route=\/wp\/v2\/posts"}],"about":[{"href":"https:\/\/infonews.az\/index.php?rest_route=\/wp\/v2\/types\/post"}],"author":[{"embeddable":true,"href":"https:\/\/infonews.az\/index.php?rest_route=\/wp\/v2\/users\/3"}],"replies":[{"embeddable":true,"href":"https:\/\/infonews.az\/index.php?rest_route=%2Fwp%2Fv2%2Fcomments&post=16640"}],"version-history":[{"count":1,"href":"https:\/\/infonews.az\/index.php?rest_route=\/wp\/v2\/posts\/16640\/revisions"}],"predecessor-version":[{"id":16641,"href":"https:\/\/infonews.az\/index.php?rest_route=\/wp\/v2\/posts\/16640\/revisions\/16641"}],"wp:featuredmedia":[{"embeddable":true,"href":"https:\/\/infonews.az\/index.php?rest_route=\/wp\/v2\/media\/7643"}],"wp:attachment":[{"href":"https:\/\/infonews.az\/index.php?rest_route=%2Fwp%2Fv2%2Fmedia&parent=16640"}],"wp:term":[{"taxonomy":"category","embeddable":true,"href":"https:\/\/infonews.az\/index.php?rest_route=%2Fwp%2Fv2%2Fcategories&post=16640"},{"taxonomy":"post_tag","embeddable":true,"href":"https:\/\/infonews.az\/index.php?rest_route=%2Fwp%2Fv2%2Ftags&post=16640"}],"curies":[{"name":"wp","href":"https:\/\/api.w.org\/{rel}","templated":true}]}}