{"id":1672,"date":"2021-01-04T12:09:47","date_gmt":"2021-01-04T08:09:47","guid":{"rendered":"http:\/\/infonews.az\/?p=1672"},"modified":"2021-01-04T14:09:00","modified_gmt":"2021-01-04T10:09:00","slug":"qarabag-dirc%c9%99lis-fondu-yaradildi","status":"publish","type":"post","link":"https:\/\/infonews.az\/?p=1672","title":{"rendered":"\u201cQaraba\u011f Dir\u00e7\u0259li\u015f Fondu\u201d yarad\u0131ld\u0131"},"content":{"rendered":"<blockquote><p>Prezident \u0130lham \u018fliyev \u201cQaraba\u011f Dir\u00e7\u0259li\u015f Fondu\u201d publik h\u00fcquqi \u015f\u0259xsin yarad\u0131lmas\u0131 haqq\u0131nda F\u0259rman imzalay\u0131b.<\/p><\/blockquote>\n<p><a href=\"http:\/\/infonews.az\/?p=1672&amp;preview=true\"><strong><span style=\"color: #ff0000;\">&#8220;\u0130NFONEWS&#8221;<\/span><\/strong><\/a> x\u0259b\u0259r verir ki, F\u0259rmanda deyilir:<\/p>\n<p class=\"\">Az\u0259rbaycan xalq\u0131 b\u00f6y\u00fck Z\u0259f\u0259rl\u0259 \u0259razil\u0259rini Erm\u0259nistan i\u015f\u011fal\u0131ndan azad ed\u0259r\u0259k, tarixinin \u0259n yaddaqalan v\u0259 \u015fanl\u0131 d\u00f6vr\u00fcn\u0259 q\u0259d\u0259m qoydu. \u00d6lk\u0259nin \u0259razi b\u00fct\u00f6vl\u00fcy\u00fcn\u00fcn b\u0259rpas\u0131 d\u00f6vl\u0259timiz \u00fc\u00e7\u00fcn beyn\u0259lxalq h\u00fcququn v\u0259 milli-m\u0259n\u0259vi d\u0259y\u0259rl\u0259rin aliliyinin n\u00fcmayi\u015fidir. Otuz il\u0259 yax\u0131n bir m\u00fcdd\u0259t \u0259rzind\u0259 erm\u0259ni q\u0259sbkarlar\u0131 t\u0259r\u0259find\u0259n maddi v\u0259 m\u0259d\u0259ni s\u0259rv\u0259tl\u0259ri talan edilmi\u015f \u0259razil\u0259rimizin yenid\u0259n h\u0259yata qaytar\u0131lmas\u0131 \u00f6lk\u0259nin siyasi-iqtisadi suverenliyinin g\u00fccl\u0259nm\u0259sinin m\u00fch\u00fcm dayaqlar\u0131ndan biri olacaqd\u0131r.<\/p>\n<p>Az\u0259rbaycan iqtisadiyyat\u0131n\u0131n t\u0259rkib hiss\u0259sin\u0259 \u00e7evrilm\u0259si m\u0259qs\u0259dil\u0259 i\u015f\u011faldan azad edilmi\u015f b\u00f6lg\u0259l\u0259rd\u0259 m\u0259skunla\u015fma, layiqli ya\u015fay\u0131\u015f v\u0259 iqtisadi f\u0259all\u0131q t\u0259min edil\u0259c\u0259k, bu \u0259razil\u0259rd\u0259 h\u0259yata ke\u00e7iril\u0259c\u0259k quruculuq-b\u0259rpa i\u015fl\u0259ri \u00f6lk\u0259mizin sosial-iqtisadi inki\u015faf\u0131n\u0131n \u0259saslar\u0131n\u0131 daha da m\u00f6hk\u0259ml\u0259ndirm\u0259kl\u0259 yana\u015f\u0131, Az\u0259rbaycan\u0131n yeni inki\u015faf prosesind\u0259 m\u00fch\u00fcm m\u0259rh\u0259l\u0259 olacaqd\u0131r.<\/p>\n<p>\u0130\u015f\u011faldan azad edilmi\u015f \u0259razil\u0259rd\u0259 quruculuq i\u015fl\u0259rinin apar\u0131lmas\u0131 istiqam\u0259tind\u0259 h\u0259r bir \u015f\u0259xsin g\u00f6st\u0259r\u0259c\u0259yi d\u0259st\u0259k tarixi q\u0259l\u0259b\u0259miz\u0259, q\u00fcdr\u0259tli v\u0259 g\u00fccl\u00fc Az\u0259rbaycan namin\u0259 milli birlik ideyas\u0131na, suveren v\u0259 t\u0259hl\u00fck\u0259siz ya\u015famaq m\u0259qs\u0259dimiz\u0259 m\u00fch\u00fcm t\u00f6hf\u0259 olacaq. Bu sah\u0259d\u0259 b\u00fct\u00fcn potensial\u0131n f\u0259dakarl\u0131qla s\u0259f\u0259rb\u0259r edilm\u0259si \u00f6lk\u0259mizin inki\u015faf\u0131nda birg\u0259 u\u011fur salnam\u0259si yaradaraq, q\u0259l\u0259b\u0259mizi daha da parlaq ed\u0259c\u0259kdir.<\/p>\n<p>Az\u0259rbaycan Respublikas\u0131 Konstitusiyas\u0131n\u0131n 109-cu madd\u0259sinin 32-ci b\u0259ndini r\u0259hb\u0259r tutaraq, i\u015f\u011faldan azad edilmi\u015f \u0259razil\u0259rd\u0259 dayan\u0131ql\u0131 m\u0259skunla\u015fma \u00fc\u00e7\u00fcn m\u00fcasir v\u0259 layiqli h\u0259yat\u0131n t\u0259min edilm\u0259si, b\u00fct\u00fcn sah\u0259l\u0259rd\u0259 quruculuq-b\u0259rpa v\u0259 abadl\u0131q i\u015fl\u0259rinin apar\u0131lmas\u0131, habel\u0259 t\u0259hl\u00fck\u0259siz ya\u015fay\u0131\u015f\u0131n, s\u0259m\u0259r\u0259li f\u0259aliyy\u0259tin v\u0259 rifah\u0131n davaml\u0131 artmas\u0131n\u0131n d\u0259st\u0259kl\u0259nm\u0259si m\u0259qs\u0259dil\u0259 q\u0259rara al\u0131ram:<\/p>\n<p>1. \u201cQaraba\u011f Dir\u00e7\u0259li\u015f Fondu\u201d publik h\u00fcquqi \u015f\u0259xs yarad\u0131ls\u0131n.<\/p>\n<p>2. M\u00fc\u0259yy\u0259n edilsin ki:<\/p>\n<p>2.1. \u201cQaraba\u011f Dir\u00e7\u0259li\u015f Fondu\u201d publik h\u00fcquqi \u015f\u0259xs (bundan sonra \u2013 Fond) Az\u0259rbaycan Respublikas\u0131n\u0131n i\u015f\u011faldan azad edilmi\u015f \u0259razil\u0259rinin b\u0259rpas\u0131 v\u0259 yenid\u0259n qurulmas\u0131, habel\u0259 dayan\u0131ql\u0131 iqtisadiyyata v\u0259 y\u00fcks\u0259k rifaha malik regiona \u00e7evrilm\u0259si istiqam\u0259tind\u0259 h\u0259yata ke\u00e7iril\u0259n t\u0259dbirl\u0259r\u0259 maliyy\u0259 d\u0259st\u0259yi g\u00f6st\u0259rilm\u0259sini v\u0259 s\u0259rmay\u0259l\u0259rin c\u0259lb edilm\u0259sini, bu sah\u0259d\u0259 d\u00f6vl\u0259t-\u00f6z\u0259l t\u0259r\u0259fda\u015fl\u0131\u011f\u0131n\u0131n inki\u015faf\u0131n\u0131 t\u0259min ed\u0259n, el\u0259c\u0259 d\u0259 \u00f6lk\u0259 daxilind\u0259 v\u0259 \u00f6lk\u0259 xaricind\u0259 z\u0259ruri t\u0259\u015fviqat i\u015fl\u0259rini h\u0259yata ke\u00e7ir\u0259n publik h\u00fcquqi \u015f\u0259xsdir;<\/p>\n<p>2.2. Fondun f\u0259aliyy\u0259tin\u0259 \u00fcmumi r\u0259hb\u0259rliyi v\u0259 n\u0259zar\u0259ti h\u0259yata ke\u00e7irm\u0259k \u00fc\u00e7\u00fcn M\u00fc\u015fahid\u0259 \u015euras\u0131 yarad\u0131l\u0131r;<\/p>\n<p>2.3. Fondun f\u0259aliyy\u0259tin\u0259 cari r\u0259hb\u0259rliyi 3 (\u00fc\u00e7) \u00fczvd\u0259n \u2013 s\u0259dr v\u0259 onun iki m\u00fcavinind\u0259n ibar\u0259t \u0130dar\u0259 Hey\u0259ti h\u0259yata ke\u00e7irir.<\/p>\n<p>3. Fondun t\u0259sis\u00e7isinin s\u0259lahiyy\u0259tl\u0259rinin h\u0259yata ke\u00e7irilm\u0259si a\u015fa\u011f\u0131dak\u0131lara h\u0259val\u0259 edilsin:<\/p>\n<p>3.1. Az\u0259rbaycan Respublikas\u0131n\u0131n Prezidentin\u0259:<\/p>\n<p>3.1.1. Fondun nizamnam\u0259sinin t\u0259sdiqi v\u0259 nizamnam\u0259 fondunun miqdar\u0131n\u0131n m\u00fc\u0259yy\u0259n edilm\u0259si, onlarda d\u0259yi\u015fiklik edilm\u0259si;<\/p>\n<p>3.1.2. Fondun strukturunun t\u0259sdiqi;<\/p>\n<p>3.1.3. Fondun idar\u0259etm\u0259 orqanlar\u0131n\u0131n yarad\u0131lmas\u0131;<\/p>\n<p>3.1.4. Fondun M\u00fc\u015fahid\u0259 \u015euras\u0131 \u00fczvl\u0259rinin, \u0130dar\u0259 Hey\u0259ti s\u0259drinin v\u0259 s\u0259drin iki m\u00fcavininin v\u0259zif\u0259y\u0259 t\u0259yin v\u0259 v\u0259zif\u0259d\u0259n azad edilm\u0259si;<\/p>\n<p>3.1.5. Fondun l\u0259\u011fvi v\u0259 yenid\u0259n t\u0259\u015fkili;<\/p>\n<p>3.2. Fonda:<\/p>\n<p>3.2.1. bu F\u0259rman\u0131n 3.1-ci b\u0259ndind\u0259 qeyd edil\u0259nl\u0259r istisna olmaqla, \u201cPublik h\u00fcquqi \u015f\u0259xsl\u0259r haqq\u0131nda\u201d Az\u0259rbaycan Respublikas\u0131 Qanununun 8.2-ci madd\u0259sind\u0259 publik h\u00fcquqi \u015f\u0259xsin t\u0259sis\u00e7isinin s\u0259lahiyy\u0259tl\u0259rin\u0259 aid edilmi\u015f dig\u0259r m\u0259s\u0259l\u0259l\u0259rin h\u0259lli.<\/p>\n<p>4. Fondun v\u0259saitl\u0259ri a\u015fa\u011f\u0131dak\u0131 m\u0259nb\u0259l\u0259r hesab\u0131na formala\u015f\u0131r:<\/p>\n<p>4.1. fiziki v\u0259 h\u00fcquqi \u015f\u0259xsl\u0259rin ian\u0259l\u0259ri;<\/p>\n<p>4.2. qrantlar;<\/p>\n<p>4.3. qanunla qada\u011fan olunmayan dig\u0259r m\u0259nb\u0259l\u0259r.<\/p>\n<p>5. Az\u0259rbaycan Respublikas\u0131 Prezidentinin Administrasiyas\u0131 15 g\u00fcn m\u00fcdd\u0259tind\u0259 Fondun nizamnam\u0259sinin layih\u0259sini haz\u0131rlay\u0131b Az\u0259rbaycan Respublikas\u0131n\u0131n Prezidentin\u0259 t\u0259qdim etsin.<\/p>\n<p>6. Az\u0259rbaycan Respublikas\u0131n\u0131n Nazirl\u0259r Kabineti:<\/p>\n<p>6.1. Fondun d\u00f6vl\u0259t qeydiyyat\u0131na al\u0131nmas\u0131 \u00fc\u00e7\u00fcn onun nizamnam\u0259si t\u0259sdiq edildikd\u0259n sonra 3 (\u00fc\u00e7) g\u00fcn m\u00fcdd\u0259tind\u0259 \u201cH\u00fcquqi \u015f\u0259xsl\u0259rin d\u00f6vl\u0259t qeydiyyat\u0131 v\u0259 d\u00f6vl\u0259t reyestri haqq\u0131nda\u201d Az\u0259rbaycan Respublikas\u0131n\u0131n Qanunu il\u0259 m\u00fc\u0259yy\u0259n edilmi\u015f qaydada t\u0259dbirl\u0259r g\u00f6rs\u00fcn;<\/p>\n<p>6.2. d\u00f6vl\u0259t qeydiyyat\u0131na al\u0131nd\u0131\u011f\u0131 g\u00fcnd\u0259n Fondun inzibati bina il\u0259 t\u0259min olunmas\u0131 v\u0259 maddi-texniki t\u0259minat\u0131 m\u0259s\u0259l\u0259l\u0259rinin h\u0259lli \u00fc\u00e7\u00fcn bir ay m\u00fcdd\u0259tind\u0259 t\u0259dbirl\u0259r g\u00f6r\u00fcb Az\u0259rbaycan Respublikas\u0131n\u0131n Prezidentin\u0259 m\u0259lumat versin;<\/p>\n<p>6.3. bu F\u0259rmandan ir\u0259li g\u0259l\u0259n dig\u0259r m\u0259s\u0259l\u0259l\u0259ri h\u0259ll etsin.<\/p>\n<p>7. M\u00fc\u0259yy\u0259n edilsin ki, Fond d\u00f6vl\u0259t qeydiyyat\u0131na al\u0131nanad\u0259k bu F\u0259rman\u0131n 4-c\u00fc hiss\u0259sind\u0259 n\u0259z\u0259rd\u0259 tutulmu\u015f v\u0259sait Fondun x\u00fcsusi x\u0259zin\u0259 v\u0259 bank hesablar\u0131nda toplana bil\u0259r.<\/p>\n<p>8. Az\u0259rbaycan Respublikas\u0131n\u0131n Maliyy\u0259 Nazirliyi:<\/p>\n<p>8.1. Fond f\u0259aliyy\u0259t\u0259 ba\u015flayanad\u0259k bu F\u0259rman\u0131n 7-ci hiss\u0259sin\u0259 uy\u011fun olaraq Fondun v\u0259saitinin x\u00fcsusi x\u0259zin\u0259 v\u0259 bank hesablar\u0131nda toplanmas\u0131n\u0131 t\u0259\u015fkil etsin;<\/p>\n<p>8.2. Fondun f\u0259aliyy\u0259tinin t\u0259\u015fkili v\u0259 t\u0259mini \u00fc\u00e7\u00fcn t\u0259l\u0259b olunan v\u0259saiti h\u0259r il \u00fc\u00e7\u00fcn d\u00f6vl\u0259t b\u00fcdc\u0259sinin layih\u0259sind\u0259 n\u0259z\u0259rd\u0259 tutsun;<\/p>\n<p>8.3. bu F\u0259rmandan ir\u0259li g\u0259l\u0259n dig\u0259r m\u0259s\u0259l\u0259l\u0259ri h\u0259ll etsin.<\/p>\n<p>\u0130lham \u018fliyev<\/p>\n<p>Az\u0259rbaycan Respublikas\u0131n\u0131n Prezidenti<\/p>\n<p>Bak\u0131 \u015f\u0259h\u0259ri, 4 yanvar 2021-ci il.<\/p>\n","protected":false},"excerpt":{"rendered":"<p>Prezident \u0130lham \u018fliyev \u201cQaraba\u011f Dir\u00e7\u0259li\u015f Fondu\u201d publik h\u00fcquqi \u015f\u0259xsin yarad\u0131lmas\u0131 haqq\u0131nda F\u0259rman imzalay\u0131b. &#8220;\u0130NFONEWS&#8221; x\u0259b\u0259r verir ki, F\u0259rmanda deyilir: Az\u0259rbaycan xalq\u0131 b\u00f6y\u00fck Z\u0259f\u0259rl\u0259 \u0259razil\u0259rini Erm\u0259nistan i\u015f\u011fal\u0131ndan azad ed\u0259r\u0259k, tarixinin \u0259n&hellip; <\/p>\n","protected":false},"author":3,"featured_media":99,"comment_status":"open","ping_status":"open","sticky":false,"template":"","format":"standard","meta":{"_mi_skip_tracking":false,"_monsterinsights_sitenote_active":false,"_monsterinsights_sitenote_note":"","_monsterinsights_sitenote_category":0,"footnotes":""},"categories":[4,11],"tags":[279,20,15],"aioseo_notices":[],"_links":{"self":[{"href":"https:\/\/infonews.az\/index.php?rest_route=\/wp\/v2\/posts\/1672"}],"collection":[{"href":"https:\/\/infonews.az\/index.php?rest_route=\/wp\/v2\/posts"}],"about":[{"href":"https:\/\/infonews.az\/index.php?rest_route=\/wp\/v2\/types\/post"}],"author":[{"embeddable":true,"href":"https:\/\/infonews.az\/index.php?rest_route=\/wp\/v2\/users\/3"}],"replies":[{"embeddable":true,"href":"https:\/\/infonews.az\/index.php?rest_route=%2Fwp%2Fv2%2Fcomments&post=1672"}],"version-history":[{"count":1,"href":"https:\/\/infonews.az\/index.php?rest_route=\/wp\/v2\/posts\/1672\/revisions"}],"predecessor-version":[{"id":1673,"href":"https:\/\/infonews.az\/index.php?rest_route=\/wp\/v2\/posts\/1672\/revisions\/1673"}],"wp:featuredmedia":[{"embeddable":true,"href":"https:\/\/infonews.az\/index.php?rest_route=\/wp\/v2\/media\/99"}],"wp:attachment":[{"href":"https:\/\/infonews.az\/index.php?rest_route=%2Fwp%2Fv2%2Fmedia&parent=1672"}],"wp:term":[{"taxonomy":"category","embeddable":true,"href":"https:\/\/infonews.az\/index.php?rest_route=%2Fwp%2Fv2%2Fcategories&post=1672"},{"taxonomy":"post_tag","embeddable":true,"href":"https:\/\/infonews.az\/index.php?rest_route=%2Fwp%2Fv2%2Ftags&post=1672"}],"curies":[{"name":"wp","href":"https:\/\/api.w.org\/{rel}","templated":true}]}}