{"id":16739,"date":"2022-02-14T15:41:00","date_gmt":"2022-02-14T11:41:00","guid":{"rendered":"https:\/\/infonews.az\/?p=16739"},"modified":"2022-02-15T00:47:44","modified_gmt":"2022-02-14T20:47:44","slug":"ramiz-mehdiyev-istefa-verm%c9%99lidir-s%c9%99ttar-mohbaliyev","status":"publish","type":"post","link":"https:\/\/infonews.az\/?p=16739","title":{"rendered":"Ramiz Mehdiyev istefa verm\u0259lidir &#8211; S\u0259ttar M\u00f6hbal\u0131yev"},"content":{"rendered":"<p class=\"article-title\"><span style=\"color: #ffffff;\">Ramiz Mehdiyev istefa verm\u0259lidir &#8211; S\u0259ttar M\u00f6hbal\u0131yev<\/span><\/p>\n<p>AMEA-n\u0131n prezidenti Ramiz Mehdiyev \u00f6z\u00fcn\u00fc \u00e7ox \u00e7\u0259tin v\u0259 \u00e7\u0131x\u0131lmaz v\u0259ziyy\u0259t\u0259 sal\u0131b. H\u0259r g\u00fcn t\u0259nqid girdab\u0131nda \u00e7abalay\u0131r. Onu da deyim ki, bu durumu yaradan Ramiz Mehdiyevin \u00f6z\u00fcd\u00fcr. M\u0259ni d\u00fc\u015f\u00fcnd\u00fcr\u0259n odur ki, 30 il\u0259 yax\u0131n m\u00fcdd\u0259td\u0259 \u00f6lk\u0259nin hakim komandas\u0131nda y\u00fcks\u0259k r\u0259hb\u0259r v\u0259zif\u0259 tutan Ramiz Mehdiyev niy\u0259 \u00f6z\u00fcn\u00fc bu \u00e7\u0259tin duruma sal\u0131b. Bax, bu, t\u0259\u0259cc\u00fcb do\u011furur.<\/p>\n<p>Ramiz Mehdiyev s\u0259h\u0259rd\u0259n ax\u015fama kimi kim\u0259 g\u0259ldi ac\u0131 dilini uzad\u0131r. H\u0259tta Milli M\u0259clisin deputatlar\u0131n\u0131 a\u011f\u0131r t\u0259hqir etm\u0259kd\u0259n, onlara \u201ctroll\u201d dam\u011fas\u0131 vurmaqdan bel\u0259 \u00e7\u0259kinmir. Az\u0259rbaycan h\u00f6kum\u0259til\u0259 dialoqa ged\u0259n siyasi partiyalar\u0131 \u201cCib m\u00fcxalif\u0259ti\u201d adland\u0131r\u0131r. Ramiz Mehdiyev uzun ill\u0259r t\u0259msil olundu\u011fu Az\u0259rbaycan\u0131n hakim komandas\u0131 ba\u015fda olmaqla, h\u0259r k\u0259s\u0259 sava\u015f a\u00e7\u0131r, h\u0259ddind\u0259n art\u0131q s\u0259rt sifari\u015fl\u0259r g\u00f6nd\u0259rm\u0259y\u0259 can at\u0131r. O, d\u00f6vr\u00fcn\u00fcn bitm\u0259si v\u0259 q\u00fcruba enm\u0259si il\u0259 he\u00e7 c\u00fcr bar\u0131\u015fmaq ist\u0259mir. M\u0259n bir deputat kimi buna \u00e7ox t\u0259\u0259ss\u00fcfl\u0259nir\u0259m.<\/p>\n<p>Ramiz Mehdiyev Az\u0259rbaycan\u0131n qanunverici orqan\u0131 olan Milli M\u0259clisin deputatlar\u0131 haqq\u0131nda durmadan qeyri-etik s\u00f6zl\u0259r i\u015fl\u0259dir v\u0259 onlara \u00e7irkab at\u0131r.<\/p>\n<p>Ramiz Mehdiyevin Milli M\u0259clisin \u00fcnvan\u0131na xo\u015fag\u0259lm\u0259z s\u00f6zl\u0259r dem\u0259y\u0259, yersiz t\u0259hdidl\u0259r ir\u0259li s\u00fcrm\u0259y\u0259 haqq\u0131 \u00e7atm\u0131r. M\u0259n\u0259 el\u0259 g\u0259lir ki, Ramiz Mehdiyev dir\u0259ni\u015f g\u00f6st\u0259rm\u0259m\u0259li, sabah yox, el\u0259 bu g\u00fcn istefa verm\u0259lidir.<\/p>\n<p>Haz\u0131rda Az\u0259rbaycan Milli Elml\u0259r Akademiyas\u0131nda \u00e7ox ciddi b\u00f6hran ya\u015fanmaqdad\u0131r. Art\u0131q \u00f6lk\u0259nin bir \u00e7ox ziyal\u0131lar\u0131 Ramiz Mehdiyev\u0259 \u00f6z etirazlar\u0131n\u0131 bildirir v\u0259 Akademiyan\u0131n r\u0259hb\u0259rliyinin d\u0259yi\u015fdirilm\u0259sini t\u0259kidl\u0259 t\u0259l\u0259b edirl\u0259r. Buna g\u00f6r\u0259 d\u0259 o, qeyd-\u015f\u0259rtsiz istefa verm\u0259lidir. \u00c7\u00fcnki Ramiz Mehdiyev bu elm m\u0259b\u0259dini daha da inki\u015faf etdirm\u0259k, Az\u0259rbaycan elmini d\u00fcnyaya daha \u00e7ox tan\u0131td\u0131rmaq, yeni-yeni elmi naliyy\u0259tl\u0259r \u0259ld\u0259 etm\u0259k \u0259v\u0259zin\u0259, elm oca\u011f\u0131n\u0131 dedi-qodu, intriqa yuvas\u0131na \u00e7evirib. Bundan \u00e7\u0131x\u0131\u015f yolu yaln\u0131z onun istefas\u0131ndan ke\u00e7ir. \u0130nan\u0131r\u0131q ki, bu m\u0259s\u0259l\u0259 tez bir zamanda \u00f6z h\u0259llini tapacaq.<\/p>\n<p style=\"text-align: right;\"><strong>S\u0259ttar M\u00f6hbal\u0131yev<\/strong><br \/>\n<strong>AH\u0130K-in s\u0259dri, Milli M\u0259clisin deputat\u0131<\/strong><\/p>\n<div class=\"article-meta\"><\/div>\n","protected":false},"excerpt":{"rendered":"<p>Ramiz Mehdiyev istefa verm\u0259lidir &#8211; S\u0259ttar M\u00f6hbal\u0131yev AMEA-n\u0131n prezidenti Ramiz Mehdiyev \u00f6z\u00fcn\u00fc \u00e7ox \u00e7\u0259tin v\u0259 \u00e7\u0131x\u0131lmaz v\u0259ziyy\u0259t\u0259 sal\u0131b. H\u0259r g\u00fcn t\u0259nqid girdab\u0131nda \u00e7abalay\u0131r. Onu da deyim ki, bu durumu yaradan&hellip; <\/p>\n","protected":false},"author":3,"featured_media":16741,"comment_status":"open","ping_status":"open","sticky":false,"template":"","format":"standard","meta":{"_mi_skip_tracking":false,"_monsterinsights_sitenote_active":false,"_monsterinsights_sitenote_note":"","_monsterinsights_sitenote_category":0,"footnotes":""},"categories":[6,11],"tags":[5594,1475,826],"aioseo_notices":[],"_links":{"self":[{"href":"https:\/\/infonews.az\/index.php?rest_route=\/wp\/v2\/posts\/16739"}],"collection":[{"href":"https:\/\/infonews.az\/index.php?rest_route=\/wp\/v2\/posts"}],"about":[{"href":"https:\/\/infonews.az\/index.php?rest_route=\/wp\/v2\/types\/post"}],"author":[{"embeddable":true,"href":"https:\/\/infonews.az\/index.php?rest_route=\/wp\/v2\/users\/3"}],"replies":[{"embeddable":true,"href":"https:\/\/infonews.az\/index.php?rest_route=%2Fwp%2Fv2%2Fcomments&post=16739"}],"version-history":[{"count":1,"href":"https:\/\/infonews.az\/index.php?rest_route=\/wp\/v2\/posts\/16739\/revisions"}],"predecessor-version":[{"id":16740,"href":"https:\/\/infonews.az\/index.php?rest_route=\/wp\/v2\/posts\/16739\/revisions\/16740"}],"wp:featuredmedia":[{"embeddable":true,"href":"https:\/\/infonews.az\/index.php?rest_route=\/wp\/v2\/media\/16741"}],"wp:attachment":[{"href":"https:\/\/infonews.az\/index.php?rest_route=%2Fwp%2Fv2%2Fmedia&parent=16739"}],"wp:term":[{"taxonomy":"category","embeddable":true,"href":"https:\/\/infonews.az\/index.php?rest_route=%2Fwp%2Fv2%2Fcategories&post=16739"},{"taxonomy":"post_tag","embeddable":true,"href":"https:\/\/infonews.az\/index.php?rest_route=%2Fwp%2Fv2%2Ftags&post=16739"}],"curies":[{"name":"wp","href":"https:\/\/api.w.org\/{rel}","templated":true}]}}