{"id":17141,"date":"2022-02-21T17:16:51","date_gmt":"2022-02-21T13:16:51","guid":{"rendered":"https:\/\/infonews.az\/?p=17141"},"modified":"2022-02-21T17:18:06","modified_gmt":"2022-02-21T13:18:06","slug":"qarabag-tarixi-m%c9%99d%c9%99ni-irsimizd%c9%99n-kitabin-t%c9%99qdimati-olub","status":"publish","type":"post","link":"https:\/\/infonews.az\/?p=17141","title":{"rendered":"\u201cQaraba\u011f \u2013 tarixi-m\u0259d\u0259ni irsimizd\u0259n\u201d kitab\u0131n\u0131n t\u0259qdimat\u0131 olub"},"content":{"rendered":"<p class=\"content-title\"><span style=\"color: #ffffff;\">\u201cQaraba\u011f \u2013 tarixi-m\u0259d\u0259ni irsimizd\u0259n\u201d kitab\u0131n t\u0259qdimat\u0131 olub<\/span><\/p>\n<p><a href=\"https:\/\/infonews.az\/?p=17141\"><strong><span style=\"color: #ff0000;\">&#8220;\u0130NFONEWS&#8221;<\/span><\/strong><\/a> x\u0259b\u0259r verir.<\/p>\n<p><strong>\u201c\u0130\u00e7\u0259ri\u015f\u0259h\u0259r\u201d D\u00f6vl\u0259t Tarix-Memarl\u0131q Qoru\u011fu \u0130dar\u0259sind\u0259 \u201cQaraba\u011f \u2013 tarixi-m\u0259d\u0259ni irsimizd\u0259n\u201d adl\u0131 kitab\u0131n t\u0259qdimat m\u0259rasimi ke\u00e7irilib.<\/strong><\/p>\n<blockquote><p><strong>\u201cKitabda Az\u0259rbaycan\u0131n v\u0259 \u00fcmumiyy\u0259tl\u0259, b\u0259\u015f\u0259riyy\u0259tin \u0259n q\u0259dim v\u0259 z\u0259ngin tarix\u0259 malik olan ilk insan m\u0259sk\u0259nl\u0259rind\u0259n biri olan Qaraba\u011f\u0131n tarixini, numizmatikas\u0131, epiqrafik abid\u0259l\u0259ri, xal\u00e7a\u00e7\u0131l\u0131q, dulus\u00e7uluq, milli geyiml\u0259ri, b\u0259dii metal v\u0259 zin\u0259t \u0259\u015fyalar\u0131 haqq\u0131nda \u0259trafl\u0131 v\u0259 d\u0259rin m\u0259lumatlar yer al\u0131b. Qaraba\u011f\u0131n tarixi z\u0259ngin m\u0259nb\u0259l\u0259r \u0259sas\u0131nda t\u0259dqiq olunduqca \u201cQaraba\u011f&#8221; s\u00f6z\u00fcn\u00fcn etimologiyas\u0131, q\u0259dim d\u00f6vrl\u0259rd\u0259n b\u0259ri b\u00f6lg\u0259nin tarixin\u0259 dair maraql\u0131 m\u0259lumatlar \u00fcz\u0259 \u00e7\u0131x\u0131b. Kitabda toplanan materiallar Qaraba\u011f\u0131n xristian v\u0259 \u0130slam d\u00f6vr\u00fc epiqrafik abid\u0259l\u0259rinin Az\u0259rbaycan xalq\u0131n\u0131n m\u0259d\u0259ni irsi oldu\u011funu bir daha t\u0259sdiql\u0259yir. \u018fmin\u0259m ki, bu kitab alim, tarix\u00e7i v\u0259 x\u00fcsusil\u0259, g\u0259nc n\u0259slin maarifl\u0259ndirilm\u0259sind\u0259 \u0259h\u0259miyy\u0259tli yer tutacaq\u201d<\/strong><\/p><\/blockquote>\n<p>Bunu t\u0259dbird\u0259 \u201c\u0130\u00e7\u0259ri\u015f\u0259h\u0259r\u201d Qoruq \u0130dar\u0259sinin Aparat r\u0259hb\u0259ri Read Qas\u0131mov kitab\u0131n g\u00f6z\u0259l diyar\u0131m\u0131z olan Qaraba\u011f\u0131n d\u00fcnya miqyas\u0131nda tan\u0131nmas\u0131nda x\u00fcsusi rol oynayaca\u011f\u0131 bar\u0259d\u0259 s\u00f6yl\u0259yib.<\/p>\n<p>Az\u0259rbaycan Milli Elml\u0259r Akademiyas\u0131n\u0131n (AMEA) A.Bak\u0131xanov ad\u0131na Tarix \u0130nstitutunun ba\u015f direktoru, professor K\u0259rim \u015e\u00fck\u00fcrov \u00e7\u0131x\u0131\u015f ed\u0259r\u0259k qeyd edib ki, n\u0259fis \u015f\u0259kild\u0259 Az\u0259rbaycan v\u0259 ingilis dill\u0259rind\u0259 n\u0259\u015fr olunan bu kitabla Az\u0259rbaycan Qaraba\u011f\u015f\u00fcnasl\u0131\u011f\u0131 daha da z\u0259nginl\u0259\u015f\u0259c\u0259k. Bildirilib ki, kitabda Qaraba\u011f\u0131n xristian v\u0259 islam d\u00f6vr\u00fc epiqrafik abid\u0259l\u0259ri \u0259trafl\u0131 t\u0259dqiq edilib. Qaraba\u011fda m\u00f6vcud olan xristian m\u0259b\u0259dl\u0259rinin Az\u0259rbaycan xalq\u0131n\u0131n m\u0259d\u0259ni irsi oldu\u011fu bir daha epiqrafik abid\u0259l\u0259r \u0259sas\u0131nda t\u0259sdiql\u0259nib. \u0130slam d\u00f6vr\u00fc abid\u0259l\u0259ri \u00fcz\u0259rind\u0259 olan epiqrafik yaz\u0131lara \u0259sas\u0259n Qaraba\u011fda ya\u015fay\u0131b f\u0259aliyy\u0259t g\u00f6st\u0259r\u0259n alim, memar, n\u0259qqa\u015f, x\u0259ttat, sufi \u015feyxl\u0259ri, Qaraba\u011f memarl\u0131q m\u0259kt\u0259binin banil\u0259rinin adlar\u0131 tarix\u0259 sal\u0131n\u0131b.<\/p>\n<p>Daha sonra kitab\u0131n m\u00fc\u0259llifl\u0259ri, tarix elml\u0259ri doktoru V\u0259fa Quliyeva v\u0259 tarix \u00fczr\u0259 f\u0259ls\u0259f\u0259 doktoru Q\u0259nir\u0259 Pirquliyeva, el\u0259c\u0259 d\u0259 professorlar Qafar C\u0259biyev, dosentl\u0259r P\u0259rvin Ah\u0259n\u00e7i, Hicran Mahmudova, \u018fsg\u0259r \u018fhm\u0259d \u00e7\u0131x\u0131\u015f ed\u0259r\u0259k kitab haqq\u0131nda \u00f6z t\u0259\u0259ss\u00fcratlar\u0131n\u0131 b\u00f6l\u00fc\u015f\u00fcbl\u0259r.<\/p>\n<p>\u00c7\u0131x\u0131\u015f\u00e7\u0131lar \u201c\u0130\u00e7\u0259ri\u015f\u0259h\u0259r\u201d D\u00f6vl\u0259t Tarix-Memarl\u0131q Qoru\u011fu \u0130dar\u0259sinin layih\u0259si kimi haz\u0131rlanan v\u0259 n\u0259\u015fr olunan bu kitab\u0131n m\u00fch\u00fcm \u0259h\u0259miyy\u0259tind\u0259n dan\u0131\u015f\u0131blar. Vur\u011fulan\u0131b ki, \u201cQaraba\u011f \u2013 tarixi-m\u0259d\u0259ni irsimizd\u0259n\u201d kitab\u0131 erm\u0259ni vandallar\u0131 t\u0259r\u0259find\u0259n Qaraba\u011fda Az\u0259rbaycan xalq\u0131na, onun m\u0259d\u0259ni irsin\u0259 qar\u015f\u0131 apar\u0131lan soyq\u0131r\u0131m\u0131na bir cavabd\u0131r v\u0259 m\u0259d\u0259ni irsin b\u0259rpas\u0131 istiqam\u0259tind\u0259 daha bir \u0259h\u0259miyy\u0259tli vasit\u0259dir.<\/p>\n<p>N\u0259\u015frd\u0259 \u0130slam d\u00f6vr\u00fc abid\u0259l\u0259ri \u00fcz\u0259rind\u0259ki epiqrafik yaz\u0131lara \u0259sas\u0259n Qaraba\u011fda ya\u015fay\u0131b f\u0259aliyy\u0259t g\u00f6st\u0259r\u0259n alim, memar, naqqa\u015f, x\u0259ttat v\u0259 sufi \u015feyxl\u0259rin, Qaraba\u011f memarl\u0131q m\u0259kt\u0259binin banil\u0259rinin adlar\u0131 \u00e7\u0259kilir. Qaraba\u011f\u0131n \u0259srl\u0259r boyu b\u0259nz\u0259rsiz s\u0259n\u0259t \u0259s\u0259rl\u0259rini yaradan istedadl\u0131 s\u0259n\u0259tkarlar\u0131, onlar\u0131 yeti\u015fdir\u0259n s\u0259n\u0259tkarl\u0131q m\u0259kt\u0259bl\u0259ri haqq\u0131nda geni\u015f m\u0259lumat verilir. Bununla yana\u015f\u0131, kitabda Qaraba\u011f \u0259d\u0259bi m\u00fchitinin formala\u015fmas\u0131ndan, g\u00f6rk\u0259mli \u0259dib, \u015fair, yaz\u0131\u00e7\u0131lar\u0131n, m\u00fct\u0259f\u0259kkirl\u0259rin, musiqi\u00e7il\u0259rin h\u0259yat v\u0259 yarad\u0131c\u0131l\u0131\u011f\u0131ndan da b\u0259hs olunur. Kitabda, h\u0259m\u00e7inin ilk insan m\u0259sk\u0259nl\u0259rind\u0259n biri kimi Qaraba\u011f\u0131n ad\u0131 \u00e7\u0259kilir v\u0259 onun tarixi, numizmatikas\u0131, epiqrafik abid\u0259l\u0259ri, xal\u00e7a\u00e7\u0131l\u0131q m\u0259kt\u0259bi, dulus\u00e7uluq, milli geyiml\u0259r, b\u0259dii v\u0259 zin\u0259t \u0259\u015fyalar\u0131, \u0259d\u0259bi m\u00fchit, musiqi v\u0259 teatr\u0131 haqq\u0131nda geni\u015f m\u0259lumatlar verilib.<\/p>\n<p>Tarixi \u0259s\u0259rd\u0259 insan h\u0259yat\u0131nda \u00f6n\u0259mli faktor olan pulaq\u0259d\u0259rki m\u00fcbadil\u0259 vasit\u0259l\u0259rinin n\u00f6vl\u0259ri, eynil\u0259 \u0259razid\u0259 ya\u015fayan yerli tayfalar\u0131n dig\u0259r xalqlarla iqtisadi-m\u0259d\u0259ni m\u00fcnasib\u0259tl\u0259rinin inki\u015faf\u0131 haqq\u0131nda m\u0259lumat verilib.<\/p>\n<p>Kitabda Qaraba\u011f\u0131n q\u0259dim d\u00f6vrl\u0259rd\u0259n b\u0259ri, \u0259srl\u0259r boyunca b\u0259nz\u0259rsiz s\u0259n\u0259t \u0259s\u0259rl\u0259rini yaradan istedadl\u0131 s\u0259n\u0259tkarlar\u0131, onlar\u0131 yeti\u015fdir\u0259n s\u0259n\u0259tkarl\u0131q m\u0259kt\u0259bl\u0259ri haqq\u0131nda geni\u015f b\u0259hs olunub.<\/p>\n<p>Qeyd ed\u0259k ki, \u201cQaraba\u011f \u2013 tarixi-m\u0259d\u0259ni irsimizd\u0259n\u201d adl\u0131 n\u0259fis \u0259s\u0259rd\u0259, h\u0259m\u00e7inin 44 g\u00fcnl\u00fck haqq sava\u015f\u0131m\u0131z\u0131n t\u0259f\u0259rr\u00fcatlar\u0131 da \u0259ks olunub v\u0259 bu \u0259s\u0259r erm\u0259ni vandallar\u0131 t\u0259r\u0259find\u0259n Qaraba\u011fda Az\u0259rbaycan xalq\u0131n\u0131n m\u0259d\u0259ni irsin\u0259 edil\u0259n soyq\u0131r\u0131m\u0131na qar\u015f\u0131 bir cavabd\u0131r v\u0259 m\u0259d\u0259ni irsin b\u0259rpas\u0131 istiqam\u0259tind\u0259 yard\u0131m\u00e7\u0131 v\u0259sait ola bil\u0259r.<\/p>\n","protected":false},"excerpt":{"rendered":"<p>\u201cQaraba\u011f \u2013 tarixi-m\u0259d\u0259ni irsimizd\u0259n\u201d kitab\u0131n t\u0259qdimat\u0131 olub &#8220;\u0130NFONEWS&#8221; x\u0259b\u0259r verir. \u201c\u0130\u00e7\u0259ri\u015f\u0259h\u0259r\u201d D\u00f6vl\u0259t Tarix-Memarl\u0131q Qoru\u011fu \u0130dar\u0259sind\u0259 \u201cQaraba\u011f \u2013 tarixi-m\u0259d\u0259ni irsimizd\u0259n\u201d adl\u0131 kitab\u0131n t\u0259qdimat m\u0259rasimi ke\u00e7irilib. \u201cKitabda Az\u0259rbaycan\u0131n v\u0259 \u00fcmumiyy\u0259tl\u0259, b\u0259\u015f\u0259riyy\u0259tin \u0259n&hellip; <\/p>\n","protected":false},"author":14,"featured_media":17142,"comment_status":"open","ping_status":"open","sticky":false,"template":"","format":"standard","meta":{"_mi_skip_tracking":false,"_monsterinsights_sitenote_active":false,"_monsterinsights_sitenote_note":"","_monsterinsights_sitenote_category":0,"footnotes":""},"categories":[4,10,11],"tags":[5342,15,4519,6162],"aioseo_notices":[],"_links":{"self":[{"href":"https:\/\/infonews.az\/index.php?rest_route=\/wp\/v2\/posts\/17141"}],"collection":[{"href":"https:\/\/infonews.az\/index.php?rest_route=\/wp\/v2\/posts"}],"about":[{"href":"https:\/\/infonews.az\/index.php?rest_route=\/wp\/v2\/types\/post"}],"author":[{"embeddable":true,"href":"https:\/\/infonews.az\/index.php?rest_route=\/wp\/v2\/users\/14"}],"replies":[{"embeddable":true,"href":"https:\/\/infonews.az\/index.php?rest_route=%2Fwp%2Fv2%2Fcomments&post=17141"}],"version-history":[{"count":3,"href":"https:\/\/infonews.az\/index.php?rest_route=\/wp\/v2\/posts\/17141\/revisions"}],"predecessor-version":[{"id":17145,"href":"https:\/\/infonews.az\/index.php?rest_route=\/wp\/v2\/posts\/17141\/revisions\/17145"}],"wp:featuredmedia":[{"embeddable":true,"href":"https:\/\/infonews.az\/index.php?rest_route=\/wp\/v2\/media\/17142"}],"wp:attachment":[{"href":"https:\/\/infonews.az\/index.php?rest_route=%2Fwp%2Fv2%2Fmedia&parent=17141"}],"wp:term":[{"taxonomy":"category","embeddable":true,"href":"https:\/\/infonews.az\/index.php?rest_route=%2Fwp%2Fv2%2Fcategories&post=17141"},{"taxonomy":"post_tag","embeddable":true,"href":"https:\/\/infonews.az\/index.php?rest_route=%2Fwp%2Fv2%2Ftags&post=17141"}],"curies":[{"name":"wp","href":"https:\/\/api.w.org\/{rel}","templated":true}]}}