{"id":17204,"date":"2022-02-23T18:24:14","date_gmt":"2022-02-23T14:24:14","guid":{"rendered":"https:\/\/infonews.az\/?p=17204"},"modified":"2022-02-24T12:31:23","modified_gmt":"2022-02-24T08:31:23","slug":"ilham-%c9%99liyev-%c9%99rdoganla-ukrayna-m%c9%99s%c9%99l%c9%99sini-muzakir%c9%99-etdi","status":"publish","type":"post","link":"https:\/\/infonews.az\/?p=17204","title":{"rendered":"\u0130lham \u018fliyev \u018frdo\u011fanla Ukrayna m\u0259s\u0259l\u0259sini m\u00fczakir\u0259 etdi"},"content":{"rendered":"<p><span style=\"color: #ffffff;\"><strong>\u0130lham \u018fliyev \u018frdo\u011fanla Ukrayna m\u0259s\u0259l\u0259sini m\u00fczakir\u0259 etdi<\/strong><\/span><\/p>\n<p><a href=\"https:\/\/infonews.az\/?p=17204\"><strong><span style=\"color: #ff0000;\">&#8220;\u0130NFONEWS&#8221;<\/span><\/strong><\/a> x\u0259b\u0259r verir.<\/p>\n<p><strong>Az\u0259rbaycan Prezidenti \u0130lham \u018fliyev v\u0259 T\u00fcrkiy\u0259 Prezidenti R\u0259c\u0259b Tayyib \u018frdo\u011fan aras\u0131nda telefon dan\u0131\u015f\u0131\u011f\u0131 ba\u015f tutub.<\/strong><\/p>\n<p>Bu bar\u0259d\u0259 \u201cHaber Global\u201d T\u00fcrkiy\u0259 Prezident Administrasiyas\u0131n\u0131n Kommunikasiya \u0130dar\u0259sin\u0259 istinad\u0259n m\u0259lumat yay\u0131b.<\/p>\n<p>Telefon s\u00f6hb\u0259tind\u0259 T\u00fcrkiy\u0259-Az\u0259rbaycan \u0259m\u0259kda\u015fl\u0131\u011f\u0131n\u0131n inki\u015faf\u0131na y\u00f6n\u0259lmi\u015f m\u0259qamlar, h\u0259m\u00e7inin Erm\u0259nistanla m\u00fcnasib\u0259tl\u0259r v\u0259 Rusiya-Ukrayna b\u00f6hran\u0131 ba\u015fda olmaqla regional m\u0259s\u0259l\u0259l\u0259r m\u00fczakir\u0259 olunub.<\/p>\n<p>Liderl\u0259r s\u00f6hb\u0259t zaman\u0131 ikit\u0259r\u0259fli m\u00fcnasib\u0259tl\u0259r v\u0259 regional m\u0259s\u0259l\u0259l\u0259rd\u0259 koordinasiyal\u0131 \u015f\u0259kild\u0259 h\u0259r\u0259k\u0259t etm\u0259k q\u0259rarl\u0131l\u0131qlar\u0131n\u0131 bir daha t\u0259sdiql\u0259yibl\u0259r.<\/p>\n","protected":false},"excerpt":{"rendered":"<p>\u0130lham \u018fliyev \u018frdo\u011fanla Ukrayna m\u0259s\u0259l\u0259sini m\u00fczakir\u0259 etdi &#8220;\u0130NFONEWS&#8221; x\u0259b\u0259r verir. Az\u0259rbaycan Prezidenti \u0130lham \u018fliyev v\u0259 T\u00fcrkiy\u0259 Prezidenti R\u0259c\u0259b Tayyib \u018frdo\u011fan aras\u0131nda telefon dan\u0131\u015f\u0131\u011f\u0131 ba\u015f tutub. Bu bar\u0259d\u0259 \u201cHaber Global\u201d T\u00fcrkiy\u0259&hellip; <\/p>\n","protected":false},"author":14,"featured_media":17205,"comment_status":"open","ping_status":"open","sticky":false,"template":"","format":"standard","meta":{"_mi_skip_tracking":false,"_monsterinsights_sitenote_active":false,"_monsterinsights_sitenote_note":"","_monsterinsights_sitenote_category":0,"footnotes":""},"categories":[4,6,11],"tags":[473,15,4713,172],"aioseo_notices":[],"_links":{"self":[{"href":"https:\/\/infonews.az\/index.php?rest_route=\/wp\/v2\/posts\/17204"}],"collection":[{"href":"https:\/\/infonews.az\/index.php?rest_route=\/wp\/v2\/posts"}],"about":[{"href":"https:\/\/infonews.az\/index.php?rest_route=\/wp\/v2\/types\/post"}],"author":[{"embeddable":true,"href":"https:\/\/infonews.az\/index.php?rest_route=\/wp\/v2\/users\/14"}],"replies":[{"embeddable":true,"href":"https:\/\/infonews.az\/index.php?rest_route=%2Fwp%2Fv2%2Fcomments&post=17204"}],"version-history":[{"count":1,"href":"https:\/\/infonews.az\/index.php?rest_route=\/wp\/v2\/posts\/17204\/revisions"}],"predecessor-version":[{"id":17206,"href":"https:\/\/infonews.az\/index.php?rest_route=\/wp\/v2\/posts\/17204\/revisions\/17206"}],"wp:featuredmedia":[{"embeddable":true,"href":"https:\/\/infonews.az\/index.php?rest_route=\/wp\/v2\/media\/17205"}],"wp:attachment":[{"href":"https:\/\/infonews.az\/index.php?rest_route=%2Fwp%2Fv2%2Fmedia&parent=17204"}],"wp:term":[{"taxonomy":"category","embeddable":true,"href":"https:\/\/infonews.az\/index.php?rest_route=%2Fwp%2Fv2%2Fcategories&post=17204"},{"taxonomy":"post_tag","embeddable":true,"href":"https:\/\/infonews.az\/index.php?rest_route=%2Fwp%2Fv2%2Ftags&post=17204"}],"curies":[{"name":"wp","href":"https:\/\/api.w.org\/{rel}","templated":true}]}}