{"id":17214,"date":"2022-02-24T13:09:58","date_gmt":"2022-02-24T09:09:58","guid":{"rendered":"https:\/\/infonews.az\/?p=17214"},"modified":"2022-02-24T15:46:12","modified_gmt":"2022-02-24T11:46:12","slug":"tarixi-q%c9%99l%c9%99b%c9%99mizi-bel%c9%99-yasadiriq-m%c9%99rk%c9%99zi-elmi-kitabxana","status":"publish","type":"post","link":"https:\/\/infonews.az\/?p=17214","title":{"rendered":"\u201cTAR\u0130X\u0130 Q\u018fL\u018fB\u018fM\u0130Z\u0130 BEL\u018f YA\u015eADIRIQ\u201d- M\u0259rk\u0259zi  Elmi K\u0130tabxana"},"content":{"rendered":"<p><span style=\"color: #ffffff;\"><strong>\u201cTAR\u0130X\u0130 Q\u018fL\u018fB\u018fM\u0130Z\u0130 BEL\u018f YA\u015eADIRIQ\u201d- M\u0259rk\u0259zi\u00a0 Elmi K\u0130tabxana<\/strong><\/span><\/p>\n<p style=\"text-align: right;\"><strong>S\u0259yyar\u0259 M\u0259mm\u0259dova <\/strong><\/p>\n<p style=\"text-align: right;\"><strong>Az\u0259rbaycan Milli Elml\u0259r Akademiyas\u0131n\u0131n (AMEA)\u00a0<\/strong><strong>M\u0259rk\u0259zi Elmi Kitabxanas\u0131n\u0131n (MEK)\u00a0<\/strong><strong>&#8220;\u0130nnovativ layih\u0259l\u0259r v\u0259 metodiki t\u0259minat&#8221; \u015f\u00f6b\u0259si<\/strong><strong>nin m\u00fcdir<\/strong><strong>i\u00a0<\/strong><\/p>\n<p style=\"text-align: center;\"><strong>M\u0259rk\u0259zi\u00a0 Elmi Kitabxana<\/strong><strong>da tarixi q\u0259l\u0259b\u0259mizi bel\u0259 ya\u015fad\u0131r\u0131q<\/strong><\/p>\n<p>Az\u0259rbaycan d\u00f6vl\u0259ti II Qaraba\u011f m\u00fcharib\u0259sini tarixi q\u0259l\u0259b\u0259 il\u0259 ba\u015fa vurdu. Bu z\u0259f\u0259r Az\u0259rbaycan xalq\u0131n\u0131n tarixin\u0259 \u015f\u0259r\u0259f v\u0259 q\u0259hr\u0259manl\u0131q salnam\u0259si v\u0259 milli q\u00fcrurumuzun t\u0259nt\u0259n\u0259si kimi yaz\u0131ld\u0131. 44 g\u00fcn davam ed\u0259n d\u00f6y\u00fc\u015fl\u0259r v\u0259 qazan\u0131lm\u0131\u015f m\u00f6ht\u0259\u015f\u0259m q\u0259l\u0259b\u0259 Prezident \u0130lham \u018fliyevin yenilm\u0259z q\u0259tiyy\u0259tinin v\u0259 Ali Ba\u015f Komandan\u0131 oldu\u011fu g\u00fccl\u00fc ordunun q\u00fcdr\u0259tini v\u0259 xalq\u0131m\u0131z\u0131n birliyini s\u00fcbuta yetirdi. 30 illik nisgill\u0259 q\u0259lbimizd\u0259 ya\u015fatd\u0131\u011f\u0131m\u0131z yurd yerl\u0259rimizin qaytar\u0131lmas\u0131 milli h\u0259mr\u0259yliyimizin r\u0259mzin\u0259 \u00e7evrildi.<\/p>\n<blockquote><p><strong>Xalq\u0131m\u0131z bir yumruq kimi birl\u0259\u015f\u0259r\u0259k \u00f6z haqq\u0131 v\u0259 \u00f6z torpaqlar\u0131 u\u011frunda m\u00fcbariz\u0259 aparmaq g\u00fcc\u00fcn\u00fc b\u00fct\u00fcn d\u00fcnyaya n\u00fcmayi\u015f etdirdi. Bu g\u00fcn h\u0259r bir az\u0259rbaycanl\u0131 qalib xalq\u0131n n\u00fcmay\u0259nd\u0259si olmaq hissini q\u0259lbind\u0259 q\u00fcrur v\u0259 qubar hissi il\u0259 da\u015f\u0131y\u0131r.<\/strong><\/p><\/blockquote>\n<p>Lakin t\u0259\u0259ss\u00fcf ki, m\u00fcharib\u0259l\u0259r itkisiz olmur. M\u00fcharib\u0259nin\u00a0 davam etdiyi g\u00fcnl\u0259rd\u0259 Az\u0259rbaycan\u0131n q\u0259lbi V\u0259t\u0259n \u00fc\u00e7\u00fcn d\u00f6y\u00fcn\u0259n igid o\u011fullar\u0131 \u00f6l\u00fcm\u00fcn g\u00f6z\u00fcn\u0259 dik baxaraq torpaq u\u011frunda \u015f\u0259hid oldular. \u015e\u0259hidlik zirv\u0259sin\u0259 ucalan h\u0259r bir Az\u0259rbaycan o\u011flunun xatir\u0259si xalq\u0131n \u00fcr\u0259yind\u0259 \u0259b\u0259di \u00fclvilik qazand\u0131.<\/p>\n<p>Az\u0259rbaycan d\u00f6vl\u0259ti v\u0259 Az\u0259rbaycan xalq\u0131 h\u0259r zaman bu igid \u00f6vladlar\u0131n\u0131n \u015f\u00fcca\u0259tini y\u00fcks\u0259k qiym\u0259tl\u0259ndir\u0259c\u0259k, Qaraba\u011f m\u00fcharib\u0259si q\u0259hr\u0259manlar\u0131n\u0131n xatir\u0259si daima uca tutulacaqd\u0131r.<\/p>\n<p>Bu sava\u015fda f\u0259rql\u0259n\u0259n, yurdumuzun m\u00fcdafi\u0259si u\u011frunda m\u00fcst\u0259sna q\u0259hr\u0259manl\u0131qlar g\u00f6st\u0259r\u0259n d\u00f6y\u00fc\u015f\u00e7\u00fcl\u0259rin m\u00fc\u0259yy\u0259n bir qismin\u0259 Az\u0259rbaycan Respublikas\u0131 Prezidentinin s\u0259r\u0259ncam\u0131 il\u0259 Milli Q\u0259hr\u0259man ad\u0131 verildi. Bu g\u00fcn Az\u0259rbaycanda 211 n\u0259f\u0259r bu \u015f\u0259r\u0259fli ad\u0131 da\u015f\u0131y\u0131r. T\u0259\u0259ss\u00fcf ki, onlar\u0131n yaln\u0131z on s\u0259kkiz n\u0259f\u0259ri h\u0259yatdad\u0131r, dig\u0259rl\u0259ri is\u0259 V\u0259t\u0259nimizin b\u00fct\u00f6vl\u00fcy\u00fc u\u011frunda m\u00fcharib\u0259d\u0259 q\u0259hr\u0259mancas\u0131na h\u0259lak olmu\u015flar. Amma onlar\u0131n \u00f6vladlar\u0131, h\u0259yat yolda\u015flar\u0131, valideynl\u0259ri, yax\u0131nlar\u0131 torpaq u\u011frunda can\u0131ndan ke\u00e7mi\u015f V\u0259t\u0259n o\u011fullar\u0131n\u0131n xatir\u0259sini ya\u015fad\u0131r. D\u00f6vl\u0259timiz bu q\u0259hr\u0259manlara v\u0259 onlar\u0131n ail\u0259 \u00fczvl\u0259rin\u0259 daima qay\u011f\u0131 g\u00f6st\u0259rir.<\/p>\n<p>44 g\u00fcn \u0259rzind\u0259 davam ed\u0259n V\u0259t\u0259n m\u00fcharib\u0259sind\u0259 qazan\u0131lm\u0131\u015f \u015fanl\u0131 z\u0259f\u0259ri biz\u0259 b\u0259x\u015f ed\u0259n \u015f\u0259hidl\u0259rin xatir\u0259sini \u0259b\u0259dil\u0259\u015fdirm\u0259k, onlar\u0131n ruhunu ehtiramla yad etm\u0259k h\u0259r birimizin borcudur. Bu q\u0259l\u0259b\u0259ni qazananlar\u0131n xatir\u0259sini ya\u015fatmaq m\u0259qs\u0259dil\u0259 \u00f6lk\u0259mizd\u0259 ist\u0259r sosial-iqtisadi, ist\u0259rs\u0259 d\u0259 elm-t\u0259hsil v\u0259 m\u0259d\u0259niyy\u0259t sah\u0259l\u0259rind\u0259 bir s\u0131ra layih\u0259l\u0259r h\u0259yata ke\u00e7irilir.<\/p>\n<p>\u015e\u0259hidl\u0259rin xatir\u0259sini ya\u015fatmaq v\u0259 onlar\u0131n V\u0259t\u0259n u\u011frunda g\u00f6st\u0259rdikl\u0259ri\u00a0 \u015f\u00fcca\u0259t v\u0259 f\u0259dakarl\u0131\u011f\u0131 g\u0259l\u0259c\u0259k n\u0259sill\u0259r\u0259 \u00e7atd\u0131rmaq m\u0259qs\u0259di il\u0259 Az\u0259rbaycan Milli Elml\u0259r Akademiyas\u0131n\u0131n M\u0259rk\u0259zi Elmi Kitabxanas\u0131nda da bir s\u0131ra m\u00fch\u00fcm i\u015fl\u0259r g\u00f6r\u00fclm\u00fc\u015f, silsil\u0259 t\u0259dbirl\u0259r h\u0259yata ke\u00e7irilmi\u015fdir.<\/p>\n<p>Bu bax\u0131mdan Az\u0259rbaycan Milli Elml\u0259r Akademiyas\u0131n\u0131n (AMEA) M\u0259rk\u0259zi Elmi Kitabxanas\u0131nda (MEK) \u201cQaraba\u011f M\u00fcharib\u0259si Q\u0259hr\u0259manlar\u0131 Fondu\u201dnun yarad\u0131lmas\u0131 \u015f\u0259hidl\u0259rimizin xatir\u0259sin\u0259 sonsuz ehtiram\u0131n bariz n\u00fcmun\u0259sidir. Burada Birinci v\u0259 \u0130kinci Qaraba\u011f m\u00fcharib\u0259sinin i\u015ftirak\u00e7\u0131lar\u0131 haqq\u0131nda bioqrafik m\u0259lumatlar toplan\u0131l\u0131r. Eyni zamanda ictimaiyy\u0259tin V\u0259t\u0259n m\u00fcharib\u0259si \u015f\u0259hidl\u0259ri haqq\u0131nda kifay\u0259t q\u0259d\u0259r dol\u011fun m\u0259lumatland\u0131r\u0131lmas\u0131n\u0131 t\u0259min etm\u0259k v\u0259 g\u0259nc n\u0259sl\u0259 v\u0259t\u0259np\u0259rv\u0259rlik t\u0259rbiy\u0259sinin a\u015f\u0131lanmas\u0131 m\u0259qs\u0259di il\u0259 fond t\u0259r\u0259find\u0259n ard\u0131c\u0131l v\u0259 davaml\u0131 t\u0259dbirl\u0259r h\u0259yata ke\u00e7irilir.<\/p>\n<p>MEK-d\u0259 h\u0259m d\u0259 V\u0259t\u0259n m\u00fcharib\u0259si \u015f\u0259hidl\u0259rinin \u015f\u0259xsi kitabxanas\u0131ndan kitablar toplanm\u0131\u015fd\u0131r. \u00d6lm\u0259z V\u0259t\u0259n o\u011fullar\u0131n\u0131n xatir\u0259sini \u00f6z\u00fcnd\u0259 ya\u015fadan, s\u0259hif\u0259l\u0259rin\u0259 sonuncu d\u0259f\u0259 m\u0259sum \u015f\u0259hid \u0259ll\u0259ri toxunmu\u015f bu kitablar kitabxanada m\u00fcq\u0259dd\u0259slik v\u0259 toxunulmazl\u0131q qazanm\u0131\u015f x\u00fcsusi eksponat kimi qorunur. Burada \u015f\u0259hid general Polad H\u0259\u015fimovun \u201cAz\u0259rbaycan VII-IX \u0259srl\u0259rd\u0259\u201d (Z.B\u00fcnyadov), \u015f\u0259hid polkovnik Bab\u0259k S\u0259midlinin \u201cAbdulhamidin ak\u0131l oyunlar\u0131\u201d, \u015f\u0259hid polkovnik-leytenant Anar \u018fliyevin \u201c\u0130gid \u00f6l\u0259r ad\u0131 qalar\u201d, dig\u0259r \u015f\u0259hidl\u0259rimizd\u0259n F\u0259rhad Rzazad\u0259nin \u201cBala B\u0259hm\u0259nlinin b\u00f6y\u00fck tarixi\u201d, Ayxan M\u0259mm\u0259dovun \u201cPolad H\u0259\u015fimov xatir\u0259l\u0259rd\u0259\u201d, Ziyadxan \u018fliyevin \u201c(\u00c7.Y\u0131lmaz) B\u00f6r\u00fc. Yenid\u0259n dirili\u015fin v\u0259 intikam\u0131n kitab\u0131\u201d, Mikay\u0131l Vahabzad\u0259nin \u201cErm\u0259nistan Az\u0259rbaycanl\u0131lar\u0131 v\u0259 onlar\u0131n ac\u0131 taleyi\u201d, Sahil M\u0259mm\u0259dovun \u201cPar\u00e7alanm\u0131\u015f mill\u0259tin haray\u0131\u201d, \u201cM\u00fcbariz \u0130brahimov haqq\u0131nda roman\u201d, Ayxan M\u0259mm\u0259dovun \u201cGeneral Polad Ha\u015f\u0131mov xatir\u0259l\u0259rd\u0259\u201d, Bilal Q\u0259nb\u0259rovun \u201c(E.G\u00fcn\u0259\u015f) Unutmad\u0131q \u015f\u0259hidim\u201d v\u0259 s. kitablar\u0131 toplanm\u0131\u015fd\u0131r. Bu kitablar\u0131n m\u0259zmununu ara\u015fd\u0131rd\u0131qda bizim \u00fc\u00e7\u00fcn bir h\u0259qiq\u0259t ayd\u0131n olur; g\u0259ncl\u0259rin v\u0259t\u0259nini sev\u0259n, onun yolunda can\u0131ndan ke\u00e7m\u0259y\u0259 haz\u0131r olan v\u0259t\u0259nda\u015flar kimi formala\u015fmas\u0131nda m\u0259hz kitablar vasit\u0259sil\u0259 \u2013 \u0259d\u0259bi \u0259s\u0259rl\u0259r vasit\u0259sil\u0259 apar\u0131lan v\u0259t\u0259np\u0259rv\u0259rlik t\u0259bli\u011fat\u0131n\u0131n rolu dan\u0131lmazd\u0131r. Bu s\u0259b\u0259bd\u0259n d\u0259 Qaraba\u011f V\u0259t\u0259n m\u00fcharib\u0259sind\u0259ki z\u0259f\u0259rin memar\u0131 olan g\u0259ncl\u0259rimizin ke\u00e7diyi \u015f\u0259r\u0259f yolunun ara\u015fd\u0131r\u0131laraq t\u0259bli\u011f edilm\u0259sind\u0259, g\u0259l\u0259c\u0259k n\u0259sill\u0259r\u0259 \u00e7atd\u0131r\u0131lmas\u0131nda v\u0259 yeni n\u0259sill\u0259rin v\u0259t\u0259np\u0259rv\u0259r, m\u0259rd, c\u0259sur, c\u0259miyy\u0259t\u0259 yararl\u0131 v\u0259t\u0259nda\u015flar kimi formala\u015fmas\u0131nda kitabxanalar t\u0259r\u0259find\u0259n apar\u0131lan t\u0259bli\u011fat i\u015fl\u0259ri olduqca m\u00fch\u00fcm \u0259h\u0259miyy\u0259t\u0259 malikdir.<\/p>\n<p>2021-ci il 17-19 iyun tarixl\u0259rind\u0259 is\u0259 T\u00fcrkiy\u0259 Respublikas\u0131n\u0131n M\u0259d\u0259niyy\u0259t v\u0259 Turizm Nazirliyinin tabeliyind\u0259 olan \u201c\u0130qtisadi \u0130nki\u015faf v\u0259 Sosial T\u0259dqiqatlar \u0130nstitutu\u201dnun (\u0130KSAD) r\u0259hb\u0259rliyi v\u0259 AMEA-n\u0131n M\u0259rk\u0259zi Elmi Kitabxanas\u0131, Folklor \u0130nstitutu, Nizami G\u0259nc\u0259vi ad\u0131na \u018fd\u0259biyyat \u0130nstitutu, Qafqaz\u015f\u00fcnasl\u0131q \u0130nstitutu, N\u0259simi ad\u0131na Dil\u00e7ilik \u0130nstitutu, h\u0259m\u00e7inin Az\u0259rbaycan D\u00f6vl\u0259t Pedaqoji Universitetinin h\u0259mt\u0259\u015fkilat\u00e7\u0131l\u0131\u011f\u0131 il\u0259 I Beyn\u0259lxalq Qaraba\u011f \u201cSosial v\u0259 humanitar elml\u0259rd\u0259 m\u00fcasir ara\u015fd\u0131rmalar konqresi\u201d (Karaba\u011f Uluslararas\u0131 Sosyal ve Be\u015feri Bilimlerde Modern Ara\u015ft\u0131rmalar Kongresi) ke\u00e7irilmi\u015fdir. MEK-in \u0259m\u0259kda\u015flar\u0131 bu konfransda Qaraba\u011f m\u00f6vzusuna h\u0259sr olunmu\u015f elmi ara\u015fd\u0131rmalar\u0131 il\u0259 i\u015ftirak etmi\u015fl\u0259r. Ba\u015f direktor professor M\u0259mm\u0259d \u018fliyevin \u201cQ\u0259l\u0259b\u0259nin f\u0259ls\u0259f\u0259si\u201d, MEK-in icra\u00e7\u0131 direktoru, dosent \u015e\u0259hla Tahirq\u0131z\u0131n\u0131n \u201cAz\u0259rbaycan\u0131n elmi jurnallar\u0131nda Da\u011fl\u0131q Qaraba\u011f m\u00fcnaqi\u015f\u0259sinin ara\u015fd\u0131r\u0131lmas\u0131na dair\u201d, S\u0259n\u0259dl\u0259rl\u0259 i\u015f \u015f\u00f6b\u0259sinin m\u00fcdiri, h.\u00fc.f.d Reyhan C\u0259f\u0259rovan\u0131n \u201cQaraba\u011fda Erm\u0259nistan t\u0259r\u0259find\u0259n t\u00f6r\u0259dil\u0259n cinay\u0259tl\u0259rin h\u00fcquqi t\u0259hlili\u201d, \u0130nnovativ layih\u0259l\u0259r v\u0259 metodik t\u0259minat \u015f\u00f6b\u0259sinin m\u00fcdiri S\u0259yyar\u0259 M\u0259mm\u0259dovan\u0131n \u201cMir M\u00f6hs\u00fcn N\u0259vvab\u0131n Qaraba\u011fda kitab m\u0259d\u0259niyy\u0259tinin formala\u015fmas\u0131nda rolu\u201d, \u0259m\u0259kda\u015flardan \u015e\u0259lal\u0259 Quliyevan\u0131n \u201cV\u0259t\u0259n m\u00fcharib\u0259si d\u00f6vr\u00fcnd\u0259 Az\u0259rbaycan radiojurnalistikas\u0131nda ifad\u0259 vasit\u0259l\u0259ri\u201d, G\u00fcnel \u018fh\u0259dovan\u0131n \u201cMilli h\u0259mr\u0259ylik-q\u0259l\u0259b\u0259mizi \u015f\u0259rtl\u0259ndir\u0259n \u0259sas amill\u0259rd\u0259n biridir\u201d, Mahir\u0259 \u018fzizovan\u0131n \u201cErm\u0259nistan-Az\u0259rbaycan Da\u011fl\u0131q Qaraba\u011f M\u00fcnaqi\u015f\u0259sinin m\u00fcasir fazas\u0131: 4 g\u00fcnl\u00fck m\u00fcharib\u0259 (2-5 aprel 2016-c\u0131 il), S\u0259id\u0259 \u018fsg\u0259rovan\u0131n \u201cQaraba\u011f etnotoponiml\u0259rind\u0259 q\u0259dim t\u00fcrk elementl\u0259ri\u201d, Nigar A\u011fayevan\u0131n \u201cQaraba\u011f m\u00fcnaqi\u015f\u0259sinin tarixi\u201d, H\u0259bib\u0259 \u018fliyevan\u0131n \u201cQaraba\u011f a\u015f\u0131q musiqisi\u201d, Dinara Ba\u011f\u0131yevan\u0131n \u201c\u018fd\u0259biyyatda Qaraba\u011f m\u00fcharib\u0259si\u201d, Af\u0259t M\u0259mm\u0259dovan\u0131n \u201cD\u0259rslikl\u0259rd\u0259 Qaraba\u011f m\u00f6vzusu (tam orta t\u0259hsil s\u0259viyy\u0259sind\u0259 Az\u0259rbaycan b\u00f6lm\u0259si \u00fczr\u0259 II-XI sinifl\u0259rd\u0259 t\u0259dris olunan d\u0259rslikl\u0259r \u0259sas\u0131nda)\u201d, X\u0259yal\u0259 M\u0259mm\u0259dlinin &#8220;Qaraba\u011fda demoqrafiq v\u0259ziyy\u0259t: Ger\u00e7\u0259klik v\u0259 erm\u0259ni yalanlar\u0131n\u0131n if\u015fas\u0131&#8221;, R\u00f6v\u015f\u0259n M\u0259mm\u0259dlinin &#8220;\u015eu\u015fa \u015f\u0259h\u0259rinin tarixi g\u00f6rk\u0259minin b\u0259rpas\u0131n\u0131n Rusiya D\u00f6vl\u0259t H\u0259rbi Tarix Arxivinin materiallar\u0131 \u0259sas\u0131nda edilm\u0259sinin t\u0259hlili&#8221;, \u015e\u0259f\u0259q \u018fliyevan\u0131n &#8220;Qaraba\u011f: folklor da bir tarixdir\u201d toplusu milli-m\u0259n\u0259vi irsimizin d\u0259y\u0259rli n\u00fcmun\u0259si kimi&#8221; elmi m\u0259qal\u0259l\u0259ri konfransda maraqla dinl\u0259nilmi\u015fdir.<\/p>\n<p>Bundan \u0259lav\u0259, h\u0259rbi hiss\u0259l\u0259rd\u0259 \u0259sg\u0259r v\u0259 zabit hey\u0259tinin asud\u0259 vaxtlar\u0131n\u0131n s\u0259m\u0259r\u0259li t\u0259\u015fkili, \u015f\u0259hid v\u0259 qazi ail\u0259l\u0259ri il\u0259 daimi olaraq qar\u015f\u0131l\u0131ql\u0131 diskussiyan\u0131 t\u0259min etm\u0259k m\u0259qs\u0259dil\u0259 M\u00fcdafi\u0259 Nazirliyinin d\u0259st\u0259yi il\u0259 \u201c\u0130nnovativ T\u0259\u015f\u0259bb\u00fcsl\u0259r\u201d \u0130ctimai Birliyi t\u0259r\u0259find\u0259n h\u0259yata ke\u00e7iril\u0259n \u201cOxu-qazan\u201d layih\u0259sin\u0259 MEK-in fondundan 11 adda 30-a yax\u0131n kitab h\u0259diyy\u0259 edilmi\u015fdir.<\/p>\n<p>Q\u0131rx d\u00f6rd g\u00fcnl\u00fck V\u0259t\u0259n m\u00fcharib\u0259si g\u00fcnl\u0259rind\u0259 ba\u015f ver\u0259n tarixi hadis\u0259l\u0259rin \u2013 \u015fanl\u0131 z\u0259f\u0259rimizin g\u0259l\u0259c\u0259k n\u0259sill\u0259r\u0259 \u00e7atd\u0131r\u0131lmas\u0131 olduqca vacib v\u0259 \u0259h\u0259miyy\u0259tli m\u0259s\u0259l\u0259dir. Bu m\u0259qs\u0259dl\u0259 M\u0259rk\u0259zi Elmi Kitabxanan\u0131n t\u0259\u015f\u0259bb\u00fcs\u00fc il\u0259 n\u0259\u015fr\u0259 haz\u0131rlanm\u0131\u015f \u201cQ\u0131rx d\u00f6rd g\u00fcn\u00fcn salnam\u0259si: V\u0259t\u0259n m\u00fcharib\u0259si\u201d adl\u0131 kitab bu \u00e7\u0259r\u00e7iv\u0259d\u0259 g\u00f6r\u00fcl\u0259n d\u0259y\u0259rli i\u015fl\u0259rd\u0259n biri hesab oluna bil\u0259r. Yeni \u00e7ap olunmu\u015f n\u0259\u015frd\u0259 m\u00fcharib\u0259 g\u00fcnl\u0259rind\u0259 Qaraba\u011f problemin\u0259, \u00f6lk\u0259mizin haql\u0131 m\u00fcbariz\u0259sin\u0259, ordumuzun u\u011furlar\u0131na dair Az\u0259rbaycan, rus v\u0259 ingilis dill\u0259rind\u0259 d\u0259rc edilmi\u015f yaz\u0131lar toplanm\u0131\u015fd\u0131r. Topluya daxil olan h\u0259r bir yaz\u0131 xalq\u0131m\u0131z\u0131n V\u0259t\u0259n m\u00fcharib\u0259si g\u00fcnl\u0259rind\u0259 ke\u00e7irdiyi h\u0259y\u0259can\u0131, ya\u015fad\u0131\u011f\u0131 hissl\u0259ri, ke\u00e7irdiyi q\u00fcruru \u0259ks etdirdiyi kimi, c\u0259miyy\u0259timizin h\u0259r bir f\u0259rdinin \u00fcmummilli m\u0259s\u0259l\u0259l\u0259rd\u0259 Ali Ba\u015f Komandan\u0131n \u0259traf\u0131nda bir yumruq t\u0259k birl\u0259\u015fm\u0259sinin s\u00fcbutudur. MEK t\u0259r\u0259find\u0259n haz\u0131rlanm\u0131\u015f biblioqrafik g\u00f6st\u0259rici g\u0259l\u0259c\u0259kd\u0259 V\u0259t\u0259n m\u00fcharib\u0259sinin tarixini ara\u015fd\u0131racaq yerli v\u0259 xarici t\u0259dqiqat\u00e7\u0131lar \u00fc\u00e7\u00fcn m\u00fch\u00fcm m\u0259nb\u0259 olacaqd\u0131r.<\/p>\n<p>MEK-in \u0259m\u0259kda\u015flar\u0131 t\u0259r\u0259find\u0259n m\u00fct\u0259madi olaraq \u015e\u0259hidl\u0259r Xiyaban\u0131 ziyar\u0259t olunur. H\u0259m\u00e7inin, kitabxanan\u0131n \u0259m\u0259kda\u015flar\u0131 \u0130kinci Qaraba\u011f m\u00fcharib\u0259sind\u0259 f\u0259al i\u015ftirak etmi\u015f, torpaqlar\u0131m\u0131z\u0131n azadl\u0131\u011f\u0131 u\u011frunda ged\u0259n d\u00f6y\u00fc\u015fl\u0259rd\u0259 \u015f\u00fcca\u0259tl\u0259 d\u00f6y\u00fc\u015f\u0259r\u0259k \u015f\u0259hidlik zirv\u0259sin\u0259 ucalm\u0131\u015f o\u011fullar\u0131n ail\u0259l\u0259rini vaxta\u015f\u0131r\u0131 olaraq ziyar\u0259t edirl\u0259r.<\/p>\n<p><a href=\"https:\/\/az.wikipedia.org\/wiki\/Az%C9%99rbaycan_Prezidenti\">Prezident<\/a> <a href=\"https:\/\/az.wikipedia.org\/wiki\/%C4%B0lham_%C6%8Fliyev\">\u0130lham \u018fliyevin<\/a> 2020-ci il dekabr\u0131n 2-d\u0259 imzalad\u0131\u011f\u0131 \u201cAz\u0259rbaycan Respublikas\u0131nda An\u0131m G\u00fcn\u00fcn\u00fcn t\u0259sis edilm\u0259si haqq\u0131nda\u201d s\u0259r\u0259ncama \u0259sas\u0259n 27 sentyabr \u00f6lk\u0259mizd\u0259 \u201cAn\u0131m g\u00fcn\u00fc\u201d kimi qeyd edilir. \u00d6lm\u0259z \u015f\u0259hidl\u0259rimizin xatir\u0259sini \u0259b\u0259dil\u0259\u015fdirm\u0259k m\u0259qs\u0259dil\u0259 MEK-d\u0259 An\u0131m G\u00fcn\u00fcn\u0259 h\u0259sr olunmu\u015f\u00a0 x\u00fcsusi t\u0259dbir ke\u00e7irilmi\u015fdir. Eyni zamanda prezident \u0130lham \u018fliyevin dig\u0259r \u0259mri il\u0259 elan olunmu\u015f, 8 noyabr &#8220;Z\u0259f\u0259r g\u00fcn\u00fc&#8221; MEK-d\u0259 x\u00fcsusi t\u0259nt\u0259n\u0259 il\u0259 qeyd edilmi\u015fdir. H\u0259r iki t\u0259dbird\u0259 \u015f\u0259hid ail\u0259l\u0259rinin \u00fczvl\u0259ri, m\u00fcharib\u0259 i\u015ftirak\u00e7\u0131lar\u0131, AMEA-n\u0131n elmi-t\u0259dqiqat institutlar\u0131n\u0131n r\u0259hb\u0259r hey\u0259ti, elm xadiml\u0259ri v\u0259 K\u0130V n\u00fcmay\u0259nd\u0259l\u0259ri i\u015ftirak etmi\u015fl\u0259r.<\/p>\n<blockquote><p><strong>\u00dcmummilli lider Heyd\u0259r \u018fliyevin vur\u011fulad\u0131\u011f\u0131 kimi, ham\u0131m\u0131z\u0131n \u00fcmumi v\u0259zif\u0259miz xalq\u0131m\u0131zda v\u0259t\u0259np\u0259rv\u0259rlik, V\u0259t\u0259n torpa\u011f\u0131na, mill\u0259t\u0259 s\u0259daq\u0259t, v\u0259t\u0259n u\u011frunda \u015f\u0259hidliy\u0259 haz\u0131r olmaq hissl\u0259rini formala\u015fd\u0131rmaq, inki\u015faf etdirm\u0259k v\u0259 t\u0259bli\u011f etm\u0259kdir. V\u0259t\u0259np\u0259rv\u0259rlik t\u0259rbiy\u0259si \u00f6z V\u0259t\u0259nin\u0259 sevgi v\u0259 m\u0259h\u0259bb\u0259t hissinin, v\u0259t\u0259nda\u015f m\u0259suliyy\u0259tinin, h\u0259r an V\u0259t\u0259ninin v\u0259 xalq\u0131n\u0131n m\u00fcdafi\u0259sin\u0259 qalxma\u011fa haz\u0131rl\u0131\u011f\u0131n formala\u015fmas\u0131 \u00fc\u00e7\u00fcn olduqca vacibdir. Bu g\u00fcn M\u0259rk\u0259zi Elmi Kitabxanada d\u00f6vl\u0259tin g\u0259ncl\u0259r siyas\u0259tinin \u0259n m\u00fch\u00fcm istiqam\u0259tl\u0259rind\u0259n biri kimi, \u00f6lk\u0259mizd\u0259 g\u0259nc n\u0259slin v\u0259t\u0259np\u0259rv\u0259r ruhda t\u0259rbiy\u0259si diqq\u0259t m\u0259rk\u0259zind\u0259dir v\u0259 bu istiqam\u0259td\u0259 g\u00f6r\u00fcl\u0259n b\u00fct\u00fcn i\u015fl\u0259r V\u0259t\u0259n\u0259 v\u0259 d\u00f6vl\u0259t\u0259 ehtiram hissi il\u0259 h\u0259yata ke\u00e7irilm\u0259kd\u0259dir.<\/strong><\/p><\/blockquote>\n<p><a href=\"https:\/\/infonews.az\/?p=17214\"><span style=\"color: #ff0000;\"><strong>&#8220;\u0130NFONEWS&#8221;<\/strong><\/span><\/a><\/p>\n","protected":false},"excerpt":{"rendered":"<p>\u201cTAR\u0130X\u0130 Q\u018fL\u018fB\u018fM\u0130Z\u0130 BEL\u018f YA\u015eADIRIQ\u201d- M\u0259rk\u0259zi\u00a0 Elmi K\u0130tabxana S\u0259yyar\u0259 M\u0259mm\u0259dova Az\u0259rbaycan Milli Elml\u0259r Akademiyas\u0131n\u0131n (AMEA)\u00a0M\u0259rk\u0259zi Elmi Kitabxanas\u0131n\u0131n (MEK)\u00a0&#8220;\u0130nnovativ layih\u0259l\u0259r v\u0259 metodiki t\u0259minat&#8221; \u015f\u00f6b\u0259sinin m\u00fcdiri\u00a0 M\u0259rk\u0259zi\u00a0 Elmi Kitabxanada tarixi q\u0259l\u0259b\u0259mizi bel\u0259 ya\u015fad\u0131r\u0131q&hellip; <\/p>\n","protected":false},"author":14,"featured_media":17215,"comment_status":"open","ping_status":"open","sticky":false,"template":"","format":"standard","meta":{"_mi_skip_tracking":false,"_monsterinsights_sitenote_active":false,"_monsterinsights_sitenote_note":"","_monsterinsights_sitenote_category":0,"footnotes":""},"categories":[5373,10,11],"tags":[938,6183,15,6184],"aioseo_notices":[],"_links":{"self":[{"href":"https:\/\/infonews.az\/index.php?rest_route=\/wp\/v2\/posts\/17214"}],"collection":[{"href":"https:\/\/infonews.az\/index.php?rest_route=\/wp\/v2\/posts"}],"about":[{"href":"https:\/\/infonews.az\/index.php?rest_route=\/wp\/v2\/types\/post"}],"author":[{"embeddable":true,"href":"https:\/\/infonews.az\/index.php?rest_route=\/wp\/v2\/users\/14"}],"replies":[{"embeddable":true,"href":"https:\/\/infonews.az\/index.php?rest_route=%2Fwp%2Fv2%2Fcomments&post=17214"}],"version-history":[{"count":5,"href":"https:\/\/infonews.az\/index.php?rest_route=\/wp\/v2\/posts\/17214\/revisions"}],"predecessor-version":[{"id":17220,"href":"https:\/\/infonews.az\/index.php?rest_route=\/wp\/v2\/posts\/17214\/revisions\/17220"}],"wp:featuredmedia":[{"embeddable":true,"href":"https:\/\/infonews.az\/index.php?rest_route=\/wp\/v2\/media\/17215"}],"wp:attachment":[{"href":"https:\/\/infonews.az\/index.php?rest_route=%2Fwp%2Fv2%2Fmedia&parent=17214"}],"wp:term":[{"taxonomy":"category","embeddable":true,"href":"https:\/\/infonews.az\/index.php?rest_route=%2Fwp%2Fv2%2Fcategories&post=17214"},{"taxonomy":"post_tag","embeddable":true,"href":"https:\/\/infonews.az\/index.php?rest_route=%2Fwp%2Fv2%2Ftags&post=17214"}],"curies":[{"name":"wp","href":"https:\/\/api.w.org\/{rel}","templated":true}]}}