{"id":17319,"date":"2022-02-27T12:38:23","date_gmt":"2022-02-27T08:38:23","guid":{"rendered":"https:\/\/infonews.az\/?p=17319"},"modified":"2022-02-27T21:43:16","modified_gmt":"2022-02-27T17:43:16","slug":"ilham-%c9%99liyev-v%c9%99-mehriban-%c9%99liyeva-xocali-yurusun%c9%99-qatiliblar","status":"publish","type":"post","link":"https:\/\/infonews.az\/?p=17319","title":{"rendered":"\u0130lham \u018fliyev v\u0259 Mehriban \u018fliyeva &#8220;Xocal\u0131 y\u00fcr\u00fc\u015f\u00fc&#8221;n\u0259 qat\u0131l\u0131blar"},"content":{"rendered":"<p><span style=\"color: #ffffff;\"><strong>\u0130lham \u018fliyev v\u0259 Mehriban \u018fliyeva &#8220;Xocal\u0131 y\u00fcr\u00fc\u015f\u00fc&#8221;n\u0259 qat\u0131l\u0131blar<\/strong><\/span><\/p>\n<p><img loading=\"lazy\" decoding=\"async\" class=\"aligncenter size-full wp-image-17321\" src=\"https:\/\/infonews.az\/wp-content\/uploads\/2022\/02\/16458670182881635006_1000x669.jpg\" alt=\"\" width=\"1000\" height=\"657\" srcset=\"https:\/\/infonews.az\/wp-content\/uploads\/2022\/02\/16458670182881635006_1000x669.jpg?v=1660872898 1000w, https:\/\/infonews.az\/wp-content\/uploads\/2022\/02\/16458670182881635006_1000x669-300x197.jpg?v=1660872898 300w, https:\/\/infonews.az\/wp-content\/uploads\/2022\/02\/16458670182881635006_1000x669-768x505.jpg?v=1660872898 768w\" sizes=\"(max-width: 1000px) 100vw, 1000px\" \/><\/p>\n<p><a href=\"https:\/\/infonews.az\/?p=17319\"><strong><span style=\"color: #ff0000;\">&#8220;\u0130NFONEWS&#8221;<\/span><\/strong><\/a> x\u0259b\u0259r verir.<\/p>\n<p><strong>XX \u0259srd\u0259 b\u0259\u015f\u0259r tarixin\u0259 Xocal\u0131 soyq\u0131r\u0131m\u0131 kimi daxil olan qanl\u0131 faci\u0259nin 30-cu ild\u00f6n\u00fcm\u00fc il\u0259 \u0259laq\u0259dar Bak\u0131da \u00fcmumxalq y\u00fcr\u00fc\u015f\u00fc ke\u00e7irilib.<\/strong><\/p>\n<p>Az\u0259rbaycan Respublikas\u0131n\u0131n Prezidenti \u0130lham \u018fliyev v\u0259 birinci xan\u0131m Mehriban \u018fliyeva y\u00fcr\u00fc\u015fd\u0259 i\u015ftirak edibl\u0259r.<\/p>\n<p>Y\u00fcr\u00fc\u015f i\u015ftirak\u00e7\u0131lar\u0131 X\u0259tai rayonunda ucald\u0131lan Xocal\u0131 abid\u0259sinin yerl\u0259\u015fdiyi \u0259raziy\u0259 g\u0259ldil\u0259r.<\/p>\n<p>Prezident \u0130lham \u018fliyev Xocal\u0131 soyq\u0131r\u0131m\u0131 abid\u0259sinin \u00f6n\u00fcn\u0259 \u0259klil qoydu, faci\u0259 qurbanlar\u0131n\u0131n xatir\u0259sini ehtiramla yad etdi.<\/p>\n<p>Birinci xan\u0131m Mehriban \u018fliyeva, Ba\u015f nazir \u018fli \u018fs\u0259dov, Milli M\u0259clisin s\u0259dri Sahib\u0259 Qafarova, Prezident Administrasiyas\u0131n\u0131n r\u0259hb\u0259ri Samir Nuriyev abid\u0259nin \u00f6n\u00fcn\u0259 g\u00fcl d\u0259st\u0259l\u0259ri qoydular.<\/p>\n<p>Y\u00fcr\u00fc\u015fd\u0259 d\u00f6vl\u0259t v\u0259 h\u00f6kum\u0259t n\u00fcmay\u0259nd\u0259l\u0259ri, Milli M\u0259clisin deputatlar\u0131, nazirl\u0259r, komit\u0259, agentlik v\u0259 \u015firk\u0259t r\u0259hb\u0259rl\u0259ri, dini konfessiyalar\u0131n ba\u015f\u00e7\u0131lar\u0131 i\u015ftirak edibl\u0259r.<\/p>\n<p>\u00dcmumxalq y\u00fcr\u00fc\u015f\u00fcn\u00fcn i\u015ftirak\u00e7\u0131lar\u0131 abid\u0259nin \u00f6n\u00fcn\u0259 t\u0259r g\u00fcll\u0259r d\u00fczd\u00fcl\u0259r.<\/p>\n","protected":false},"excerpt":{"rendered":"<p>\u0130lham \u018fliyev v\u0259 Mehriban \u018fliyeva &#8220;Xocal\u0131 y\u00fcr\u00fc\u015f\u00fc&#8221;n\u0259 qat\u0131l\u0131blar &#8220;\u0130NFONEWS&#8221; x\u0259b\u0259r verir. XX \u0259srd\u0259 b\u0259\u015f\u0259r tarixin\u0259 Xocal\u0131 soyq\u0131r\u0131m\u0131 kimi daxil olan qanl\u0131 faci\u0259nin 30-cu ild\u00f6n\u00fcm\u00fc il\u0259 \u0259laq\u0259dar Bak\u0131da \u00fcmumxalq y\u00fcr\u00fc\u015f\u00fc ke\u00e7irilib.&hellip; <\/p>\n","protected":false},"author":14,"featured_media":17320,"comment_status":"open","ping_status":"open","sticky":false,"template":"","format":"standard","meta":{"_mi_skip_tracking":false,"_monsterinsights_sitenote_active":false,"_monsterinsights_sitenote_note":"","_monsterinsights_sitenote_category":0,"footnotes":""},"categories":[5373,4,11],"tags":[6207,6205,1008,962,15],"aioseo_notices":[],"_links":{"self":[{"href":"https:\/\/infonews.az\/index.php?rest_route=\/wp\/v2\/posts\/17319"}],"collection":[{"href":"https:\/\/infonews.az\/index.php?rest_route=\/wp\/v2\/posts"}],"about":[{"href":"https:\/\/infonews.az\/index.php?rest_route=\/wp\/v2\/types\/post"}],"author":[{"embeddable":true,"href":"https:\/\/infonews.az\/index.php?rest_route=\/wp\/v2\/users\/14"}],"replies":[{"embeddable":true,"href":"https:\/\/infonews.az\/index.php?rest_route=%2Fwp%2Fv2%2Fcomments&post=17319"}],"version-history":[{"count":1,"href":"https:\/\/infonews.az\/index.php?rest_route=\/wp\/v2\/posts\/17319\/revisions"}],"predecessor-version":[{"id":17322,"href":"https:\/\/infonews.az\/index.php?rest_route=\/wp\/v2\/posts\/17319\/revisions\/17322"}],"wp:featuredmedia":[{"embeddable":true,"href":"https:\/\/infonews.az\/index.php?rest_route=\/wp\/v2\/media\/17320"}],"wp:attachment":[{"href":"https:\/\/infonews.az\/index.php?rest_route=%2Fwp%2Fv2%2Fmedia&parent=17319"}],"wp:term":[{"taxonomy":"category","embeddable":true,"href":"https:\/\/infonews.az\/index.php?rest_route=%2Fwp%2Fv2%2Fcategories&post=17319"},{"taxonomy":"post_tag","embeddable":true,"href":"https:\/\/infonews.az\/index.php?rest_route=%2Fwp%2Fv2%2Ftags&post=17319"}],"curies":[{"name":"wp","href":"https:\/\/api.w.org\/{rel}","templated":true}]}}