{"id":17389,"date":"2022-03-01T16:45:48","date_gmt":"2022-03-01T12:45:48","guid":{"rendered":"https:\/\/infonews.az\/?p=17389"},"modified":"2022-03-01T16:45:48","modified_gmt":"2022-03-01T12:45:48","slug":"ukraynanin-ai-y%c9%99-daxil-olmasi-uzr%c9%99-xususi-prosedur-basladildi","status":"publish","type":"post","link":"https:\/\/infonews.az\/?p=17389","title":{"rendered":"Ukraynan\u0131n A\u0130-y\u0259 daxil olmas\u0131 \u00fczr\u0259 x\u00fcsusi prosedur ba\u015flad\u0131ld\u0131"},"content":{"rendered":"<p class=\"article-title\"><span style=\"color: #ffffff;\">Ukraynan\u0131n A\u0130-y\u0259 daxil olmas\u0131 \u00fczr\u0259 x\u00fcsusi prosedur ba\u015flad\u0131ld\u0131<\/span><\/p>\n<div class=\"article-meta\">\n<blockquote><p>Avropa parlamenti Ukraynan\u0131n Avropa \u0130ttifaq\u0131na (A\u0130) daxil olmas\u0131 il\u0259 ba\u011fl\u0131 m\u00fcraci\u0259tini q\u0259bul edib. Avropa parlamentaril\u0259ri x\u00fcsusl q\u0259bul prosedurunu i\u015f\u0259 sal\u0131b.<\/p><\/blockquote>\n<p>Bu bar\u0259d\u0259 q\u0259rar Avropa parlamentinin iclas\u0131nda q\u0259bul edilib.<\/p>\n<p>\u0130clas\u0131n \u0259vv\u0259lind\u0259 videoformatda \u00e7\u0131x\u0131\u015f ed\u0259n Ukrayna prezidenti Volodimir Zelenski Avropa \u00f6lk\u0259l\u0259rini Ukraynan\u0131 A\u0130-y\u0259 q\u0259bul etm\u0259y\u0259 \u00e7a\u011f\u0131r\u0131b.<\/p>\n<p>O xat\u0131rlad\u0131b ki, fevral\u0131n 28-d\u0259 Ukrayn\u0131n A\u0130-y\u0259 \u00fczvl\u00fcy\u00fc il\u0259 ba\u011fl\u0131 m\u00fcraci\u0259ti imzalay\u0131b.<\/p>\n<p><a href=\"https:\/\/infonews.az\/\"><span style=\"color: #ff0000;\"><strong>&#8220;\u0130NFONEWS&#8221;<\/strong><\/span><\/a><\/p>\n<\/div>\n","protected":false},"excerpt":{"rendered":"<p>Ukraynan\u0131n A\u0130-y\u0259 daxil olmas\u0131 \u00fczr\u0259 x\u00fcsusi prosedur ba\u015flad\u0131ld\u0131 Avropa parlamenti Ukraynan\u0131n Avropa \u0130ttifaq\u0131na (A\u0130) daxil olmas\u0131 il\u0259 ba\u011fl\u0131 m\u00fcraci\u0259tini q\u0259bul edib. Avropa parlamentaril\u0259ri x\u00fcsusl q\u0259bul prosedurunu i\u015f\u0259 sal\u0131b. Bu bar\u0259d\u0259&hellip; <\/p>\n","protected":false},"author":3,"featured_media":17324,"comment_status":"open","ping_status":"open","sticky":false,"template":"","format":"standard","meta":{"_mi_skip_tracking":false,"_monsterinsights_sitenote_active":false,"_monsterinsights_sitenote_note":"","_monsterinsights_sitenote_category":0,"footnotes":""},"categories":[9,11],"tags":[6181,172],"aioseo_notices":[],"_links":{"self":[{"href":"https:\/\/infonews.az\/index.php?rest_route=\/wp\/v2\/posts\/17389"}],"collection":[{"href":"https:\/\/infonews.az\/index.php?rest_route=\/wp\/v2\/posts"}],"about":[{"href":"https:\/\/infonews.az\/index.php?rest_route=\/wp\/v2\/types\/post"}],"author":[{"embeddable":true,"href":"https:\/\/infonews.az\/index.php?rest_route=\/wp\/v2\/users\/3"}],"replies":[{"embeddable":true,"href":"https:\/\/infonews.az\/index.php?rest_route=%2Fwp%2Fv2%2Fcomments&post=17389"}],"version-history":[{"count":1,"href":"https:\/\/infonews.az\/index.php?rest_route=\/wp\/v2\/posts\/17389\/revisions"}],"predecessor-version":[{"id":17390,"href":"https:\/\/infonews.az\/index.php?rest_route=\/wp\/v2\/posts\/17389\/revisions\/17390"}],"wp:featuredmedia":[{"embeddable":true,"href":"https:\/\/infonews.az\/index.php?rest_route=\/wp\/v2\/media\/17324"}],"wp:attachment":[{"href":"https:\/\/infonews.az\/index.php?rest_route=%2Fwp%2Fv2%2Fmedia&parent=17389"}],"wp:term":[{"taxonomy":"category","embeddable":true,"href":"https:\/\/infonews.az\/index.php?rest_route=%2Fwp%2Fv2%2Fcategories&post=17389"},{"taxonomy":"post_tag","embeddable":true,"href":"https:\/\/infonews.az\/index.php?rest_route=%2Fwp%2Fv2%2Ftags&post=17389"}],"curies":[{"name":"wp","href":"https:\/\/api.w.org\/{rel}","templated":true}]}}