{"id":17660,"date":"2022-03-10T10:58:53","date_gmt":"2022-03-10T06:58:53","guid":{"rendered":"https:\/\/infonews.az\/?p=17660"},"modified":"2022-03-10T10:58:53","modified_gmt":"2022-03-10T06:58:53","slug":"ukraynada-%c9%99sir-goturul%c9%99n-rusiyali-h%c9%99rbcil%c9%99rin-sayi-aciqlandi","status":"publish","type":"post","link":"https:\/\/infonews.az\/?p=17660","title":{"rendered":"Ukraynada \u0259sir g\u00f6t\u00fcr\u00fcl\u0259n rusiyal\u0131 h\u0259rb\u00e7il\u0259rin say\u0131 a\u00e7\u0131qland\u0131"},"content":{"rendered":"<p><span style=\"color: #ffffff;\"><strong>Ukraynada \u0259sir g\u00f6t\u00fcr\u00fcl\u0259n rusiyal\u0131 h\u0259rb\u00e7il\u0259rin say\u0131\u00a0a\u00e7\u0131qland\u0131<\/strong><\/span><\/p>\n<p><a href=\"https:\/\/infonews.az\/?p=17660\"><strong><span style=\"color: #ff0000;\">&#8220;\u0130NFONEWS&#8221;<\/span><\/strong><\/a> x\u0259b\u0259r verir.<\/p>\n<p><strong>Ukraynada 250-300 rusiyal\u0131 h\u0259rbi qulluq\u00e7u \u0259sir saxlan\u0131l\u0131r.<\/strong><\/p>\n<p>Bu bar\u0259d\u0259 &#8220;Feigin Live&#8221; verili\u015finin efirind\u0259 Ukrayna prezidentinin aparat\u0131n\u0131n r\u0259hb\u0259rinin m\u00fc\u015faviri Aleksey Arestovi\u00e7 m\u0259lumat verib.<\/p>\n<p><strong>\u201cM\u0259n dey\u0259 bil\u0259r\u0259m ki, \u0259n az\u0131 250-300 n\u0259f\u0259r \u0259sirlikd\u0259dir\u201d<\/strong>, &#8211;\u00a0Aretovi\u00e7 bildirib.<\/p>\n<p>Onun s\u00f6zl\u0259rin\u0259 g\u00f6r\u0259, Ukraynadak\u0131 m\u00fcharib\u0259d\u0259 i\u015ftirak ed\u0259n Rusiya ordusunun \u015f\u0259xsi hey\u0259tinin \u0259n az\u0131 yar\u0131s\u0131 \u00e7a\u011f\u0131r\u0131\u015f\u00e7\u0131lard\u0131r.<\/p>\n<p><strong>\u201cS\u00f6hb\u0259t ondan gedir ki, m\u0259nim hesablamalar\u0131ma g\u00f6r\u0259, burada \u0259n az\u0131 80-100 min muzdlu\u00a0var\u201d<\/strong>, \u2013 Aretovi\u00e7 bildirib.<\/p>\n","protected":false},"excerpt":{"rendered":"<p>Ukraynada \u0259sir g\u00f6t\u00fcr\u00fcl\u0259n rusiyal\u0131 h\u0259rb\u00e7il\u0259rin say\u0131\u00a0a\u00e7\u0131qland\u0131 &#8220;\u0130NFONEWS&#8221; x\u0259b\u0259r verir. Ukraynada 250-300 rusiyal\u0131 h\u0259rbi qulluq\u00e7u \u0259sir saxlan\u0131l\u0131r. Bu bar\u0259d\u0259 &#8220;Feigin Live&#8221; verili\u015finin efirind\u0259 Ukrayna prezidentinin aparat\u0131n\u0131n r\u0259hb\u0259rinin m\u00fc\u015faviri Aleksey Arestovi\u00e7 m\u0259lumat&hellip; <\/p>\n","protected":false},"author":14,"featured_media":17661,"comment_status":"open","ping_status":"open","sticky":false,"template":"","format":"standard","meta":{"_mi_skip_tracking":false,"_monsterinsights_sitenote_active":false,"_monsterinsights_sitenote_note":"","_monsterinsights_sitenote_category":0,"footnotes":""},"categories":[9,4,4422,11],"tags":[6307,15,6308],"aioseo_notices":[],"_links":{"self":[{"href":"https:\/\/infonews.az\/index.php?rest_route=\/wp\/v2\/posts\/17660"}],"collection":[{"href":"https:\/\/infonews.az\/index.php?rest_route=\/wp\/v2\/posts"}],"about":[{"href":"https:\/\/infonews.az\/index.php?rest_route=\/wp\/v2\/types\/post"}],"author":[{"embeddable":true,"href":"https:\/\/infonews.az\/index.php?rest_route=\/wp\/v2\/users\/14"}],"replies":[{"embeddable":true,"href":"https:\/\/infonews.az\/index.php?rest_route=%2Fwp%2Fv2%2Fcomments&post=17660"}],"version-history":[{"count":1,"href":"https:\/\/infonews.az\/index.php?rest_route=\/wp\/v2\/posts\/17660\/revisions"}],"predecessor-version":[{"id":17662,"href":"https:\/\/infonews.az\/index.php?rest_route=\/wp\/v2\/posts\/17660\/revisions\/17662"}],"wp:featuredmedia":[{"embeddable":true,"href":"https:\/\/infonews.az\/index.php?rest_route=\/wp\/v2\/media\/17661"}],"wp:attachment":[{"href":"https:\/\/infonews.az\/index.php?rest_route=%2Fwp%2Fv2%2Fmedia&parent=17660"}],"wp:term":[{"taxonomy":"category","embeddable":true,"href":"https:\/\/infonews.az\/index.php?rest_route=%2Fwp%2Fv2%2Fcategories&post=17660"},{"taxonomy":"post_tag","embeddable":true,"href":"https:\/\/infonews.az\/index.php?rest_route=%2Fwp%2Fv2%2Ftags&post=17660"}],"curies":[{"name":"wp","href":"https:\/\/api.w.org\/{rel}","templated":true}]}}