{"id":1770,"date":"2021-01-05T16:24:10","date_gmt":"2021-01-05T12:24:10","guid":{"rendered":"https:\/\/infonews.az\/?p=1770"},"modified":"2021-01-05T16:59:58","modified_gmt":"2021-01-05T12:59:58","slug":"susani-az%c9%99rbaycan-m%c9%99d%c9%99niyy%c9%99tinin-paytaxti-elan-edir%c9%99m","status":"publish","type":"post","link":"https:\/\/infonews.az\/?p=1770","title":{"rendered":"\u201c\u015eu\u015fan\u0131 Az\u0259rbaycan m\u0259d\u0259niyy\u0259tinin paytaxt\u0131 elan edir\u0259m\u201d"},"content":{"rendered":"<p><strong>\u201cM\u0259n \u015eu\u015fa \u015f\u0259h\u0259rini Az\u0259rbaycan m\u0259d\u0259niyy\u0259tinin paytaxt\u0131 elan edir\u0259m. \u015eu\u015fa \u015f\u0259h\u0259ri buna layiqdir\u201d.\u00a0<\/strong><\/p>\n<p><strong>\u0130NFONEWS<\/strong> x\u0259b\u0259r verir ki, bunu Prezident \u0130lham \u018fliyev yeni m\u0259d\u0259niyy\u0259t naziri Anar K\u0259rimovu q\u0259bul ed\u0259rk\u0259n deyib.<\/p>\n<p>D\u00f6vl\u0259t ba\u015f\u00e7\u0131s\u0131 bildirib ki, \u015eu\u015fa n\u0259inki Az\u0259rbaycan\u0131n, b\u00f6lg\u0259nin m\u0259d\u0259ni paytaxt\u0131 say\u0131la bil\u0259r: \u201c\u015eu\u015fan\u0131n m\u0259d\u0259ni h\u0259yat\u0131 z\u0259ngin olmal\u0131d\u0131r. \u015eu\u015fan\u0131n b\u0259rpas\u0131 il\u0259 \u0259laq\u0259dar i\u015fl\u0259r\u0259 art\u0131q start verildi. M\u0259nim g\u00f6st\u0259ri\u015fiml\u0259 b\u00f6y\u00fck hey\u0259t oraya ezam edildi. Dem\u0259li, ya\u015fay\u0131\u015f fondunun, tarixi abid\u0259l\u0259rin t\u0259fti\u015fi apar\u0131lmal\u0131, vurulmu\u015f ziyan d\u0259qiq hesablanmal\u0131d\u0131r v\u0259 biz \u015eu\u015fa \u015f\u0259h\u0259rinin restavrasiyas\u0131na ba\u015flamal\u0131y\u0131q. Ancaq yen\u0259 d\u0259 vaxt itirm\u0259d\u0259n, ancaq, eyni zamanda, t\u0259l\u0259sm\u0259d\u0259n \u015eu\u015fan\u0131n ilkin simas\u0131, tarixi simas\u0131 b\u0259rpa edilm\u0259lidir\u201d.<\/p>\n","protected":false},"excerpt":{"rendered":"<p>\u201cM\u0259n \u015eu\u015fa \u015f\u0259h\u0259rini Az\u0259rbaycan m\u0259d\u0259niyy\u0259tinin paytaxt\u0131 elan edir\u0259m. \u015eu\u015fa \u015f\u0259h\u0259ri buna layiqdir\u201d.\u00a0 \u0130NFONEWS x\u0259b\u0259r verir ki, bunu Prezident \u0130lham \u018fliyev yeni m\u0259d\u0259niyy\u0259t naziri Anar K\u0259rimovu q\u0259bul ed\u0259rk\u0259n deyib. D\u00f6vl\u0259t ba\u015f\u00e7\u0131s\u0131&hellip; <\/p>\n","protected":false},"author":3,"featured_media":1771,"comment_status":"open","ping_status":"open","sticky":false,"template":"","format":"standard","meta":{"_mi_skip_tracking":false,"_monsterinsights_sitenote_active":false,"_monsterinsights_sitenote_note":"","_monsterinsights_sitenote_category":0,"footnotes":""},"categories":[10,11],"tags":[15,167,283],"aioseo_notices":[],"_links":{"self":[{"href":"https:\/\/infonews.az\/index.php?rest_route=\/wp\/v2\/posts\/1770"}],"collection":[{"href":"https:\/\/infonews.az\/index.php?rest_route=\/wp\/v2\/posts"}],"about":[{"href":"https:\/\/infonews.az\/index.php?rest_route=\/wp\/v2\/types\/post"}],"author":[{"embeddable":true,"href":"https:\/\/infonews.az\/index.php?rest_route=\/wp\/v2\/users\/3"}],"replies":[{"embeddable":true,"href":"https:\/\/infonews.az\/index.php?rest_route=%2Fwp%2Fv2%2Fcomments&post=1770"}],"version-history":[{"count":1,"href":"https:\/\/infonews.az\/index.php?rest_route=\/wp\/v2\/posts\/1770\/revisions"}],"predecessor-version":[{"id":1772,"href":"https:\/\/infonews.az\/index.php?rest_route=\/wp\/v2\/posts\/1770\/revisions\/1772"}],"wp:featuredmedia":[{"embeddable":true,"href":"https:\/\/infonews.az\/index.php?rest_route=\/wp\/v2\/media\/1771"}],"wp:attachment":[{"href":"https:\/\/infonews.az\/index.php?rest_route=%2Fwp%2Fv2%2Fmedia&parent=1770"}],"wp:term":[{"taxonomy":"category","embeddable":true,"href":"https:\/\/infonews.az\/index.php?rest_route=%2Fwp%2Fv2%2Fcategories&post=1770"},{"taxonomy":"post_tag","embeddable":true,"href":"https:\/\/infonews.az\/index.php?rest_route=%2Fwp%2Fv2%2Ftags&post=1770"}],"curies":[{"name":"wp","href":"https:\/\/api.w.org\/{rel}","templated":true}]}}