{"id":17715,"date":"2022-03-11T12:52:58","date_gmt":"2022-03-11T08:52:58","guid":{"rendered":"https:\/\/infonews.az\/?p=17715"},"modified":"2022-03-11T12:52:58","modified_gmt":"2022-03-11T08:52:58","slug":"prezident-ilham-%c9%99liyev-gurcustanin-%c9%99dliyy%c9%99-nazirinin-basciliq-etdiyi-numay%c9%99nd%c9%99-hey%c9%99tini-q%c9%99bul-edib","status":"publish","type":"post","link":"https:\/\/infonews.az\/?p=17715","title":{"rendered":"Prezident \u0130lham \u018fliyev G\u00fcrc\u00fcstan\u0131n \u0259dliyy\u0259 nazirinin ba\u015f\u00e7\u0131l\u0131q etdiyi n\u00fcmay\u0259nd\u0259 hey\u0259tini q\u0259bul edib"},"content":{"rendered":"<p class=\"content-title\"><span style=\"color: #ffffff;\">Prezident \u0130lham \u018fliyev G\u00fcrc\u00fcstan\u0131n \u0259dliyy\u0259 nazirinin ba\u015f\u00e7\u0131l\u0131q etdiyi n\u00fcmay\u0259nd\u0259 hey\u0259tini q\u0259bul edib<\/span><\/p>\n<p><a href=\"https:\/\/infonews.az\/?p=17715\"><strong><span style=\"color: #ff0000;\">&#8220;\u0130NFONEWS&#8221;<\/span><\/strong><\/a> x\u0259b\u0259r verir.<\/p>\n<p><strong>Az\u0259rbaycan Respublikas\u0131n\u0131n Prezidenti \u0130lham \u018fliyev mart\u0131n 11-d\u0259 G\u00fcrc\u00fcstan\u0131n \u0259dliyy\u0259 naziri Rati Breqadzenin ba\u015f\u00e7\u0131l\u0131q etdiyi n\u00fcmay\u0259nd\u0259 hey\u0259tini q\u0259bul edib.<\/strong><\/p>\n<p>G\u00f6r\u00fc\u015fd\u0259 Az\u0259rbaycanla G\u00fcrc\u00fcstan aras\u0131nda dostluq \u0259laq\u0259l\u0259rinin m\u00fcxt\u0259lif istiqam\u0259tl\u0259rd\u0259, o c\u00fcml\u0259d\u0259n n\u0259qliyyat, enerji, ticar\u0259t sah\u0259l\u0259rind\u0259 u\u011furla inki\u015faf etdiyi bildirildi.<\/p>\n<p>S\u00f6hb\u0259t zaman\u0131 Az\u0259rbaycan\u0131n v\u0259 G\u00fcrc\u00fcstan\u0131n \u018fdliyy\u0259 nazirlikl\u0259ri aras\u0131nda t\u0259cr\u00fcb\u0259 m\u00fcbadil\u0259sinin apar\u0131lmas\u0131n\u0131n \u0259h\u0259miyy\u0259tin\u0259 toxunuldu.<\/p>\n<p>Rati Breqadzenin \u00f6lk\u0259miz\u0259 s\u0259f\u0259rinin v\u0259 s\u0259f\u0259r \u00e7\u0259r\u00e7iv\u0259sind\u0259 nazirlikl\u0259r aras\u0131nda imzalanan \u018fm\u0259kda\u015fl\u0131q Memorandumunun bu sah\u0259d\u0259 \u0259laq\u0259l\u0259rin geni\u015fl\u0259ndirilm\u0259si i\u015fin\u0259 t\u00f6hf\u0259 ver\u0259c\u0259yin\u0259 \u0259minlik ifad\u0259 olundu.<\/p>\n","protected":false},"excerpt":{"rendered":"<p>Prezident \u0130lham \u018fliyev G\u00fcrc\u00fcstan\u0131n \u0259dliyy\u0259 nazirinin ba\u015f\u00e7\u0131l\u0131q etdiyi n\u00fcmay\u0259nd\u0259 hey\u0259tini q\u0259bul edib &#8220;\u0130NFONEWS&#8221; x\u0259b\u0259r verir. Az\u0259rbaycan Respublikas\u0131n\u0131n Prezidenti \u0130lham \u018fliyev mart\u0131n 11-d\u0259 G\u00fcrc\u00fcstan\u0131n \u0259dliyy\u0259 naziri Rati Breqadzenin ba\u015f\u00e7\u0131l\u0131q etdiyi n\u00fcmay\u0259nd\u0259&hellip; <\/p>\n","protected":false},"author":14,"featured_media":17716,"comment_status":"open","ping_status":"open","sticky":false,"template":"","format":"standard","meta":{"_mi_skip_tracking":false,"_monsterinsights_sitenote_active":false,"_monsterinsights_sitenote_note":"","_monsterinsights_sitenote_category":0,"footnotes":""},"categories":[4,6,11],"tags":[473,4348,15,6325],"aioseo_notices":[],"_links":{"self":[{"href":"https:\/\/infonews.az\/index.php?rest_route=\/wp\/v2\/posts\/17715"}],"collection":[{"href":"https:\/\/infonews.az\/index.php?rest_route=\/wp\/v2\/posts"}],"about":[{"href":"https:\/\/infonews.az\/index.php?rest_route=\/wp\/v2\/types\/post"}],"author":[{"embeddable":true,"href":"https:\/\/infonews.az\/index.php?rest_route=\/wp\/v2\/users\/14"}],"replies":[{"embeddable":true,"href":"https:\/\/infonews.az\/index.php?rest_route=%2Fwp%2Fv2%2Fcomments&post=17715"}],"version-history":[{"count":1,"href":"https:\/\/infonews.az\/index.php?rest_route=\/wp\/v2\/posts\/17715\/revisions"}],"predecessor-version":[{"id":17717,"href":"https:\/\/infonews.az\/index.php?rest_route=\/wp\/v2\/posts\/17715\/revisions\/17717"}],"wp:featuredmedia":[{"embeddable":true,"href":"https:\/\/infonews.az\/index.php?rest_route=\/wp\/v2\/media\/17716"}],"wp:attachment":[{"href":"https:\/\/infonews.az\/index.php?rest_route=%2Fwp%2Fv2%2Fmedia&parent=17715"}],"wp:term":[{"taxonomy":"category","embeddable":true,"href":"https:\/\/infonews.az\/index.php?rest_route=%2Fwp%2Fv2%2Fcategories&post=17715"},{"taxonomy":"post_tag","embeddable":true,"href":"https:\/\/infonews.az\/index.php?rest_route=%2Fwp%2Fv2%2Ftags&post=17715"}],"curies":[{"name":"wp","href":"https:\/\/api.w.org\/{rel}","templated":true}]}}