{"id":17826,"date":"2022-03-15T11:00:01","date_gmt":"2022-03-15T07:00:01","guid":{"rendered":"https:\/\/infonews.az\/?p=17826"},"modified":"2022-03-15T11:34:09","modified_gmt":"2022-03-15T07:34:09","slug":"unec-d%c9%99-elm-festivali-silsil%c9%99-t%c9%99dbirl%c9%99rl%c9%99-davam-edir","status":"publish","type":"post","link":"https:\/\/infonews.az\/?p=17826","title":{"rendered":"UNEC -d\u0259 &#8220;Elm Festival\u0131&#8221; silsil\u0259 t\u0259dbirl\u0259rl\u0259 davam edir"},"content":{"rendered":"<p><span style=\"color: #ffffff;\">UNEC -d\u0259 &#8220;Elm Festival\u0131&#8221; silsil\u0259 t\u0259dbirl\u0259rl\u0259 davam edir<\/span><\/p>\n<blockquote><p>Az\u0259rbaycan D\u00f6vl\u0259t \u0130qtisad Universitetind\u0259n (UNEC) <a href=\"https:\/\/infonews.az\/?p=17826\"><span style=\"color: #ff0000;\"><strong>&#8220;\u0130NFONEWS&#8221;<\/strong><\/span><\/a> -a veril\u0259n m\u0259lumata g\u00f6r\u0259, 1-28 mart 2022-ci il tarixl\u0259rind\u0259 universitetd\u0259 t\u0259\u015fkil olunan &#8220;Elm festival\u0131&#8221; \u00e7\u0259r\u00e7iv\u0259sind\u0259 UNEC T\u0259dqiqat M\u0259rk\u0259zl\u0259ri t\u0259r\u0259find\u0259n Nobel m\u00fckafat\u00e7\u0131lar\u0131n\u0131n elmi f\u0259aliyy\u0259tl\u0259rin\u0259 h\u0259sr olunmu\u015f i\u00e7timai m\u00fczakir\u0259l\u0259r ke\u00e7iril\u0259c\u0259k. Onlayn formatda ke\u00e7iril\u0259n m\u00fczakir\u0259l\u0259rd\u0259 Kompozit materiallar Elmi-T\u0259dqiqat M\u0259rk\u0259zinin r\u0259hb\u0259ri prof. R\u00f6vn\u0259q Rzayev t\u0259r\u0259find\u0259n kimya, Ekonofizika T\u0259dqiqat M\u0259rk\u0259zinin r\u0259hb\u0259ri prof. \u015eahlar \u018fsg\u0259rov t\u0259r\u0259find\u0259n fizika, \u0130nki\u015faf iqtisadiyyat\u0131 T\u0259dqiqat M\u0259rk\u0259zinin t\u0259dqiqat\u00e7\u0131s\u0131 prof. Yadulla H\u0259s\u0259nli t\u0259r\u0259find\u0259n iqtisadiyyat, S\u0259hiyy\u0259 \u0130qtisadiyyat\u0131 T\u0259dqiqat M\u0259rk\u0259zinin r\u0259hb\u0259ri Ph.D Sevda M\u0259mm\u0259dova t\u0259r\u0259find\u0259n tibb \u00fczr\u0259 Nobel m\u00fckafat\u00e7\u0131lar\u0131n\u0131n elmi f\u0259aliyy\u0259tl\u0259ri haqq\u0131nda icmal m\u00fchazir\u0259l\u0259r t\u0259qdim olunacaqd\u0131r.<\/p><\/blockquote>\n<p>Multikulturalizm T\u0259dqiqat M\u0259rk\u0259zinin r\u0259hb\u0259ri prof. M\u0259h\u0259bb\u0259t Pa\u015fayeva t\u0259r\u0259find\u0259n \u0259d\u0259biyyat \u00fczr\u0259 Nobel m\u00fckafat\u00e7\u0131lar\u0131n\u0131n elmi f\u0259aliyy\u0259tl\u0259rin\u0259 h\u0259sr olunmu\u015f m\u00fchazir\u0259nin t\u0259qdimat\u0131 17 mart 2022-ci il tarixind\u0259 saat 11.00-da UNEC-in \u0259sas t\u0259dris binas\u0131n\u0131n A\u011f zal\u0131nda ba\u015f tutacaq. T\u0259dbir \u00e7\u0259r\u00e7iv\u0259sind\u0259 multikulturalizm\u0259 h\u0259sr olunmu\u015f R\u0259sm S\u0259rgisi t\u0259\u015fkil olunacaq.<\/p>\n<p>Onlayn ke\u00e7iril\u0259c\u0259k t\u0259dbirl\u0259r\u0259 ZOOM platformas\u0131 \u00fcz\u0259rind\u0259n a\u015fa\u011f\u0131da qeyd olunan linkl\u0259r\u0259 ke\u00e7id etm\u0259kl\u0259 qo\u015fula bil\u0259rsiniz: Kompozit materiallar Elmi-T\u0259dqiqat M\u0259rk\u0259zi &#8211; https:\/\/zoom.us\/j\/99252998917 (16.03.2022\/10.00-12.00) Ekonofizika T\u0259dqiqat M\u0259rk\u0259zi \u2013 https:\/\/zoom.us\/j\/93189937843 (16.03.2022\/15.00-17.00) \u0130nki\u015faf iqtisadiyyat\u0131 T\u0259dqiqat M\u0259rk\u0259zi \u2013 https:\/\/zoom.us\/j\/95326811457 (16.03.2022\/10.00-12.00) S\u0259hiyy\u0259 \u0130qtisadiyyat\u0131 T\u0259dqiqat M\u0259rk\u0259zi &#8211; https:\/\/zoom.us\/j\/92702689468 (16.03.2022\/15.00-17.00)<\/p>\n<p>UNEC T\u0259dqiqat M\u0259rk\u0259zl\u0259rinin \u0130\u015finin \u018flaq\u0259l\u0259ndirilm\u0259si v\u0259 T\u0259\u015fkili \u015e\u00f6b\u0259si v\u0259 UNEC Multikulturalizm T\u0259dqiqat M\u0259rk\u0259zinin t\u0259\u015fkilat\u00e7\u0131l\u0131\u011f\u0131 il\u0259 ba\u015f tutacaq t\u0259dbir youtube \u00fcz\u0259rind\u0259n canl\u0131 yay\u0131mlanacaq.<\/p>\n","protected":false},"excerpt":{"rendered":"<p>UNEC -d\u0259 &#8220;Elm Festival\u0131&#8221; silsil\u0259 t\u0259dbirl\u0259rl\u0259 davam edir Az\u0259rbaycan D\u00f6vl\u0259t \u0130qtisad Universitetind\u0259n (UNEC) &#8220;\u0130NFONEWS&#8221; -a veril\u0259n m\u0259lumata g\u00f6r\u0259, 1-28 mart 2022-ci il tarixl\u0259rind\u0259 universitetd\u0259 t\u0259\u015fkil olunan &#8220;Elm festival\u0131&#8221; \u00e7\u0259r\u00e7iv\u0259sind\u0259 UNEC&hellip; <\/p>\n","protected":false},"author":14,"featured_media":17827,"comment_status":"open","ping_status":"open","sticky":false,"template":"","format":"standard","meta":{"_mi_skip_tracking":false,"_monsterinsights_sitenote_active":false,"_monsterinsights_sitenote_note":"","_monsterinsights_sitenote_category":0,"footnotes":""},"categories":[4,11,3],"tags":[6350,47,15,6351],"aioseo_notices":[],"_links":{"self":[{"href":"https:\/\/infonews.az\/index.php?rest_route=\/wp\/v2\/posts\/17826"}],"collection":[{"href":"https:\/\/infonews.az\/index.php?rest_route=\/wp\/v2\/posts"}],"about":[{"href":"https:\/\/infonews.az\/index.php?rest_route=\/wp\/v2\/types\/post"}],"author":[{"embeddable":true,"href":"https:\/\/infonews.az\/index.php?rest_route=\/wp\/v2\/users\/14"}],"replies":[{"embeddable":true,"href":"https:\/\/infonews.az\/index.php?rest_route=%2Fwp%2Fv2%2Fcomments&post=17826"}],"version-history":[{"count":1,"href":"https:\/\/infonews.az\/index.php?rest_route=\/wp\/v2\/posts\/17826\/revisions"}],"predecessor-version":[{"id":17828,"href":"https:\/\/infonews.az\/index.php?rest_route=\/wp\/v2\/posts\/17826\/revisions\/17828"}],"wp:featuredmedia":[{"embeddable":true,"href":"https:\/\/infonews.az\/index.php?rest_route=\/wp\/v2\/media\/17827"}],"wp:attachment":[{"href":"https:\/\/infonews.az\/index.php?rest_route=%2Fwp%2Fv2%2Fmedia&parent=17826"}],"wp:term":[{"taxonomy":"category","embeddable":true,"href":"https:\/\/infonews.az\/index.php?rest_route=%2Fwp%2Fv2%2Fcategories&post=17826"},{"taxonomy":"post_tag","embeddable":true,"href":"https:\/\/infonews.az\/index.php?rest_route=%2Fwp%2Fv2%2Ftags&post=17826"}],"curies":[{"name":"wp","href":"https:\/\/api.w.org\/{rel}","templated":true}]}}