{"id":179,"date":"2020-12-03T21:32:11","date_gmt":"2020-12-03T17:32:11","guid":{"rendered":"http:\/\/infonews.az\/?p=179"},"modified":"2020-12-03T21:32:11","modified_gmt":"2020-12-03T17:32:11","slug":"az%c9%99rbaycanin-beyn%c9%99lxalq-munasib%c9%99tl%c9%99r-sistemind%c9%99-yeri-v%c9%99-rolu-daim-artmaqdadir-hikm%c9%99t-babaoglu","status":"publish","type":"post","link":"https:\/\/infonews.az\/?p=179","title":{"rendered":"Az\u0259rbaycan\u0131n beyn\u0259lxalq m\u00fcnasib\u0259tl\u0259r sistemind\u0259 yeri v\u0259 rolu daim artmaqdad\u0131r &#8211; Hikm\u0259t Babao\u011flu"},"content":{"rendered":"<blockquote><p>Az\u0259rbaycan\u0131n beyn\u0259lxalq m\u00fcnasib\u0259tl\u0259r sistemind\u0259 yeri v\u0259 rolu daim artmaqdad\u0131r. Bu, h\u0259r \u015feyd\u0259n \u00f6nc\u0259 Az\u0259rbaycan Prezidenti \u0130lham \u018fliyevin h\u0259yata ke\u00e7irdiyi strateji xarici siyas\u0259t kursu v\u0259 milli maraqlarla \u00f6z t\u0259r\u0259fda\u015flar\u0131n\u0131n maraqlar\u0131n\u0131 uzla\u015fd\u0131rma bacar\u0131\u011f\u0131 il\u0259 \u0259laq\u0259dard\u0131r. Az\u0259rbaycan\u0131n f\u0259al v\u0259 t\u0259\u015f\u0259bb\u00fcskar xarici siyas\u0259ti onun beyn\u0259lxalq m\u00fcnasib\u0259tl\u0259rd\u0259 n\u00fcfuzunu m\u00fc\u0259yy\u0259n etm\u0259kl\u0259 yana\u015f\u0131, h\u0259m d\u0259 i\u015ftirak\u00e7\u0131l\u0131\u011f\u0131n\u0131 t\u0259min edir. N\u0259tic\u0259d\u0259 haz\u0131rda Az\u0259rbaycan bir s\u0131ra beyn\u0259lxalq v\u0259 regional t\u0259\u015fkilatlara s\u0259drlik edir. Bunlar\u0131n s\u0131ras\u0131nda T\u00fcrkdilli D\u00f6vl\u0259tl\u0259rin \u018fm\u0259kda\u015fl\u0131q \u015euras\u0131 v\u0259 Qo\u015fulmama H\u0259r\u0259kat\u0131 da var.<\/p><\/blockquote>\n<p><span style=\"color: #ff0000;\">&#8220;\u0130NFONEWS&#8221;<\/span> x\u0259b\u0259r verir ki, bunu Trend-\u0259 Milli M\u0259clisin deputat\u0131 Hikm\u0259t Babao\u011flu deyib.<\/p>\n<p>Deputat bildirib ki, biz h\u0259r iki t\u0259\u015fkilat\u0131n 44 g\u00fcnl\u00fck ikinci Qraba\u011f sava\u015f\u0131nda Az\u0259rbaycan\u0131 d\u0259st\u0259kl\u0259diyinin \u015fahidi olduq: &#8220;H\u0259tta Qo\u015fulmama H\u0259r\u0259kat\u0131na \u00fczv olan b\u0259zi \u00f6lk\u0259l\u0259rin d\u0259st\u0259yi BMT T\u0259hl\u00fck\u0259sizlik \u015euras\u0131n\u0131n daimi \u00fczvl\u0259rinin bizim lehimiz\u0259 olmayan q\u0259rar q\u0259bul etm\u0259sinin bel\u0259 qar\u015f\u0131s\u0131n\u0131 ald\u0131. T\u00fcrk \u015euras\u0131n\u0131n g\u00f6st\u0259rdiyi d\u0259st\u0259k is\u0259 m\u00fcyy\u0259n m\u0259nada Kollektiv T\u0259hl\u00fck\u0259sizlik M\u00fcqavil\u0259si T\u0259\u015fkilat\u0131n\u0131n (KTMT) Erm\u0259nistana m\u00fcmk\u00fcn d\u0259st\u0259k ver\u0259 bilm\u0259 ehtimal\u0131n\u0131 \u0259ng\u0259ll\u0259di. \u00c7\u00fcnki T\u00fcrk \u015euras\u0131na \u00fczv olan iki \u00f6lk\u0259 h\u0259m d\u0259 KTMT-nin \u00fczvl\u0259ridir. Haz\u0131rda is\u0259 d\u00fcnyada paralel v\u0259 s\u0259ssiz m\u00fcharib\u0259 d\u0259 getm\u0259kd\u0259dir. Bu COV\u0130D-19 pandemiyas\u0131na qar\u015f\u0131 m\u00fcharib\u0259dir. Az\u0259rbaycan Qo\u015fulamama H\u0259r\u0259kat\u0131n\u0131n s\u0259dri kimi \u00fcm\u00fcmb\u0259\u015f\u0259ri t\u0259hdid yaradan bu pandemiyaya qar\u015f m\u00fcbariz\u0259d\u0259 s\u0259f\u0259rb\u0259rliyi t\u0259min etm\u0259k \u00fc\u00e7\u00fcn ilk t\u0259\u015f\u0259bb\u00fcsl\u0259 \u00e7\u0131x\u0131\u015f ed\u0259r\u0259k m\u0259s\u0259l\u0259ni BMT-nin g\u00fcnd\u0259min\u0259 g\u0259tirdi v\u0259 bu t\u0259\u015f\u0259bb\u00fcs y\u00fcks\u0259k qiym\u0259tl\u0259ndirildi. M\u0259\u011flubedilmi\u015f Erm\u0259nistandan ba\u015fqa BMT-y\u0259 \u00fczv olan d\u00f6vl\u0259tl\u0259rin \u0259ks\u0259riyy\u0259ti bu t\u0259\u015f\u0259bb\u00fcs\u00fc d\u0259st\u0259kl\u0259di v\u0259 d\u00fcnayn\u0131n \u0259n b\u00f6y\u00fck beyn\u0259lxalq t\u0259\u015fkilat\u0131nda bununla ba\u011fl\u0131 x\u00fcsusi sessiya \u00e7a\u011f\u0131r\u0131ld\u0131. Dekabr\u0131n 3 v\u0259 4-d\u0259 is\u0259 BMT Ba\u015f Assambleyas\u0131n\u0131n Prezidenti Volkan Bozk\u0131r\u0131n s\u0259drliyi il\u0259 n\u00f6vb\u0259ti t\u0259dbir ba\u015f tutacaq, Assambleyan\u0131n 31-ci x\u00fcsusi sessiyas\u0131nda d\u00fcnya liderl\u0259ri, BMT r\u0259smil\u0259ri v\u0259 ekspertl\u0259r COVID-19 panemiyas\u0131n\u0131n \u0259sas aspektl\u0259rini, peyv\u0259ndl\u0259rin paylanmas\u0131 v\u0259 sosial-iqtisadi m\u0259s\u0259l\u0259l\u0259ri m\u00fczakir\u0259 edirl\u0259r. Bu, \u0259vv\u0259lki sessiyada m\u00fczakir\u0259 olunan koronavirusa qar\u015f\u0131 m\u00fcbariz\u0259 v\u0259 haz\u0131rlanacaq peyv\u0259ndl\u0259rin ham\u0131 \u00fc\u00e7\u00fcn \u0259l\u00e7atanl\u0131\u011f\u0131n\u0131n t\u0259min olumas\u0131 m\u0259s\u0259l\u0259sind\u0259n sonra indiki real v\u0259ziyy\u0259tin m\u00fczakir\u0259 olunmas\u0131d\u0131r. Bu, Az\u0259rbaycan Prezidentinin t\u0259\u015f\u0259bb\u00fcs v\u0259 t\u0259klifl\u0259rinin BMT t\u0259r\u0259find\u0259n d\u0259st\u0259kl\u0259nm\u0259si v\u0259 onun n\u00fcfuzunun q\u0259bul edilm\u0259si dem\u0259kdir&#8221;.<\/p>\n<p>H.Babao\u011flu \u0259lav\u0259 edib ki, art\u0131q sessiyan\u0131n g\u00fcnd\u0259mi v\u0259 \u00e7\u0131x\u0131\u015flar\u0131n ard\u0131c\u0131ll\u0131\u011f\u0131 da m\u00fc\u0259yy\u0259nl\u0259\u015fdirilib: &#8220;Prezident \u0130lham \u018fliyev Qo\u015fulmama H\u0259r\u0259kat\u0131n\u0131n s\u0259dri qismind\u0259 x\u00fcsusi sessiyan\u0131n a\u00e7\u0131l\u0131\u015f m\u0259rasimind\u0259 ali hey\u0259tin t\u0259rkibind\u0259-1-ci s\u0131ra 5-ci yerd\u0259 \u00e7\u0131x\u0131\u015f edib v\u0259 120 \u00f6lk\u0259nin pandemiya il\u0259 ba\u011fl\u0131 \u0259sas bax\u0131\u015flar\u0131n\u0131 d\u00fcnya ictimaiyy\u0259tin\u0259 \u00e7atd\u0131r\u0131b. Bu, \u00f6z\u00fc bir g\u00f6st\u0259ricidir v\u0259 Az\u0259rbaycan Prezidentin\u0259 olan m\u00fcnasib\u0259tdir. Bundan ba\u015fqa, 155 i\u015ftirak\u00e7\u0131 \u00f6lk\u0259 aras\u0131nda Prezident \u0130lham \u018fliyevin d\u00f6vl\u0259t ba\u015f\u00e7\u0131s\u0131 kimi 7-ci s\u0131rada \u00e7\u0131x\u0131\u015f etm\u0259si he\u00e7 \u015f\u00fcbh\u0259siz ki, Az\u0259rbaycana d\u00fcnyada olan b\u00f6y\u00fck h\u00f6rm\u0259t v\u0259 etimad\u0131n n\u00fcmun\u0259sidir. Eyni zamanda, bu, Prezident \u0130lham \u018fliyevin \u015f\u0259xsi n\u00fcfuzunun beyn\u0259lxalq al\u0259md\u0259 g\u00f6st\u0259ricisidir. B\u00fct\u00fcn bunlarla yana\u015f\u0131, ist\u0259nil\u0259n beyn\u0259lxalq tribunadan Az\u0259rbaycan Prezidentinin \u00f6lk\u0259mizin maraqlar\u0131n\u0131 v\u0259 art\u0131q m\u0259\u011flub edilmi\u015f i\u015f\u011fal\u00e7\u0131 Erm\u0259nistanda h\u00f6km s\u00fcr\u0259n despotizmi, diktaturan\u0131, fa\u015fizmi dil\u0259 g\u0259tirm\u0259si v\u0259 onu if\u015fa etm\u0259si d\u0259 art\u0131q \u0259n\u0259n\u0259 hal\u0131n\u0131 al\u0131b ki, bu da h\u0259qiq\u0259tl\u0259rin d\u00fcnyaya \u00e7atd\u0131r\u0131lmas\u0131nda \u00f6z\u00fcn\u0259m\u0259xsus rol oyany\u0131r. \u018fn m\u00fch\u00fcm m\u0259s\u0259l\u0259l\u0259rd\u0259n bir d\u0259 odur ki, dekabr ay\u0131n\u0131n 3-\u00fc v\u0259 4-d\u0259 ke\u00e7iril\u0259n sessiyada Az\u0259rbaycan Prezidenti qalib d\u00f6vl\u0259tin m\u00fcz\u0259ff\u0259r Ali Ba\u015f Komandan\u0131 kimi \u00e7\u0131x\u0131\u015f etdi. BMT T\u0259hl\u00fck\u0259sizlik \u015euras\u0131n\u0131n 1993-c\u00fc ild\u0259 q\u0259bul etdiyi 4 q\u0259tnam\u0259ni icra etmi\u015f d\u00f6vl\u0259t v\u0259 beyn\u0259lxalq h\u00fcquqda president yaratm\u0131\u015f lider kimi \u00f6z s\u00f6zl\u0259rini dedi. Bu is\u0259 yeni d\u00fcnya nizam\u0131nda Az\u0259rbaycan\u0131n yerini v\u0259 rolunu t\u0259yin ed\u0259n \u0259n \u0259sas faktorlardan birdir&#8221;.<\/p>\n","protected":false},"excerpt":{"rendered":"<p>Az\u0259rbaycan\u0131n beyn\u0259lxalq m\u00fcnasib\u0259tl\u0259r sistemind\u0259 yeri v\u0259 rolu daim artmaqdad\u0131r. Bu, h\u0259r \u015feyd\u0259n \u00f6nc\u0259 Az\u0259rbaycan Prezidenti \u0130lham \u018fliyevin h\u0259yata ke\u00e7irdiyi strateji xarici siyas\u0259t kursu v\u0259 milli maraqlarla \u00f6z t\u0259r\u0259fda\u015flar\u0131n\u0131n maraqlar\u0131n\u0131 uzla\u015fd\u0131rma&hellip; <\/p>\n","protected":false},"author":3,"featured_media":180,"comment_status":"open","ping_status":"open","sticky":false,"template":"","format":"standard","meta":{"_mi_skip_tracking":false,"_monsterinsights_sitenote_active":false,"_monsterinsights_sitenote_note":"","_monsterinsights_sitenote_category":0,"footnotes":""},"categories":[6,11],"tags":[24],"aioseo_notices":[],"_links":{"self":[{"href":"https:\/\/infonews.az\/index.php?rest_route=\/wp\/v2\/posts\/179"}],"collection":[{"href":"https:\/\/infonews.az\/index.php?rest_route=\/wp\/v2\/posts"}],"about":[{"href":"https:\/\/infonews.az\/index.php?rest_route=\/wp\/v2\/types\/post"}],"author":[{"embeddable":true,"href":"https:\/\/infonews.az\/index.php?rest_route=\/wp\/v2\/users\/3"}],"replies":[{"embeddable":true,"href":"https:\/\/infonews.az\/index.php?rest_route=%2Fwp%2Fv2%2Fcomments&post=179"}],"version-history":[{"count":1,"href":"https:\/\/infonews.az\/index.php?rest_route=\/wp\/v2\/posts\/179\/revisions"}],"predecessor-version":[{"id":181,"href":"https:\/\/infonews.az\/index.php?rest_route=\/wp\/v2\/posts\/179\/revisions\/181"}],"wp:featuredmedia":[{"embeddable":true,"href":"https:\/\/infonews.az\/index.php?rest_route=\/wp\/v2\/media\/180"}],"wp:attachment":[{"href":"https:\/\/infonews.az\/index.php?rest_route=%2Fwp%2Fv2%2Fmedia&parent=179"}],"wp:term":[{"taxonomy":"category","embeddable":true,"href":"https:\/\/infonews.az\/index.php?rest_route=%2Fwp%2Fv2%2Fcategories&post=179"},{"taxonomy":"post_tag","embeddable":true,"href":"https:\/\/infonews.az\/index.php?rest_route=%2Fwp%2Fv2%2Ftags&post=179"}],"curies":[{"name":"wp","href":"https:\/\/api.w.org\/{rel}","templated":true}]}}