{"id":17990,"date":"2022-03-18T12:25:31","date_gmt":"2022-03-18T08:25:31","guid":{"rendered":"https:\/\/infonews.az\/?p=17990"},"modified":"2022-03-18T13:22:56","modified_gmt":"2022-03-18T09:22:56","slug":"ombudsman-yuks%c9%99lis-musabiq%c9%99si-il%c9%99-bagli-cagiris-edib","status":"publish","type":"post","link":"https:\/\/infonews.az\/?p=17990","title":{"rendered":"Ombudsman \u201cY\u00fcks\u0259li\u015f\u201d m\u00fcsabiq\u0259si il\u0259 ba\u011fl\u0131 \u00c7A\u011eIRI\u015e ED\u0130B"},"content":{"rendered":"<p><span style=\"color: #ffffff;\">Ombudsman \u201cY\u00fcks\u0259li\u015f\u201d m\u00fcsabiq\u0259si il\u0259 ba\u011fl\u0131 \u00c7A\u011eIRI\u015e ED\u0130B<\/span><\/p>\n<p><a href=\"https:\/\/infonews.az\/?p=17990\"><span style=\"color: #ff0000;\"><strong>&#8220;\u0130NFONEWS&#8221;<\/strong><\/span><\/a> x\u0259b\u0259r verir.<\/p>\n<p><strong>Az\u0259rbaycan Respublikas\u0131n\u0131n insan h\u00fcquqlar\u0131 \u00fczr\u0259 m\u00fcv\u0259kkili (ombudsman) S\u0259bin\u0259 \u018fliyeva \u201cY\u00fcks\u0259li\u015f\u201d m\u00fcsabiq\u0259si il\u0259 ba\u011fl\u0131 \u00e7a\u011f\u0131r\u0131\u015f edib.<\/strong><\/p>\n<p>\u201cY\u00fcks\u0259li\u015f\u201d m\u00fcsabiq\u0259sinin idar\u0259\u00e7i r\u0259hb\u0259rl\u0259rind\u0259n olan S\u0259bin\u0259 \u018fliyeva \u00f6z \u00e7a\u011f\u0131r\u0131\u015f\u0131nda \u00f6lk\u0259d\u0259 pe\u015f\u0259kar f\u0259aliyy\u0259t g\u00f6st\u0259r\u0259n qad\u0131n namiz\u0259dl\u0259rimizi m\u00fcsabiq\u0259d\u0259 f\u0259al i\u015ftirak etm\u0259y\u0259 s\u0259sl\u0259yib: \u201c\u0130stedadl\u0131 kadrlar\u0131n se\u00e7ilm\u0259si v\u0259 inki\u015faf etdirilm\u0259si \u00fczr\u0259 olduqca vacib bir mexanizm olan \u201cY\u00fcks\u0259li\u015f\u201d m\u00fcsabiq\u0259si, eyni zamanda, \u00f6lk\u0259 v\u0259t\u0259nda\u015flar\u0131n\u0131n d\u00f6vl\u0259tin idar\u0259 olunmas\u0131nda i\u015ftirak etm\u0259k h\u00fcququnun daha s\u0259m\u0259r\u0259li t\u0259minin\u0259 xidm\u0259t edir. \u201cY\u00fcks\u0259li\u015f\u201d m\u00fcsabiq\u0259si Az\u0259rbaycan d\u00f6vl\u0259tinin prioritet v\u0259zif\u0259l\u0259ri s\u0131ras\u0131na daxil olan insan kapital\u0131n\u0131n formala\u015fmas\u0131 v\u0259 inki\u015faf\u0131na y\u00f6n\u0259lmi\u015f \u0259n u\u011furlu layih\u0259l\u0259rd\u0259n biridir. M\u00fcsabiq\u0259d\u0259 i\u015ftirak etm\u0259kl\u0259, siz strateji d\u00fc\u015f\u00fcnm\u0259k, i\u015f icras\u0131n\u0131 t\u0259min etm\u0259k, n\u0259tic\u0259l\u0259r\u0259 y\u00f6n\u0259lm\u0259k, sosial m\u0259suliyy\u0259t, komandada i\u015fl\u0259m\u0259k v\u0259 dig\u0259r bacar\u0131qlara yiy\u0259l\u0259nirsiniz. H\u0259r bir mill\u0259tin g\u0259l\u0259c\u0259yinin formala\u015fmas\u0131nda \u0259n \u00f6n\u0259mli amill\u0259rd\u0259n biri, b\u0259lk\u0259 d\u0259 birincisi keyfiyy\u0259tli t\u0259hsildir. T\u0259hsilli bir c\u0259miyy\u0259t\u0259 sahib olmaq \u00fc\u00e7\u00fcn \u0259n vacib amil is\u0259 q\u0131zlar\u0131n sahib oldu\u011fu t\u0259hsil s\u0259viyy\u0259sidir. Bu g\u00fcn \u00f6lk\u0259mizd\u0259 yarad\u0131lan \u015f\u0259rait h\u0259r bir k\u0259sin keyfiyy\u0259tli t\u0259hsil almas\u0131na, d\u00f6vl\u0259t idar\u0259\u00e7iliyind\u0259 yax\u0131ndan i\u015ftirak etm\u0259sin\u0259 geni\u015f imkanlar yarad\u0131b. Az\u0259rbaycan Respublikas\u0131n\u0131n \u0130nsan H\u00fcquqlar\u0131 \u00fczr\u0259 M\u00fcv\u0259kkili olaraq, bir daha h\u0259r k\u0259si, x\u00fcsusil\u0259 d\u0259 g\u0259nc q\u0131zlar\u0131m\u0131z\u0131 bu m\u00fcsabiq\u0259d\u0259 f\u0259al i\u015ftirak etm\u0259y\u0259 d\u0259v\u0259t edir, n\u00f6vb\u0259ti m\u0259rh\u0259l\u0259l\u0259rd\u0259 m\u00fcsabiq\u0259 i\u015ftirak\u00e7\u0131lar\u0131na u\u011furlar arzulay\u0131ram\u201d.<\/p>\n<p>Xat\u0131rladaq ki, fevral\u0131n 17-d\u0259n etibar\u0259n ikinci \u201cY\u00fcks\u0259li\u015f\u201d m\u00fcsabiq\u0259sinin qeydiyyat m\u0259rh\u0259l\u0259sin\u0259 start verilib. Qeydiyyat mart\u0131n 31-d\u0259k davam ed\u0259c\u0259k. 21\u201351 ya\u015f aras\u0131nda olan, ali t\u0259hsilli, \u0259n az\u0131 2 il idar\u0259\u00e7ilik t\u0259cr\u00fcb\u0259sin\u0259 malik Az\u0259rbaycan Respublikas\u0131n\u0131n v\u0259t\u0259nda\u015flar\u0131 qeydiyyatdan ke\u00e7\u0259r\u0259k m\u00fcsabiq\u0259d\u0259 i\u015ftirak ed\u0259 bil\u0259r.<\/p>\n<p>Qeydiyyat \u201cY\u00fcks\u0259li\u015f\u201d m\u00fcsabiq\u0259sinin sayt\u0131 (www.yukselish.az) vasit\u0259sil\u0259 h\u0259yata ke\u00e7irilir.<\/p>\n<p>\u201cY\u00fcks\u0259li\u015f\u201d m\u00fcsabiq\u0259sinin 20 qalibini 1 il \u0259rzind\u0259 idar\u0259\u00e7i r\u0259hb\u0259rl\u0259rd\u0259n &#8211; iri \u015firk\u0259tl\u0259rin top-menecerl\u0259rind\u0259n v\u0259 d\u00f6vl\u0259t xadiml\u0259rind\u0259n f\u0259rdi karyera m\u0259sl\u0259h\u0259tl\u0259ri almaq imkan\u0131, kadr ehtiyat\u0131 bank\u0131na daxil edilm\u0259 v\u0259 20 min AZN d\u0259y\u0259rind\u0259 pul m\u00fckafat\u0131 g\u00f6zl\u0259yir.<\/p>\n<p>Qeyd ed\u0259k ki, \u201cY\u00fcks\u0259li\u015f\u201d m\u00fcsabiq\u0259si Az\u0259rbaycan Respublikas\u0131n\u0131n Prezidenti \u0130lham \u018fliyevin 2019-cu il iyulun 26-da imzalad\u0131\u011f\u0131 S\u0259r\u0259ncamla intellektual s\u0259viyy\u0259si v\u0259 idar\u0259\u00e7ilik bacar\u0131qlar\u0131 y\u00fcks\u0259k olan perspektivli r\u0259hb\u0259r \u015f\u0259xsl\u0259rin m\u00fc\u0259yy\u0259n edilm\u0259sini, d\u0259st\u0259kl\u0259nm\u0259sini v\u0259 \u00f6lk\u0259d\u0259 kadr ehtiyat\u0131 bank\u0131n\u0131n yarad\u0131lmas\u0131n\u0131 t\u0259min etm\u0259k m\u0259qs\u0259dil\u0259 t\u0259sis olunub<\/p>\n","protected":false},"excerpt":{"rendered":"<p>Ombudsman \u201cY\u00fcks\u0259li\u015f\u201d m\u00fcsabiq\u0259si il\u0259 ba\u011fl\u0131 \u00c7A\u011eIRI\u015e ED\u0130B &#8220;\u0130NFONEWS&#8221; x\u0259b\u0259r verir. Az\u0259rbaycan Respublikas\u0131n\u0131n insan h\u00fcquqlar\u0131 \u00fczr\u0259 m\u00fcv\u0259kkili (ombudsman) S\u0259bin\u0259 \u018fliyeva \u201cY\u00fcks\u0259li\u015f\u201d m\u00fcsabiq\u0259si il\u0259 ba\u011fl\u0131 \u00e7a\u011f\u0131r\u0131\u015f edib. \u201cY\u00fcks\u0259li\u015f\u201d m\u00fcsabiq\u0259sinin idar\u0259\u00e7i r\u0259hb\u0259rl\u0259rind\u0259n olan&hellip; <\/p>\n","protected":false},"author":14,"featured_media":17991,"comment_status":"open","ping_status":"open","sticky":false,"template":"","format":"standard","meta":{"_mi_skip_tracking":false,"_monsterinsights_sitenote_active":false,"_monsterinsights_sitenote_note":"","_monsterinsights_sitenote_category":0,"footnotes":""},"categories":[258,4,11],"tags":[1437,6389,437],"aioseo_notices":[],"_links":{"self":[{"href":"https:\/\/infonews.az\/index.php?rest_route=\/wp\/v2\/posts\/17990"}],"collection":[{"href":"https:\/\/infonews.az\/index.php?rest_route=\/wp\/v2\/posts"}],"about":[{"href":"https:\/\/infonews.az\/index.php?rest_route=\/wp\/v2\/types\/post"}],"author":[{"embeddable":true,"href":"https:\/\/infonews.az\/index.php?rest_route=\/wp\/v2\/users\/14"}],"replies":[{"embeddable":true,"href":"https:\/\/infonews.az\/index.php?rest_route=%2Fwp%2Fv2%2Fcomments&post=17990"}],"version-history":[{"count":1,"href":"https:\/\/infonews.az\/index.php?rest_route=\/wp\/v2\/posts\/17990\/revisions"}],"predecessor-version":[{"id":17992,"href":"https:\/\/infonews.az\/index.php?rest_route=\/wp\/v2\/posts\/17990\/revisions\/17992"}],"wp:featuredmedia":[{"embeddable":true,"href":"https:\/\/infonews.az\/index.php?rest_route=\/wp\/v2\/media\/17991"}],"wp:attachment":[{"href":"https:\/\/infonews.az\/index.php?rest_route=%2Fwp%2Fv2%2Fmedia&parent=17990"}],"wp:term":[{"taxonomy":"category","embeddable":true,"href":"https:\/\/infonews.az\/index.php?rest_route=%2Fwp%2Fv2%2Fcategories&post=17990"},{"taxonomy":"post_tag","embeddable":true,"href":"https:\/\/infonews.az\/index.php?rest_route=%2Fwp%2Fv2%2Ftags&post=17990"}],"curies":[{"name":"wp","href":"https:\/\/api.w.org\/{rel}","templated":true}]}}