{"id":17998,"date":"2022-03-18T14:25:49","date_gmt":"2022-03-18T10:25:49","guid":{"rendered":"https:\/\/infonews.az\/?p=17998"},"modified":"2022-03-18T14:25:49","modified_gmt":"2022-03-18T10:25:49","slug":"italiyada-pandemiya-m%c9%99hdudiyy%c9%99tl%c9%99ri-yumsaldilir","status":"publish","type":"post","link":"https:\/\/infonews.az\/?p=17998","title":{"rendered":"\u0130taliyada pandemiya m\u0259hdudiyy\u0259tl\u0259ri yum\u015fald\u0131l\u0131r"},"content":{"rendered":"<p class=\"content-title\"><span style=\"color: #ffffff;\">\u0130taliyada pandemiya m\u0259hdudiyy\u0259tl\u0259ri yum\u015fald\u0131l\u0131r<\/span><\/p>\n<p><a href=\"https:\/\/infonews.az\/?p=17998\"><strong><span style=\"color: #ff0000;\">&#8220;\u0130NFONEWS&#8221;<\/span><\/strong><\/a> x\u0259b\u0259r verir.<\/p>\n<blockquote><p><strong>\u0130taliyada COVID-19 infeksiyas\u0131 il\u0259 ba\u011fl\u0131 m\u0259hdudiyy\u0259tl\u0259rin yum\u015fald\u0131lmas\u0131 bar\u0259d\u0259 q\u0259rar q\u0259bul edilib.<\/strong><\/p><\/blockquote>\n<p>Bu bar\u0259d\u0259 \u0130taliyan\u0131n Ba\u015f naziri Mario Draqi deyib.<\/p>\n<p>O bildirib ki, \u0130taliyada koronavirus epidemiyas\u0131 il\u0259 ba\u011fl\u0131 x\u00fcsusi karantin rejimi mart\u0131n 31-d\u0259 ba\u015fa \u00e7atacaq. Aprelin 1-d\u0259n etibar\u0259n Nazirl\u0259r \u015euras\u0131 t\u0259r\u0259find\u0259n pandemiya il\u0259 ba\u011fl\u0131 m\u00fc\u0259yy\u0259n qaydalar m\u0259rh\u0259l\u0259li \u015f\u0259kild\u0259 l\u0259\u011fv olunacaq. Bel\u0259 ki, aprel ay\u0131ndan etibar\u0259n d\u00f6vl\u0259t idar\u0259l\u0259rind\u0259, banklarda, po\u00e7t \u015f\u00f6b\u0259l\u0259rind\u0259, ictimai n\u0259qliyyat vasit\u0259l\u0259rind\u0259 vaksin sertifikat\u0131 t\u0259l\u0259b olunmayacaq. \u0130ctimai n\u0259qliyyatda v\u0259 qapal\u0131 yerl\u0259rd\u0259 maskalardan istifad\u0259 t\u0259l\u0259bi is\u0259 davam ed\u0259c\u0259k. Stadionlar tam tama\u015fa\u00e7\u0131 tutumu il\u0259 f\u0259aliyy\u0259t g\u00f6st\u0259r\u0259c\u0259k.<\/p>\n<p>M.Draqi deyib: \u201cMart\u0131n 31-d\u0259 COVID-19 epidemiyas\u0131 il\u0259 \u0259laq\u0259dar x\u00fcsusi karantin rejimi ba\u015fa \u00e7atacaq. H\u00f6kum\u0259tin m\u0259qs\u0259di normal v\u0259ziyy\u0259t\u0259 qay\u0131tmaq, c\u0259miyy\u0259td\u0259 aktivliyin b\u0259rpas\u0131n\u0131 t\u0259min etm\u0259kdir. Nazirl\u0259r \u015euras\u0131 dem\u0259k olar ki, b\u00fct\u00fcn m\u0259hdudiyy\u0259tl\u0259rin l\u0259\u011fvini n\u0259z\u0259rd\u0259 tutan qaydalar\u0131 haz\u0131rlay\u0131b\u201d.<\/p>\n<p>Epidemiya il\u0259 m\u00fcbariz\u0259d\u0259 vaksinasiya kampaniyas\u0131n\u0131n \u0259h\u0259miyy\u0259tini qeyd ed\u0259n Ba\u015f nazir bildirib ki, t\u0259kc\u0259 peyv\u0259nd say\u0259sind\u0259 2021-ci ild\u0259 80 min\u0259d\u0259k \u00f6l\u00fcm\u00fcn qar\u015f\u0131s\u0131 al\u0131n\u0131b.<\/p>\n<p>\u0130taliyan\u0131n s\u0259hiyy\u0259 naziri Roberto Speranza is\u0259 deyib ki, q\u0259bul olunan yeni qaydalar \u00e7\u0259r\u00e7iv\u0259sind\u0259 ya\u015f\u0131 50-d\u0259n yuxar\u0131 olan \u015f\u0259xsl\u0259rin i\u015f yerin\u0259 daxil olmas\u0131 \u00fc\u00e7\u00fcn peyv\u0259nd t\u0259l\u0259bi l\u0259\u011fv olunur. Peyv\u0259nd olunmad\u0131\u011f\u0131na g\u00f6r\u0259 he\u00e7 kim i\u015fd\u0259n \u00e7\u0131xar\u0131lmayacaq.<\/p>\n<p>\u201cGimbe\u201d fondunun m\u0259lumat\u0131na g\u00f6r\u0259, \u0130taliyada son 7 g\u00fcnd\u0259 koronavirusa yoluxma hallar\u0131 36 faiz art\u0131b. Son 24 saat \u0259rzind\u0259 virusa 79 min 895 yeni yoluxma fakt\u0131 qeyd\u0259 al\u0131n\u0131b, 128 n\u0259f\u0259r koronavirusun qurban\u0131 olub.<\/p>\n<p>\u0130taliyada pandemiya d\u00f6vr\u00fcnd\u0259 virusa 13 milyon 645 min 834 yoluxma fakt\u0131 qeyd\u0259 al\u0131n\u0131b, 157 min 442 n\u0259f\u0259r \u00f6l\u00fcb.<\/p>\n","protected":false},"excerpt":{"rendered":"<p>\u0130taliyada pandemiya m\u0259hdudiyy\u0259tl\u0259ri yum\u015fald\u0131l\u0131r &#8220;\u0130NFONEWS&#8221; x\u0259b\u0259r verir. \u0130taliyada COVID-19 infeksiyas\u0131 il\u0259 ba\u011fl\u0131 m\u0259hdudiyy\u0259tl\u0259rin yum\u015fald\u0131lmas\u0131 bar\u0259d\u0259 q\u0259rar q\u0259bul edilib. Bu bar\u0259d\u0259 \u0130taliyan\u0131n Ba\u015f naziri Mario Draqi deyib. O bildirib ki, \u0130taliyada&hellip; <\/p>\n","protected":false},"author":14,"featured_media":17999,"comment_status":"open","ping_status":"open","sticky":false,"template":"","format":"standard","meta":{"_mi_skip_tracking":false,"_monsterinsights_sitenote_active":false,"_monsterinsights_sitenote_note":"","_monsterinsights_sitenote_category":0,"footnotes":""},"categories":[9,4,699,11],"tags":[135,15,1011,39],"aioseo_notices":[],"_links":{"self":[{"href":"https:\/\/infonews.az\/index.php?rest_route=\/wp\/v2\/posts\/17998"}],"collection":[{"href":"https:\/\/infonews.az\/index.php?rest_route=\/wp\/v2\/posts"}],"about":[{"href":"https:\/\/infonews.az\/index.php?rest_route=\/wp\/v2\/types\/post"}],"author":[{"embeddable":true,"href":"https:\/\/infonews.az\/index.php?rest_route=\/wp\/v2\/users\/14"}],"replies":[{"embeddable":true,"href":"https:\/\/infonews.az\/index.php?rest_route=%2Fwp%2Fv2%2Fcomments&post=17998"}],"version-history":[{"count":1,"href":"https:\/\/infonews.az\/index.php?rest_route=\/wp\/v2\/posts\/17998\/revisions"}],"predecessor-version":[{"id":18001,"href":"https:\/\/infonews.az\/index.php?rest_route=\/wp\/v2\/posts\/17998\/revisions\/18001"}],"wp:featuredmedia":[{"embeddable":true,"href":"https:\/\/infonews.az\/index.php?rest_route=\/wp\/v2\/media\/17999"}],"wp:attachment":[{"href":"https:\/\/infonews.az\/index.php?rest_route=%2Fwp%2Fv2%2Fmedia&parent=17998"}],"wp:term":[{"taxonomy":"category","embeddable":true,"href":"https:\/\/infonews.az\/index.php?rest_route=%2Fwp%2Fv2%2Fcategories&post=17998"},{"taxonomy":"post_tag","embeddable":true,"href":"https:\/\/infonews.az\/index.php?rest_route=%2Fwp%2Fv2%2Ftags&post=17998"}],"curies":[{"name":"wp","href":"https:\/\/api.w.org\/{rel}","templated":true}]}}