{"id":18207,"date":"2022-03-20T15:33:36","date_gmt":"2022-03-20T11:33:36","guid":{"rendered":"https:\/\/infonews.az\/?p=18207"},"modified":"2022-03-20T19:47:15","modified_gmt":"2022-03-20T15:47:15","slug":"asan-xidm%c9%99t-v%c9%99-asan-kommunal-m%c9%99rk%c9%99zl%c9%99rind%c9%99-martin-26-d%c9%99k-qeyri-is-gunudur","status":"publish","type":"post","link":"https:\/\/infonews.az\/?p=18207","title":{"rendered":"\u201cASAN xidm\u0259t\u201d v\u0259 \u201cASAN kommunal\u201d m\u0259rk\u0259zl\u0259rind\u0259 mart\u0131n 26-d\u0259k qeyri-i\u015f g\u00fcn\u00fcd\u00fcr"},"content":{"rendered":"<p><span style=\"color: #ffffff;\">\u201cASAN xidm\u0259t\u201d v\u0259 \u201cASAN kommunal\u201d m\u0259rk\u0259zl\u0259rind\u0259 mart\u0131n 26-d\u0259k qeyri-i\u015f g\u00fcn\u00fcd\u00fcr<\/span><\/p>\n<blockquote><p>Novruz bayram\u0131 il\u0259 \u0259laq\u0259dar mart\u0131n 20-d\u0259n 26-d\u0259k \u201cASAN xidm\u0259t\u201d v\u0259 \u201cASAN kommunal\u201d m\u0259rk\u0259zl\u0259rind\u0259 qeyri-i\u015f g\u00fcn\u00fc olacaq.<\/p><\/blockquote>\n<p>Az\u0259rbaycan Respublikas\u0131n\u0131n Prezidenti yan\u0131nda V\u0259t\u0259nda\u015flara Xidm\u0259t v\u0259 Sosial \u0130nnovasiyalar \u00fczr\u0259 D\u00f6vl\u0259t Agentliyinin \u0130ctimaiyy\u0259tl\u0259 \u0259laq\u0259l\u0259r \u015f\u00f6b\u0259sind\u0259n veril\u0259n m\u0259lumata g\u00f6r\u0259, mart\u0131n 20-d\u0259 v\u0259t\u0259nda\u015flar \u015f\u0259xsiyy\u0259t v\u0259siq\u0259l\u0259rinin v\u0259 \u00fcmumv\u0259t\u0259nda\u015f pasportlar\u0131n\u0131n verilm\u0259si v\u0259 d\u0259yi\u015fdirilm\u0259si xidm\u0259tl\u0259ri \u00fczr\u0259 yaln\u0131z haz\u0131r s\u0259n\u0259dl\u0259rin verilm\u0259si xidm\u0259tind\u0259n yararlana bil\u0259rl\u0259r.<\/p>\n<p>Mart\u0131n 27-d\u0259n etibar\u0259n is\u0259 v\u0259t\u0259nda\u015flar m\u0259rk\u0259zl\u0259r\u0259 m\u00fcraci\u0259t etm\u0259kl\u0259 m\u00fcvafiq xidm\u0259tl\u0259rd\u0259n yararlana bil\u0259rl\u0259r.<\/p>\n<p>&#8220;ASAN kommunal&#8221; m\u0259rk\u0259zl\u0259rind\u0259 bazar g\u00fcn\u00fc qeyri-i\u015f g\u00fcn\u00fcd\u00fcr.<\/p>\n<p><a href=\"https:\/\/infonews.az\/\"><span style=\"color: #ff0000;\"><strong>&#8220;\u0130NFONEWS&#8221;<\/strong><\/span><\/a><\/p>\n","protected":false},"excerpt":{"rendered":"<p>\u201cASAN xidm\u0259t\u201d v\u0259 \u201cASAN kommunal\u201d m\u0259rk\u0259zl\u0259rind\u0259 mart\u0131n 26-d\u0259k qeyri-i\u015f g\u00fcn\u00fcd\u00fcr Novruz bayram\u0131 il\u0259 \u0259laq\u0259dar mart\u0131n 20-d\u0259n 26-d\u0259k \u201cASAN xidm\u0259t\u201d v\u0259 \u201cASAN kommunal\u201d m\u0259rk\u0259zl\u0259rind\u0259 qeyri-i\u015f g\u00fcn\u00fc olacaq. Az\u0259rbaycan Respublikas\u0131n\u0131n Prezidenti yan\u0131nda&hellip; <\/p>\n","protected":false},"author":3,"featured_media":18208,"comment_status":"open","ping_status":"open","sticky":false,"template":"","format":"standard","meta":{"_mi_skip_tracking":false,"_monsterinsights_sitenote_active":false,"_monsterinsights_sitenote_note":"","_monsterinsights_sitenote_category":0,"footnotes":""},"categories":[5373,11],"tags":[6417,6418,3744,5332],"aioseo_notices":[],"_links":{"self":[{"href":"https:\/\/infonews.az\/index.php?rest_route=\/wp\/v2\/posts\/18207"}],"collection":[{"href":"https:\/\/infonews.az\/index.php?rest_route=\/wp\/v2\/posts"}],"about":[{"href":"https:\/\/infonews.az\/index.php?rest_route=\/wp\/v2\/types\/post"}],"author":[{"embeddable":true,"href":"https:\/\/infonews.az\/index.php?rest_route=\/wp\/v2\/users\/3"}],"replies":[{"embeddable":true,"href":"https:\/\/infonews.az\/index.php?rest_route=%2Fwp%2Fv2%2Fcomments&post=18207"}],"version-history":[{"count":1,"href":"https:\/\/infonews.az\/index.php?rest_route=\/wp\/v2\/posts\/18207\/revisions"}],"predecessor-version":[{"id":18209,"href":"https:\/\/infonews.az\/index.php?rest_route=\/wp\/v2\/posts\/18207\/revisions\/18209"}],"wp:featuredmedia":[{"embeddable":true,"href":"https:\/\/infonews.az\/index.php?rest_route=\/wp\/v2\/media\/18208"}],"wp:attachment":[{"href":"https:\/\/infonews.az\/index.php?rest_route=%2Fwp%2Fv2%2Fmedia&parent=18207"}],"wp:term":[{"taxonomy":"category","embeddable":true,"href":"https:\/\/infonews.az\/index.php?rest_route=%2Fwp%2Fv2%2Fcategories&post=18207"},{"taxonomy":"post_tag","embeddable":true,"href":"https:\/\/infonews.az\/index.php?rest_route=%2Fwp%2Fv2%2Ftags&post=18207"}],"curies":[{"name":"wp","href":"https:\/\/api.w.org\/{rel}","templated":true}]}}