{"id":18371,"date":"2022-03-22T16:36:59","date_gmt":"2022-03-22T12:36:59","guid":{"rendered":"https:\/\/infonews.az\/?p=18371"},"modified":"2022-03-22T16:36:59","modified_gmt":"2022-03-22T12:36:59","slug":"zelenski-xalqa-muraci%c9%99t-etdi-dusm%c9%99n-ucun-c%c9%99tin-olacaq","status":"publish","type":"post","link":"https:\/\/infonews.az\/?p=18371","title":{"rendered":"Zelenski xalqa m\u00fcraci\u0259t etdi: &#8211; D\u00fc\u015fm\u0259n \u00fc\u00e7\u00fcn \u00e7\u0259tin olacaq"},"content":{"rendered":"<p><span style=\"color: #ffffff\">Zelenski xalqa m\u00fcraci\u0259t etdi:\u00a0&#8211; D\u00fc\u015fm\u0259n \u00fc\u00e7\u00fcn \u00e7\u0259tin olacaq<\/span><\/p>\n<blockquote><p><a href=\"https:\/\/infonews.az\">\u0130NFONEWS<\/a> x\u0259b\u0259r verir ki, Ukrayna Prezidenti Volodimir Zelenski xalqa m\u00fcraci\u0259t edib.<\/p>\n<p>Zelenski Ukrayna \u015f\u0259h\u0259rl\u0259rinin b\u00fct\u00fcn sakinl\u0259rin\u0259 i\u015f\u011fal\u00e7\u0131lara qar\u015f\u0131 m\u00fcbariz\u0259 aparma\u011fa \u00e7a\u011f\u0131r\u0131\u015f edib.<\/p><\/blockquote>\n<p>\u201cB\u00f6y\u00fck Ukraynan\u0131n b\u00f6y\u00fck xalq\u0131! M\u0259n ayr\u0131-ayr\u0131l\u0131qda b\u00fct\u00fcn Ukrayna \u015f\u0259h\u0259rl\u0259rin\u0259 v\u0259 bu \u015f\u0259h\u0259rl\u0259rin c\u0259sur sakinl\u0259rin\u0259 m\u00fcraci\u0259t etm\u0259k ist\u0259yir\u0259m. Ukraynan\u0131n c\u0259nubunda g\u00fcn\u0259\u015f tank \u00fcst\u00fcnd\u0259ki t\u0259sad\u00fcfi \u201cturistl\u0259r\u201d\u00a0\u00fc\u00e7\u00fcn deyil, yaln\u0131z arzulolunan qonaqlar \u00fc\u00e7\u00fcn parlay\u0131r.<\/p>\n<p>Bu g\u00fcn Xersonda qullar\u0131n azad insanlara nec\u0259 at\u0259\u015f a\u00e7d\u0131\u011f\u0131n\u0131 g\u00f6rd\u00fck. O qullar ki, t\u0259bli\u011fat \u015f\u00fcurlar\u0131n\u0131 d\u0259yi\u015fib.<\/p>\n<p>Rusiyan\u0131n g\u00f6nd\u0259rdiyi bu qullar he\u00e7 vaxt meydanlarda, k\u00fc\u00e7\u0259l\u0259rd\u0259 bu q\u0259d\u0259r azad insan g\u00f6rm\u0259mi\u015fdil\u0259r. Onlardan v\u0259 \u0259ll\u0259rind\u0259ki silahlardan qorxmayan minl\u0259rl\u0259 insan g\u00f6rm\u0259mi\u015fdil\u0259r. Qullar azadl\u0131\u011f\u0131\u00a0v\u0259h\u015filik, t\u0259hl\u00fck\u0259 kimi q\u0259bul etdil\u0259r.\u00a0Onlarda qorxu var. Hans\u0131 ki, bu qorxunu t\u0259bli\u011fat\u00e7\u0131lar nifr\u0259t\u0259 \u00e7evir\u0259 bilirl\u0259r.\u00a0V\u0259 sonra dinc, azad insanlara at\u0259\u015f a\u00e7\u0131rlar\u201d.<\/p>\n<p>Ukrayna Prezidenti \u0259lav\u0259 edib ki, Xersondak\u0131 bu kadrlar\u0131 he\u00e7 vaxt unutmayacaqlar:<\/p>\n<p>\u201cD\u00f6vl\u0259timizin 40 milyon ukraynal\u0131s\u0131, d\u00fcnyada milyonlarla ukraynal\u0131\u00a0d\u00fc\u015fm\u0259n\u0259 qar\u015f\u0131 nec\u0259 m\u00fcbariz\u0259 apard\u0131\u011f\u0131n\u0131z\u0131 g\u00f6rd\u00fc. Biz ham\u0131m\u0131z azadl\u0131\u011f\u0131n\u0131z\u0131 nec\u0259 geri qaytarmaq ist\u0259diyinizi g\u00f6rd\u00fck. D\u00fc\u015fm\u0259n \u00fc\u00e7\u00fcn \u00e7\u0259tin olacaq\u201d.<\/p>\n<p><strong>\u00a9 Materiallardan istifad\u0259 ed\u0259rk\u0259n hiperlinkl\u0259 istinad olunmal\u0131d\u0131r<\/strong><\/p>\n","protected":false},"excerpt":{"rendered":"<p>Zelenski xalqa m\u00fcraci\u0259t etdi:\u00a0&#8211; D\u00fc\u015fm\u0259n \u00fc\u00e7\u00fcn \u00e7\u0259tin olacaq \u0130NFONEWS x\u0259b\u0259r verir ki, Ukrayna Prezidenti Volodimir Zelenski xalqa m\u00fcraci\u0259t edib. Zelenski Ukrayna \u015f\u0259h\u0259rl\u0259rinin b\u00fct\u00fcn sakinl\u0259rin\u0259 i\u015f\u011fal\u00e7\u0131lara qar\u015f\u0131 m\u00fcbariz\u0259 aparma\u011fa \u00e7a\u011f\u0131r\u0131\u015f edib.&hellip; <\/p>\n","protected":false},"author":14,"featured_media":18372,"comment_status":"open","ping_status":"open","sticky":false,"template":"","format":"standard","meta":{"_mi_skip_tracking":false,"_monsterinsights_sitenote_active":false,"_monsterinsights_sitenote_note":"","_monsterinsights_sitenote_category":0,"footnotes":""},"categories":[9],"tags":[6083,6192,143,172],"aioseo_notices":[],"_links":{"self":[{"href":"https:\/\/infonews.az\/index.php?rest_route=\/wp\/v2\/posts\/18371"}],"collection":[{"href":"https:\/\/infonews.az\/index.php?rest_route=\/wp\/v2\/posts"}],"about":[{"href":"https:\/\/infonews.az\/index.php?rest_route=\/wp\/v2\/types\/post"}],"author":[{"embeddable":true,"href":"https:\/\/infonews.az\/index.php?rest_route=\/wp\/v2\/users\/14"}],"replies":[{"embeddable":true,"href":"https:\/\/infonews.az\/index.php?rest_route=%2Fwp%2Fv2%2Fcomments&post=18371"}],"version-history":[{"count":1,"href":"https:\/\/infonews.az\/index.php?rest_route=\/wp\/v2\/posts\/18371\/revisions"}],"predecessor-version":[{"id":18373,"href":"https:\/\/infonews.az\/index.php?rest_route=\/wp\/v2\/posts\/18371\/revisions\/18373"}],"wp:featuredmedia":[{"embeddable":true,"href":"https:\/\/infonews.az\/index.php?rest_route=\/wp\/v2\/media\/18372"}],"wp:attachment":[{"href":"https:\/\/infonews.az\/index.php?rest_route=%2Fwp%2Fv2%2Fmedia&parent=18371"}],"wp:term":[{"taxonomy":"category","embeddable":true,"href":"https:\/\/infonews.az\/index.php?rest_route=%2Fwp%2Fv2%2Fcategories&post=18371"},{"taxonomy":"post_tag","embeddable":true,"href":"https:\/\/infonews.az\/index.php?rest_route=%2Fwp%2Fv2%2Ftags&post=18371"}],"curies":[{"name":"wp","href":"https:\/\/api.w.org\/{rel}","templated":true}]}}