{"id":18374,"date":"2022-03-22T16:41:23","date_gmt":"2022-03-22T12:41:23","guid":{"rendered":"https:\/\/infonews.az\/?p=18374"},"modified":"2022-03-22T16:42:22","modified_gmt":"2022-03-22T12:42:22","slug":"abs-mus%c9%99lmanlarin-soyqirimini-tanidi","status":"publish","type":"post","link":"https:\/\/infonews.az\/?p=18374","title":{"rendered":"AB\u015e m\u00fcs\u0259lmanlar\u0131n soyq\u0131r\u0131m\u0131n\u0131 tan\u0131d\u0131"},"content":{"rendered":"<p><span style=\"color: #ffffff\">AB\u015e m\u00fcs\u0259lmanlar\u0131n soyq\u0131r\u0131m\u0131n\u0131 tan\u0131d\u0131<\/span><\/p>\n<blockquote><p><a href=\"https:\/\/infonews.az\">\u0130NFONEWS<\/a> x\u0259b\u0259r verir ki,AB\u015e d\u00f6vl\u0259t katibi Entoni Blinken Myanma ordusunun Rohinca xalq\u0131na qar\u015f\u0131 soyq\u0131r\u0131m v\u0259 insanl\u0131\u011fa qar\u015f\u0131 cinay\u0259tl\u0259r t\u00f6r\u0259tdiyi q\u0259na\u0259tin\u0259 g\u0259lib.<\/p>\n<p>\u201cAB\u015e Holokostdan \u0259lav\u0259 yeddi soyq\u0131r\u0131m\u0131n\u0131 tan\u0131y\u0131b. Bu da s\u0259kkizincisidir. Birma silahl\u0131 q\u00fcvv\u0259l\u0259rinin \u00fczvl\u0259ri Rohincalara qar\u015f\u0131 soyq\u0131r\u0131m v\u0259 insanl\u0131\u011fa qar\u015f\u0131 cinay\u0259tl\u0259r t\u00f6r\u0259dibl\u0259r\u201d, &#8211; dey\u0259 Blinken bildirib.<\/p><\/blockquote>\n<p>O, \u00e7oxsayl\u0131 misallar g\u0259tir\u0259r\u0259k Myanma h\u0259rb\u00e7il\u0259rini Rohincalara qar\u015f\u0131 q\u0131r\u011f\u0131nlarda, k\u0259ndl\u0259rini da\u011f\u0131d\u0131b, sakinl\u0259r\u0259 i\u015fg\u0259nc\u0259 verm\u0259kd\u0259, zorlamaqda ittiham edib.<\/p>\n<p>Blinken, h\u0259m\u00e7inin onillikl\u0259r \u0259rzind\u0259 Rohincalar\u0131n h\u00fcquqlar\u0131n m\u0259hdudla\u015fd\u0131r\u0131lmas\u0131, ayr\u0131-se\u00e7kilik, ana dilind\u0259 televiziya v\u0259 radio yay\u0131m\u0131n\u0131n dayand\u0131r\u0131lmas\u0131ndan da dan\u0131\u015f\u0131b.<\/p>\n<p>Qeyd ed\u0259k ki, Rohincalar Myanman\u0131n Rakhayn \u0259yal\u0259tind\u0259 ya\u015fayan m\u00fcs\u0259lman etnik benqallard\u0131r. Onlar 19-cu \u0259srin sonu v\u0259 20-ci \u0259srin \u0259vv\u0259ll\u0259rind\u0259 Britaniya m\u00fcst\u0259ml\u0259k\u0259\u00e7i hakimiyy\u0259ti t\u0259r\u0259find\u0259n oraya k\u00f6\u00e7\u00fcr\u00fclm\u00fc\u015f benqallar\u0131n n\u0259sill\u0259ridir. Rohincalar\u0131n \u0259ks\u0259riyy\u0259tinin Myanma v\u0259t\u0259nda\u015fl\u0131\u011f\u0131 yoxdur. Bel\u0259 ki, onlar 100 ild\u0259n \u00e7ox Rakhayn \u0259yal\u0259tind\u0259 ya\u015famalar\u0131na baxmayaraq, bu \u00f6lk\u0259d\u0259 qeyri-qanuni miqrant say\u0131l\u0131rlar.<\/p>\n<p>Rohincalar\u0131n Myanmadan qa\u00e7\u0131\u015f\u0131 2012-ci ild\u0259 b\u00f6lg\u0259nin yerli sakinl\u0259ri il\u0259 dini v\u0259 etnik z\u0259mind\u0259 toqqu\u015fmalardan sonra ba\u015flay\u0131b. 2017-ci ild\u0259 700.000-d\u0259n \u00e7ox Rohinca Rakhayn \u0259yal\u0259tini t\u0259rk ed\u0259r\u0259k h\u0259l\u0259 d\u0259 qa\u00e7q\u0131n d\u00fc\u015f\u0259rg\u0259l\u0259rind\u0259 ya\u015fad\u0131qlar\u0131 Banqlade\u015f\u0259 p\u0259nah apar\u0131blar.<\/p>\n<p><strong>\u00a9 Materiallardan istifad\u0259 ed\u0259rk\u0259n hiperlinkl\u0259 istinad olunmal\u0131d\u0131r<\/strong><\/p>\n","protected":false},"excerpt":{"rendered":"<p>AB\u015e m\u00fcs\u0259lmanlar\u0131n soyq\u0131r\u0131m\u0131n\u0131 tan\u0131d\u0131 \u0130NFONEWS x\u0259b\u0259r verir ki,AB\u015e d\u00f6vl\u0259t katibi Entoni Blinken Myanma ordusunun Rohinca xalq\u0131na qar\u015f\u0131 soyq\u0131r\u0131m v\u0259 insanl\u0131\u011fa qar\u015f\u0131 cinay\u0259tl\u0259r t\u00f6r\u0259tdiyi q\u0259na\u0259tin\u0259 g\u0259lib. \u201cAB\u015e Holokostdan \u0259lav\u0259 yeddi soyq\u0131r\u0131m\u0131n\u0131&hellip; <\/p>\n","protected":false},"author":14,"featured_media":18375,"comment_status":"open","ping_status":"open","sticky":false,"template":"","format":"standard","meta":{"_mi_skip_tracking":false,"_monsterinsights_sitenote_active":false,"_monsterinsights_sitenote_note":"","_monsterinsights_sitenote_category":0,"footnotes":""},"categories":[9,4],"tags":[153,4702,3985],"aioseo_notices":[],"_links":{"self":[{"href":"https:\/\/infonews.az\/index.php?rest_route=\/wp\/v2\/posts\/18374"}],"collection":[{"href":"https:\/\/infonews.az\/index.php?rest_route=\/wp\/v2\/posts"}],"about":[{"href":"https:\/\/infonews.az\/index.php?rest_route=\/wp\/v2\/types\/post"}],"author":[{"embeddable":true,"href":"https:\/\/infonews.az\/index.php?rest_route=\/wp\/v2\/users\/14"}],"replies":[{"embeddable":true,"href":"https:\/\/infonews.az\/index.php?rest_route=%2Fwp%2Fv2%2Fcomments&post=18374"}],"version-history":[{"count":2,"href":"https:\/\/infonews.az\/index.php?rest_route=\/wp\/v2\/posts\/18374\/revisions"}],"predecessor-version":[{"id":18377,"href":"https:\/\/infonews.az\/index.php?rest_route=\/wp\/v2\/posts\/18374\/revisions\/18377"}],"wp:featuredmedia":[{"embeddable":true,"href":"https:\/\/infonews.az\/index.php?rest_route=\/wp\/v2\/media\/18375"}],"wp:attachment":[{"href":"https:\/\/infonews.az\/index.php?rest_route=%2Fwp%2Fv2%2Fmedia&parent=18374"}],"wp:term":[{"taxonomy":"category","embeddable":true,"href":"https:\/\/infonews.az\/index.php?rest_route=%2Fwp%2Fv2%2Fcategories&post=18374"},{"taxonomy":"post_tag","embeddable":true,"href":"https:\/\/infonews.az\/index.php?rest_route=%2Fwp%2Fv2%2Ftags&post=18374"}],"curies":[{"name":"wp","href":"https:\/\/api.w.org\/{rel}","templated":true}]}}